{"id":1919,"date":"2022-10-22T08:29:30","date_gmt":"2022-10-22T06:29:30","guid":{"rendered":"https:\/\/www.fcgueugnon.fr\/site\/?p=1919"},"modified":"2023-05-13T13:10:41","modified_gmt":"2023-05-13T11:10:41","slug":"n3-j06-besancon-foot-fc-gueugnon-un-deplacement-pour-faire-fructifier-lembellie-et-le-travail-engage","status":"publish","type":"post","link":"https:\/\/www.fcgueugnon.fr\/site\/n3-j06-besancon-foot-fc-gueugnon-un-deplacement-pour-faire-fructifier-lembellie-et-le-travail-engage\/1919","title":{"rendered":"[N3 J06 : Besan\u00e7on Foot &#8211; FC Gueugnon] Un d\u00e9placement pour faire fructifier l&#8217;embellie et le travail engag\u00e9 !"},"content":{"rendered":"\n<h2 class=\"wp-block-heading\"><strong>C&rsquo;est le retour du championnat de N3 pour nos forgerons qui se d\u00e9placent ce dimanche \u00e0 L\u00e9o Lagrange afin d&rsquo;y affronter le Besan\u00e7on Football.<\/strong><\/h2>\n\n\n\n<div style=\"height:70px\" aria-hidden=\"true\" class=\"wp-block-spacer\"><\/div>\n\n\n\n<div class=\"wp-block-getwid-image-box getwid-animation has-text-center has-mobile-layout-default has-mobile-alignment-center\" data-animation=\"zoomSmall\"><div class=\"wp-block-getwid-image-box__image-container is-position-top\"><div class=\"wp-block-getwid-image-box__image-wrapper\"><img loading=\"lazy\" decoding=\"async\" width=\"1024\" height=\"683\" src=\"https:\/\/www.fcgueugnon.fr\/site\/wp-content\/uploads\/2022\/10\/entrainement-fc-gueugnon-a-jean-laville-1024x683.jpg\" alt=\"\" class=\"wp-block-getwid-image-box__image wp-image-1930\" srcset=\"https:\/\/www.fcgueugnon.fr\/site\/wp-content\/uploads\/2022\/10\/entrainement-fc-gueugnon-a-jean-laville-1024x683.jpg 1024w, https:\/\/www.fcgueugnon.fr\/site\/wp-content\/uploads\/2022\/10\/entrainement-fc-gueugnon-a-jean-laville-400x267.jpg 400w, https:\/\/www.fcgueugnon.fr\/site\/wp-content\/uploads\/2022\/10\/entrainement-fc-gueugnon-a-jean-laville-768x512.jpg 768w, https:\/\/www.fcgueugnon.fr\/site\/wp-content\/uploads\/2022\/10\/entrainement-fc-gueugnon-a-jean-laville-1536x1024.jpg 1536w, https:\/\/www.fcgueugnon.fr\/site\/wp-content\/uploads\/2022\/10\/entrainement-fc-gueugnon-a-jean-laville-1320x880.jpg 1320w, https:\/\/www.fcgueugnon.fr\/site\/wp-content\/uploads\/2022\/10\/entrainement-fc-gueugnon-a-jean-laville.jpg 1600w\" sizes=\"auto, (max-width: 1024px) 100vw, 1024px\" \/><\/div><\/div><div class=\"wp-block-getwid-image-box__content\">\n<h3 class=\"wp-block-heading\"><\/h3>\n\n\n\n<p><\/p>\n<\/div><\/div>\n\n\n\n<div style=\"height:70px\" aria-hidden=\"true\" class=\"wp-block-spacer\"><\/div>\n\n\n\n<h3 class=\"wp-block-heading\">\ud83c\udd9a <em><strong>L&rsquo;adversaire <\/strong><\/em><\/h3>\n\n\n\n<p>Entrain\u00e9 depuis la saison dernier par <strong>Benoit Pansier<\/strong>, le <strong>Besan\u00e7on Foot <\/strong>poursuit son \u00e9volution bousculant le football bisontin et r\u00e9gional. Avec des r\u00e9sultats probants \u00e0 l&rsquo;image de la 5e place au classement final de la saison derni\u00e8re, les doubistes ont connu du mouvement \u00e0 l&rsquo;intersaison. Cela s&rsquo;est traduit par une pr\u00e9paration marqu\u00e9e par 4 d\u00e9faites en 6 rencontres&#8230; Et cette statistique invoqu\u00e9e par le coach pour justifier cela : \u00ab <em>avec 75 % de nouveaux joueurs, c\u2019est dur de faire prendre la mayonnaise&nbsp;!<\/em> \u00bb<\/p>\n\n\n\n<p>Paradoxalement, le BF a bien d\u00e9marr\u00e9 son championnat en l&#8217;emportant face \u00e0 <strong>Montceau <\/strong>(2-1) et <strong>Grandvillars<\/strong> malgr\u00e9 une inf\u00e9riorit\u00e9 num\u00e9rique d\u00e8s la 7e minute (1-3) ! La suite a \u00e9t\u00e9 moins bonne face \u00e0 2 poids-lourds du championnat en la personne du <strong>DFCO B<\/strong> (0-2) et le <strong>Jura Dolois <\/strong>(5-3) avant de s&rsquo;incliner \u00e0 nouveau \u00e0 domicile face \u00e0 <strong>Is-Selongey <\/strong>(1-2). Et la coupe de France n&rsquo;a pas redonn\u00e9 le sourire avec une \u00e9limination au 5eme tour \u00e0 10 contre 11 par l&rsquo;<strong>UCS Cosne<\/strong> (1-2). <\/p>\n\n\n\n<p>Si l&rsquo;Est R\u00e9publicain \u00e9voquait une \u00e9quipe \u00ab<em> qui inqui\u00e8te<\/em>&nbsp;\u00bb dans ses colonnes, gare \u00e0 l\u2019animal bless\u00e9 dans son antre ce dimanche !<\/p>\n\n\n\n<p>Site internet du Besan\u00e7on Foot : <a href=\"https:\/\/www.besanconfoot.com\/\" target=\"_blank\" rel=\"noreferrer noopener\">www.besanconfoot.com<\/a><\/p>\n\n\n\n<div style=\"height:70px\" aria-hidden=\"true\" class=\"wp-block-spacer\"><\/div>\n\n\n\n<h3 class=\"wp-block-heading\">\ud83d\udce3 <em><strong>La d\u00e9cla&rsquo;<\/strong><\/em><\/h3>\n\n\n\n<blockquote class=\"wp-block-quote is-style-default is-layout-flow wp-block-quote-is-layout-flow\"><p>\u00ab Oui, il va falloir confirmer contre Besan\u00e7on, c&rsquo;est tr\u00e8s important pour la suite. &nbsp;\u00bb<\/p><cite><strong><em>Philippe CORREIA <\/em><\/strong>(Entraineur)<\/cite><\/blockquote>\n\n\n\n<div style=\"height:70px\" aria-hidden=\"true\" class=\"wp-block-spacer\"><\/div>\n\n\n\n<h3 class=\"wp-block-heading\">\ud83d\udfe1\ud83d\udd35 <em><strong>Le FC Gueugnon<\/strong><\/em><\/h3>\n\n\n\n<p>Distanc\u00e9s avec un match en retard, les gueugnonnais pointent d\u00e9sormais \u00e0 3 points du milieu de tableau et 7 des 3 co-leaders. Une situation incoh\u00e9rente et un r\u00e9veil attendu ce dimanche en cl\u00f4ture de la 6e journ\u00e9e de N3. <\/p>\n\n\n\n<p>Les forgerons ont pu profiter de la Coupe de France afin d&rsquo;engranger du temps de jeu et de la confiance en s&rsquo;imposant chez les R1 de <strong>Chalon-sur-Sa\u00f4ne <\/strong>et <strong>Saint Sernin du Bois <\/strong>avant une qualification plein de maitrise contre <strong>Morteau-Montlebon<\/strong> (<a href=\"https:\/\/www.fcgueugnon.fr\/site\/tag\/resultat\" target=\"_blank\" rel=\"noreferrer noopener\">voir les r\u00e9sultats<\/a>). <\/p>\n\n\n\n<p>Une satisfaction pour <strong>Philippe Correia<\/strong> qui \u00e9voquait un dernier match abouti :<em> \u00ab&nbsp;on a \u00e9t\u00e9 tr\u00e8s efficace sur nos 2 premi\u00e8res occasions. On marque et on ne prend pas de but. L\u2019\u00e9quipe est dans un tr\u00e8s bon \u00e9tat d\u2019esprit et c&rsquo;est tr\u00e8s bien pour se racheter en championnat&#8230;&nbsp;\u00bb<\/em><\/p>\n\n\n\n<p>De la m\u00e9thode Cou\u00e9 qui se traduit dans les faits comme l&rsquo;\u00e9voque <strong>Jason Luanda<\/strong> : <strong>\u00ab&nbsp;<\/strong><em>Depuis 3 semaines je pense qu&rsquo;on fait des matchs r\u00e9f\u00e9rences, que l&rsquo;on est de plus en plus solidaires entre nous et que \u00e7a se voit sur le terrain. <\/em>\u00bb <\/p>\n\n\n\n<p>Un r\u00e9veil attendu donc, d\u00e8s ce week-end pour des forgerons qui ont toutes les cartes en main pour se transcender&#8230;<\/p>\n\n\n\n<div style=\"height:70px\" aria-hidden=\"true\" class=\"wp-block-spacer\"><\/div>\n\n\n\n<hr class=\"wp-block-separator has-text-color has-css-opacity has-background is-style-default\" style=\"background-color:#f7db4a;color:#f7db4a\"\/>\n\n\n\n<div style=\"height:25px\" aria-hidden=\"true\" class=\"wp-block-spacer\"><\/div>\n\n\n\n<div class=\"wp-block-media-text alignwide is-stacked-on-mobile is-vertically-aligned-center is-style-default\" style=\"grid-template-columns:49% auto\"><figure class=\"wp-block-media-text__media\"><img loading=\"lazy\" decoding=\"async\" width=\"1024\" height=\"538\" src=\"https:\/\/www.fcgueugnon.fr\/site\/wp-content\/uploads\/2022\/08\/post-facebook-FCG-1024x538.png\" alt=\"\" class=\"wp-image-930 size-full\" srcset=\"https:\/\/www.fcgueugnon.fr\/site\/wp-content\/uploads\/2022\/08\/post-facebook-FCG-1024x538.png 1024w, https:\/\/www.fcgueugnon.fr\/site\/wp-content\/uploads\/2022\/08\/post-facebook-FCG-400x210.png 400w, https:\/\/www.fcgueugnon.fr\/site\/wp-content\/uploads\/2022\/08\/post-facebook-FCG-768x403.png 768w, https:\/\/www.fcgueugnon.fr\/site\/wp-content\/uploads\/2022\/08\/post-facebook-FCG.png 1200w\" sizes=\"auto, (max-width: 1024px) 100vw, 1024px\" \/><\/figure><div class=\"wp-block-media-text__content\">\n<h2 class=\"wp-block-heading\">C&rsquo;est en covoiturant qu&rsquo;on devient Forgeron ! <\/h2>\n\n\n\n<div style=\"height:10px\" aria-hidden=\"true\" class=\"wp-block-spacer\"><\/div>\n\n\n\n<p><strong>Rendez-vous sur l&rsquo;application et le site internet de StadiumGO pour proposer et trouver votre trajet pour vous rendre \u00e0 Gueugnon !<\/strong><\/p>\n\n\n\n<div class=\"wp-block-buttons is-layout-flex wp-block-buttons-is-layout-flex\">\n<div class=\"wp-block-button aligncenter is-style-circular\"><a class=\"wp-block-button__link\" href=\"https:\/\/www.stadiumgo.fr\/liste-matchs?search=1&amp;club=gueugnon&amp;league=\">StadiumGO<\/a><\/div>\n<\/div>\n<\/div><\/div>\n\n\n\n<div style=\"height:70px\" aria-hidden=\"true\" class=\"wp-block-spacer\"><\/div>\n\n\n\n<hr class=\"wp-block-separator has-text-color has-css-opacity has-background is-style-default\" style=\"background-color:#f7db4a;color:#f7db4a\"\/>\n\n\n\n<h3 class=\"wp-block-heading\">\u26bd <strong><em>La fiche<\/em><\/strong><\/h3>\n\n\n\n<h4 class=\"wp-block-heading\"><b>NIVEAU NATIONAL : F\u00c9D\u00c9RATION&nbsp;FRAN\u00c7AISE&nbsp;DE FOOTBALL<\/b><br><strong><b>NATIONAL 3 &#8211; J06<\/b><\/strong><br>Dimanche 23 Octobre 2022 &#8211; 15H00<br>BESAN\u00c7ON FOOT \/ FC GUEUGNON<\/h4>\n\n\n\n<p><strong>TERRAIN<\/strong><br>STADE L\u00c9O LAGRANGE 1<br>AVENUE LEO LAGRANGE<br>25000 &#8211; BESANCON<\/p>\n\n\n\n<p><strong>SURFACE DE JEU<\/strong><br>Pelouse naturelle<\/p>\n\n\n\n<p><strong>OFFICIELS<\/strong><br>Arbitre centre : CHAKIB NEGHLIZ<br>Arbitre assistant 1 : CYRILLE REMOND<br>Arbitre assistant 2 : FABRICE SIMARD<br>D\u00e9l\u00e9gu\u00e9 principal : MESSAOUD BOUTEFFAS<br>D\u00e9l\u00e9gu\u00e9 accompagnateur : DOMINIQUE COUTOT<br>Observateur principal : DIDIER VINCENT<\/p>\n\n\n\n<div style=\"height:50px\" aria-hidden=\"true\" class=\"wp-block-spacer\"><\/div>\n\n\n\n<h3 class=\"wp-block-heading\"><strong>Groupe<\/strong><\/h3>\n\n\n\n<p>Njock &#8211; Houla &#8211; Chauvet &#8211; Delclaux &#8211; Mahla &#8211; Fahrasmane &#8211; Mustivar &#8211; Ketterle &#8211; Brossard &#8211; Mohamed &#8211; Diallo &#8211; Salibur &#8211; Bouekou &#8211; Luanda &#8211; Dram\u00e9 &#8211; Mvondo<\/p>\n\n\n\n<div style=\"height:50px\" aria-hidden=\"true\" class=\"wp-block-spacer\"><\/div>\n\n\n\n<h3 class=\"wp-block-heading\">\ud83d\uddd3 <strong>La 6e journ\u00e9e de National 3<\/strong><\/h3>\n\n\n\n<p>Samedi 22 Octobre 2022<br>18:00 : FC Grandvillars &#8211; AS Quetigny<br>18:00 : FC Montceau &#8211; Saint Apollinaire<br>18:00 : USC Cosne &#8211; Morteau-Montlebon<br>18:00 : Jura Dolois &#8211; Sochaux-Montb\u00e9liard B<br>18:00 : Is-Selongey &#8211; UF M\u00e2con<\/p>\n\n\n\n<p>Dimanche 23 Octobre 2022<br>15:00 : Djon FCO B &#8211; CA Pontarlier<br>15:00 : Besan\u00e7on Foot &#8211; FC Gueugnon<\/p>\n\n\n\n<div style=\"height:100px\" aria-hidden=\"true\" class=\"wp-block-spacer\"><\/div>\n","protected":false},"excerpt":{"rendered":"<p>C&rsquo;est le retour du championnat de N3 pour nos forgerons qui se d\u00e9placent ce dimanche \u00e0 L\u00e9o Lagrange afin d&rsquo;y affronter le Besan\u00e7on Football. \ud83c\udd9a L&rsquo;adversaire Entrain\u00e9 depuis la saison dernier par Benoit Pansier, le Besan\u00e7on Foot poursuit son \u00e9volution bousculant le football bisontin et r\u00e9gional. Avec des r\u00e9sultats probants \u00e0 l&rsquo;image de la 5e &#8230; <\/p>\n<p class=\"read-more-container\"><a title=\"[N3 J06 : Besan\u00e7on Foot &#8211; FC Gueugnon] Un d\u00e9placement pour faire fructifier l&#8217;embellie et le travail engag\u00e9 !\" class=\"read-more button\" href=\"https:\/\/www.fcgueugnon.fr\/site\/n3-j06-besancon-foot-fc-gueugnon-un-deplacement-pour-faire-fructifier-lembellie-et-le-travail-engage\/1919#more-1919\" aria-label=\"Plus sur [N3 J06 : Besan\u00e7on Foot &#8211; FC Gueugnon] Un d\u00e9placement pour faire fructifier l&#8217;embellie et le travail engag\u00e9 !\">Lire la suite<\/a><\/p>\n","protected":false},"author":1,"featured_media":1927,"comment_status":"closed","ping_status":"closed","sticky":false,"template":"","format":"standard","meta":{"footnotes":""},"categories":[5,4],"tags":[28],"class_list":["post-1919","post","type-post","status-publish","format-standard","has-post-thumbnail","hentry","category-news-2022-2023","category-news","tag-avant-match","infinite-scroll-item","generate-columns","tablet-grid-50","mobile-grid-100","grid-parent","grid-25","resize-featured-image"],"yoast_head":"<!-- This site is optimized with the Yoast SEO plugin v26.6 - https:\/\/yoast.com\/wordpress\/plugins\/seo\/ -->\n<title>[N3 J06 : Besan\u00e7on Foot - FC Gueugnon] Un d\u00e9placement pour faire fructifier l&#039;embellie et le travail engag\u00e9 ! &#8226; FOOTBALL CLUB GUEUGNON<\/title>\n<meta name=\"robots\" content=\"index, follow, max-snippet:-1, max-image-preview:large, max-video-preview:-1\" \/>\n<link rel=\"canonical\" href=\"https:\/\/www.fcgueugnon.fr\/site\/n3-j06-besancon-foot-fc-gueugnon-un-deplacement-pour-faire-fructifier-lembellie-et-le-travail-engage\/1919\" \/>\n<meta property=\"og:locale\" content=\"fr_FR\" \/>\n<meta property=\"og:type\" content=\"article\" \/>\n<meta property=\"og:title\" content=\"[N3 J06 : Besan\u00e7on Foot - FC Gueugnon] Un d\u00e9placement pour faire fructifier l&#039;embellie et le travail engag\u00e9 ! &#8226; FOOTBALL CLUB GUEUGNON\" \/>\n<meta property=\"og:description\" content=\"C&rsquo;est le retour du championnat de N3 pour nos forgerons qui se d\u00e9placent ce dimanche \u00e0 L\u00e9o Lagrange afin d&rsquo;y affronter le Besan\u00e7on Football. \ud83c\udd9a L&rsquo;adversaire Entrain\u00e9 depuis la saison dernier par Benoit Pansier, le Besan\u00e7on Foot poursuit son \u00e9volution bousculant le football bisontin et r\u00e9gional. Avec des r\u00e9sultats probants \u00e0 l&rsquo;image de la 5e ... Lire la suite\" \/>\n<meta property=\"og:url\" content=\"https:\/\/www.fcgueugnon.fr\/site\/n3-j06-besancon-foot-fc-gueugnon-un-deplacement-pour-faire-fructifier-lembellie-et-le-travail-engage\/1919\" \/>\n<meta property=\"og:site_name\" content=\"FOOTBALL CLUB GUEUGNON\" \/>\n<meta property=\"article:publisher\" content=\"http:\/\/facebook.com\/FCGueugnon\" \/>\n<meta property=\"article:published_time\" content=\"2022-10-22T06:29:30+00:00\" \/>\n<meta property=\"article:modified_time\" content=\"2023-05-13T11:10:41+00:00\" \/>\n<meta property=\"og:image\" content=\"https:\/\/www.fcgueugnon.fr\/site\/wp-content\/uploads\/2022\/10\/avant-match-fc-gueugnon-besanccon-foot-1024x576.png\" \/>\n\t<meta property=\"og:image:width\" content=\"1024\" \/>\n\t<meta property=\"og:image:height\" content=\"576\" \/>\n\t<meta property=\"og:image:type\" content=\"image\/png\" \/>\n<meta name=\"author\" content=\"FC Gueugnon\" \/>\n<meta name=\"twitter:card\" content=\"summary_large_image\" \/>\n<meta name=\"twitter:creator\" content=\"@FCGueugnon_off\" \/>\n<meta name=\"twitter:site\" content=\"@FCGueugnon_off\" \/>\n<meta name=\"twitter:label1\" content=\"\u00c9crit par\" \/>\n\t<meta name=\"twitter:data1\" content=\"FC Gueugnon\" \/>\n\t<meta name=\"twitter:label2\" content=\"Dur\u00e9e de lecture estim\u00e9e\" \/>\n\t<meta name=\"twitter:data2\" content=\"4 minutes\" \/>\n<script type=\"application\/ld+json\" class=\"yoast-schema-graph\">{\"@context\":\"https:\/\/schema.org\",\"@graph\":[{\"@type\":\"Article\",\"@id\":\"https:\/\/www.fcgueugnon.fr\/site\/n3-j06-besancon-foot-fc-gueugnon-un-deplacement-pour-faire-fructifier-lembellie-et-le-travail-engage\/1919#article\",\"isPartOf\":{\"@id\":\"https:\/\/www.fcgueugnon.fr\/site\/n3-j06-besancon-foot-fc-gueugnon-un-deplacement-pour-faire-fructifier-lembellie-et-le-travail-engage\/1919\"},\"author\":{\"name\":\"FC Gueugnon\",\"@id\":\"https:\/\/www.fcgueugnon.fr\/site\/#\/schema\/person\/f6444fbdd35fa731ee974c03508738fb\"},\"headline\":\"[N3 J06 : Besan\u00e7on Foot &#8211; FC Gueugnon] Un d\u00e9placement pour faire fructifier l&#8217;embellie et le travail engag\u00e9 !\",\"datePublished\":\"2022-10-22T06:29:30+00:00\",\"dateModified\":\"2023-05-13T11:10:41+00:00\",\"mainEntityOfPage\":{\"@id\":\"https:\/\/www.fcgueugnon.fr\/site\/n3-j06-besancon-foot-fc-gueugnon-un-deplacement-pour-faire-fructifier-lembellie-et-le-travail-engage\/1919\"},\"wordCount\":665,\"publisher\":{\"@id\":\"https:\/\/www.fcgueugnon.fr\/site\/#organization\"},\"image\":{\"@id\":\"https:\/\/www.fcgueugnon.fr\/site\/n3-j06-besancon-foot-fc-gueugnon-un-deplacement-pour-faire-fructifier-lembellie-et-le-travail-engage\/1919#primaryimage\"},\"thumbnailUrl\":\"https:\/\/www.fcgueugnon.fr\/site\/wp-content\/uploads\/2022\/10\/avant-match-fc-gueugnon-besanccon-foot.png\",\"keywords\":[\"Avant-match\"],\"articleSection\":[\"Archives 2022\/2023\",\"News\"],\"inLanguage\":\"fr-FR\"},{\"@type\":\"WebPage\",\"@id\":\"https:\/\/www.fcgueugnon.fr\/site\/n3-j06-besancon-foot-fc-gueugnon-un-deplacement-pour-faire-fructifier-lembellie-et-le-travail-engage\/1919\",\"url\":\"https:\/\/www.fcgueugnon.fr\/site\/n3-j06-besancon-foot-fc-gueugnon-un-deplacement-pour-faire-fructifier-lembellie-et-le-travail-engage\/1919\",\"name\":\"[N3 J06 : Besan\u00e7on Foot - FC Gueugnon] Un d\u00e9placement pour faire fructifier l'embellie et le travail engag\u00e9 ! &#8226; FOOTBALL CLUB GUEUGNON\",\"isPartOf\":{\"@id\":\"https:\/\/www.fcgueugnon.fr\/site\/#website\"},\"primaryImageOfPage\":{\"@id\":\"https:\/\/www.fcgueugnon.fr\/site\/n3-j06-besancon-foot-fc-gueugnon-un-deplacement-pour-faire-fructifier-lembellie-et-le-travail-engage\/1919#primaryimage\"},\"image\":{\"@id\":\"https:\/\/www.fcgueugnon.fr\/site\/n3-j06-besancon-foot-fc-gueugnon-un-deplacement-pour-faire-fructifier-lembellie-et-le-travail-engage\/1919#primaryimage\"},\"thumbnailUrl\":\"https:\/\/www.fcgueugnon.fr\/site\/wp-content\/uploads\/2022\/10\/avant-match-fc-gueugnon-besanccon-foot.png\",\"datePublished\":\"2022-10-22T06:29:30+00:00\",\"dateModified\":\"2023-05-13T11:10:41+00:00\",\"breadcrumb\":{\"@id\":\"https:\/\/www.fcgueugnon.fr\/site\/n3-j06-besancon-foot-fc-gueugnon-un-deplacement-pour-faire-fructifier-lembellie-et-le-travail-engage\/1919#breadcrumb\"},\"inLanguage\":\"fr-FR\",\"potentialAction\":[{\"@type\":\"ReadAction\",\"target\":[\"https:\/\/www.fcgueugnon.fr\/site\/n3-j06-besancon-foot-fc-gueugnon-un-deplacement-pour-faire-fructifier-lembellie-et-le-travail-engage\/1919\"]}]},{\"@type\":\"ImageObject\",\"inLanguage\":\"fr-FR\",\"@id\":\"https:\/\/www.fcgueugnon.fr\/site\/n3-j06-besancon-foot-fc-gueugnon-un-deplacement-pour-faire-fructifier-lembellie-et-le-travail-engage\/1919#primaryimage\",\"url\":\"https:\/\/www.fcgueugnon.fr\/site\/wp-content\/uploads\/2022\/10\/avant-match-fc-gueugnon-besanccon-foot.png\",\"contentUrl\":\"https:\/\/www.fcgueugnon.fr\/site\/wp-content\/uploads\/2022\/10\/avant-match-fc-gueugnon-besanccon-foot.png\",\"width\":1920,\"height\":1080},{\"@type\":\"BreadcrumbList\",\"@id\":\"https:\/\/www.fcgueugnon.fr\/site\/n3-j06-besancon-foot-fc-gueugnon-un-deplacement-pour-faire-fructifier-lembellie-et-le-travail-engage\/1919#breadcrumb\",\"itemListElement\":[{\"@type\":\"ListItem\",\"position\":1,\"name\":\"Accueil\",\"item\":\"https:\/\/www.fcgueugnon.fr\/site\/\"},{\"@type\":\"ListItem\",\"position\":2,\"name\":\"[N3 J06 : Besan\u00e7on Foot &#8211; FC Gueugnon] Un d\u00e9placement pour faire fructifier l&#8217;embellie et le travail engag\u00e9 !\"}]},{\"@type\":\"WebSite\",\"@id\":\"https:\/\/www.fcgueugnon.fr\/site\/#website\",\"url\":\"https:\/\/www.fcgueugnon.fr\/site\/\",\"name\":\"FOOTBALL CLUB GUEUGNON\",\"description\":\"Le Site Officiel des Forgerons\",\"publisher\":{\"@id\":\"https:\/\/www.fcgueugnon.fr\/site\/#organization\"},\"potentialAction\":[{\"@type\":\"SearchAction\",\"target\":{\"@type\":\"EntryPoint\",\"urlTemplate\":\"https:\/\/www.fcgueugnon.fr\/site\/?s={search_term_string}\"},\"query-input\":{\"@type\":\"PropertyValueSpecification\",\"valueRequired\":true,\"valueName\":\"search_term_string\"}}],\"inLanguage\":\"fr-FR\"},{\"@type\":\"Organization\",\"@id\":\"https:\/\/www.fcgueugnon.fr\/site\/#organization\",\"name\":\"FC Gueugnon\",\"url\":\"https:\/\/www.fcgueugnon.fr\/site\/\",\"logo\":{\"@type\":\"ImageObject\",\"inLanguage\":\"fr-FR\",\"@id\":\"https:\/\/www.fcgueugnon.fr\/site\/#\/schema\/logo\/image\/\",\"url\":\"https:\/\/www.fcgueugnon.fr\/site\/wp-content\/uploads\/2022\/07\/cropped-Logo-FCGUEUGNON-low-350x350-1.png\",\"contentUrl\":\"https:\/\/www.fcgueugnon.fr\/site\/wp-content\/uploads\/2022\/07\/cropped-Logo-FCGUEUGNON-low-350x350-1.png\",\"width\":350,\"height\":350,\"caption\":\"FC Gueugnon\"},\"image\":{\"@id\":\"https:\/\/www.fcgueugnon.fr\/site\/#\/schema\/logo\/image\/\"},\"sameAs\":[\"http:\/\/facebook.com\/FCGueugnon\",\"https:\/\/x.com\/FCGueugnon_off\",\"https:\/\/www.instagram.com\/fcgueugnon\/\",\"https:\/\/www.linkedin.com\/company\/football-club-de-gueugnon\/\",\"https:\/\/www.youtube.com\/user\/FCGueugnonnais\",\"https:\/\/fr.wikipedia.org\/wiki\/Football_Club_de_Gueugnon\"]},{\"@type\":\"Person\",\"@id\":\"https:\/\/www.fcgueugnon.fr\/site\/#\/schema\/person\/f6444fbdd35fa731ee974c03508738fb\",\"name\":\"FC Gueugnon\",\"sameAs\":[\"https:\/\/www.fcgueugnon.fr\/site\"],\"url\":\"https:\/\/www.fcgueugnon.fr\/site\/author\/admin-antho\"}]}<\/script>\n<!-- \/ Yoast SEO plugin. -->","yoast_head_json":{"title":"[N3 J06 : Besan\u00e7on Foot - FC Gueugnon] Un d\u00e9placement pour faire fructifier l'embellie et le travail engag\u00e9 ! &#8226; FOOTBALL CLUB GUEUGNON","robots":{"index":"index","follow":"follow","max-snippet":"max-snippet:-1","max-image-preview":"max-image-preview:large","max-video-preview":"max-video-preview:-1"},"canonical":"https:\/\/www.fcgueugnon.fr\/site\/n3-j06-besancon-foot-fc-gueugnon-un-deplacement-pour-faire-fructifier-lembellie-et-le-travail-engage\/1919","og_locale":"fr_FR","og_type":"article","og_title":"[N3 J06 : Besan\u00e7on Foot - FC Gueugnon] Un d\u00e9placement pour faire fructifier l'embellie et le travail engag\u00e9 ! &#8226; FOOTBALL CLUB GUEUGNON","og_description":"C&rsquo;est le retour du championnat de N3 pour nos forgerons qui se d\u00e9placent ce dimanche \u00e0 L\u00e9o Lagrange afin d&rsquo;y affronter le Besan\u00e7on Football. \ud83c\udd9a L&rsquo;adversaire Entrain\u00e9 depuis la saison dernier par Benoit Pansier, le Besan\u00e7on Foot poursuit son \u00e9volution bousculant le football bisontin et r\u00e9gional. Avec des r\u00e9sultats probants \u00e0 l&rsquo;image de la 5e ... Lire la suite","og_url":"https:\/\/www.fcgueugnon.fr\/site\/n3-j06-besancon-foot-fc-gueugnon-un-deplacement-pour-faire-fructifier-lembellie-et-le-travail-engage\/1919","og_site_name":"FOOTBALL CLUB GUEUGNON","article_publisher":"http:\/\/facebook.com\/FCGueugnon","article_published_time":"2022-10-22T06:29:30+00:00","article_modified_time":"2023-05-13T11:10:41+00:00","og_image":[{"width":1024,"height":576,"url":"https:\/\/www.fcgueugnon.fr\/site\/wp-content\/uploads\/2022\/10\/avant-match-fc-gueugnon-besanccon-foot-1024x576.png","type":"image\/png"}],"author":"FC Gueugnon","twitter_card":"summary_large_image","twitter_creator":"@FCGueugnon_off","twitter_site":"@FCGueugnon_off","twitter_misc":{"\u00c9crit par":"FC Gueugnon","Dur\u00e9e de lecture estim\u00e9e":"4 minutes"},"schema":{"@context":"https:\/\/schema.org","@graph":[{"@type":"Article","@id":"https:\/\/www.fcgueugnon.fr\/site\/n3-j06-besancon-foot-fc-gueugnon-un-deplacement-pour-faire-fructifier-lembellie-et-le-travail-engage\/1919#article","isPartOf":{"@id":"https:\/\/www.fcgueugnon.fr\/site\/n3-j06-besancon-foot-fc-gueugnon-un-deplacement-pour-faire-fructifier-lembellie-et-le-travail-engage\/1919"},"author":{"name":"FC Gueugnon","@id":"https:\/\/www.fcgueugnon.fr\/site\/#\/schema\/person\/f6444fbdd35fa731ee974c03508738fb"},"headline":"[N3 J06 : Besan\u00e7on Foot &#8211; FC Gueugnon] Un d\u00e9placement pour faire fructifier l&#8217;embellie et le travail engag\u00e9 !","datePublished":"2022-10-22T06:29:30+00:00","dateModified":"2023-05-13T11:10:41+00:00","mainEntityOfPage":{"@id":"https:\/\/www.fcgueugnon.fr\/site\/n3-j06-besancon-foot-fc-gueugnon-un-deplacement-pour-faire-fructifier-lembellie-et-le-travail-engage\/1919"},"wordCount":665,"publisher":{"@id":"https:\/\/www.fcgueugnon.fr\/site\/#organization"},"image":{"@id":"https:\/\/www.fcgueugnon.fr\/site\/n3-j06-besancon-foot-fc-gueugnon-un-deplacement-pour-faire-fructifier-lembellie-et-le-travail-engage\/1919#primaryimage"},"thumbnailUrl":"https:\/\/www.fcgueugnon.fr\/site\/wp-content\/uploads\/2022\/10\/avant-match-fc-gueugnon-besanccon-foot.png","keywords":["Avant-match"],"articleSection":["Archives 2022\/2023","News"],"inLanguage":"fr-FR"},{"@type":"WebPage","@id":"https:\/\/www.fcgueugnon.fr\/site\/n3-j06-besancon-foot-fc-gueugnon-un-deplacement-pour-faire-fructifier-lembellie-et-le-travail-engage\/1919","url":"https:\/\/www.fcgueugnon.fr\/site\/n3-j06-besancon-foot-fc-gueugnon-un-deplacement-pour-faire-fructifier-lembellie-et-le-travail-engage\/1919","name":"[N3 J06 : Besan\u00e7on Foot - FC Gueugnon] Un d\u00e9placement pour faire fructifier l'embellie et le travail engag\u00e9 ! &#8226; FOOTBALL CLUB GUEUGNON","isPartOf":{"@id":"https:\/\/www.fcgueugnon.fr\/site\/#website"},"primaryImageOfPage":{"@id":"https:\/\/www.fcgueugnon.fr\/site\/n3-j06-besancon-foot-fc-gueugnon-un-deplacement-pour-faire-fructifier-lembellie-et-le-travail-engage\/1919#primaryimage"},"image":{"@id":"https:\/\/www.fcgueugnon.fr\/site\/n3-j06-besancon-foot-fc-gueugnon-un-deplacement-pour-faire-fructifier-lembellie-et-le-travail-engage\/1919#primaryimage"},"thumbnailUrl":"https:\/\/www.fcgueugnon.fr\/site\/wp-content\/uploads\/2022\/10\/avant-match-fc-gueugnon-besanccon-foot.png","datePublished":"2022-10-22T06:29:30+00:00","dateModified":"2023-05-13T11:10:41+00:00","breadcrumb":{"@id":"https:\/\/www.fcgueugnon.fr\/site\/n3-j06-besancon-foot-fc-gueugnon-un-deplacement-pour-faire-fructifier-lembellie-et-le-travail-engage\/1919#breadcrumb"},"inLanguage":"fr-FR","potentialAction":[{"@type":"ReadAction","target":["https:\/\/www.fcgueugnon.fr\/site\/n3-j06-besancon-foot-fc-gueugnon-un-deplacement-pour-faire-fructifier-lembellie-et-le-travail-engage\/1919"]}]},{"@type":"ImageObject","inLanguage":"fr-FR","@id":"https:\/\/www.fcgueugnon.fr\/site\/n3-j06-besancon-foot-fc-gueugnon-un-deplacement-pour-faire-fructifier-lembellie-et-le-travail-engage\/1919#primaryimage","url":"https:\/\/www.fcgueugnon.fr\/site\/wp-content\/uploads\/2022\/10\/avant-match-fc-gueugnon-besanccon-foot.png","contentUrl":"https:\/\/www.fcgueugnon.fr\/site\/wp-content\/uploads\/2022\/10\/avant-match-fc-gueugnon-besanccon-foot.png","width":1920,"height":1080},{"@type":"BreadcrumbList","@id":"https:\/\/www.fcgueugnon.fr\/site\/n3-j06-besancon-foot-fc-gueugnon-un-deplacement-pour-faire-fructifier-lembellie-et-le-travail-engage\/1919#breadcrumb","itemListElement":[{"@type":"ListItem","position":1,"name":"Accueil","item":"https:\/\/www.fcgueugnon.fr\/site\/"},{"@type":"ListItem","position":2,"name":"[N3 J06 : Besan\u00e7on Foot &#8211; FC Gueugnon] Un d\u00e9placement pour faire fructifier l&#8217;embellie et le travail engag\u00e9 !"}]},{"@type":"WebSite","@id":"https:\/\/www.fcgueugnon.fr\/site\/#website","url":"https:\/\/www.fcgueugnon.fr\/site\/","name":"FOOTBALL CLUB GUEUGNON","description":"Le Site Officiel des Forgerons","publisher":{"@id":"https:\/\/www.fcgueugnon.fr\/site\/#organization"},"potentialAction":[{"@type":"SearchAction","target":{"@type":"EntryPoint","urlTemplate":"https:\/\/www.fcgueugnon.fr\/site\/?s={search_term_string}"},"query-input":{"@type":"PropertyValueSpecification","valueRequired":true,"valueName":"search_term_string"}}],"inLanguage":"fr-FR"},{"@type":"Organization","@id":"https:\/\/www.fcgueugnon.fr\/site\/#organization","name":"FC Gueugnon","url":"https:\/\/www.fcgueugnon.fr\/site\/","logo":{"@type":"ImageObject","inLanguage":"fr-FR","@id":"https:\/\/www.fcgueugnon.fr\/site\/#\/schema\/logo\/image\/","url":"https:\/\/www.fcgueugnon.fr\/site\/wp-content\/uploads\/2022\/07\/cropped-Logo-FCGUEUGNON-low-350x350-1.png","contentUrl":"https:\/\/www.fcgueugnon.fr\/site\/wp-content\/uploads\/2022\/07\/cropped-Logo-FCGUEUGNON-low-350x350-1.png","width":350,"height":350,"caption":"FC Gueugnon"},"image":{"@id":"https:\/\/www.fcgueugnon.fr\/site\/#\/schema\/logo\/image\/"},"sameAs":["http:\/\/facebook.com\/FCGueugnon","https:\/\/x.com\/FCGueugnon_off","https:\/\/www.instagram.com\/fcgueugnon\/","https:\/\/www.linkedin.com\/company\/football-club-de-gueugnon\/","https:\/\/www.youtube.com\/user\/FCGueugnonnais","https:\/\/fr.wikipedia.org\/wiki\/Football_Club_de_Gueugnon"]},{"@type":"Person","@id":"https:\/\/www.fcgueugnon.fr\/site\/#\/schema\/person\/f6444fbdd35fa731ee974c03508738fb","name":"FC Gueugnon","sameAs":["https:\/\/www.fcgueugnon.fr\/site"],"url":"https:\/\/www.fcgueugnon.fr\/site\/author\/admin-antho"}]}},"rttpg_featured_image_url":{"full":["https:\/\/www.fcgueugnon.fr\/site\/wp-content\/uploads\/2022\/10\/avant-match-fc-gueugnon-besanccon-foot.png",1920,1080,false],"landscape":["https:\/\/www.fcgueugnon.fr\/site\/wp-content\/uploads\/2022\/10\/avant-match-fc-gueugnon-besanccon-foot.png",1920,1080,false],"portraits":["https:\/\/www.fcgueugnon.fr\/site\/wp-content\/uploads\/2022\/10\/avant-match-fc-gueugnon-besanccon-foot.png",1920,1080,false],"thumbnail":["https:\/\/www.fcgueugnon.fr\/site\/wp-content\/uploads\/2022\/10\/avant-match-fc-gueugnon-besanccon-foot-150x150.png",150,150,true],"medium":["https:\/\/www.fcgueugnon.fr\/site\/wp-content\/uploads\/2022\/10\/avant-match-fc-gueugnon-besanccon-foot-400x225.png",400,225,true],"large":["https:\/\/www.fcgueugnon.fr\/site\/wp-content\/uploads\/2022\/10\/avant-match-fc-gueugnon-besanccon-foot-1024x576.png",1024,576,true],"1536x1536":["https:\/\/www.fcgueugnon.fr\/site\/wp-content\/uploads\/2022\/10\/avant-match-fc-gueugnon-besanccon-foot-1536x864.png",1536,864,true],"2048x2048":["https:\/\/www.fcgueugnon.fr\/site\/wp-content\/uploads\/2022\/10\/avant-match-fc-gueugnon-besanccon-foot.png",1920,1080,false]},"rttpg_author":{"display_name":"FC Gueugnon","author_link":"https:\/\/www.fcgueugnon.fr\/site\/author\/admin-antho"},"rttpg_comment":0,"rttpg_category":"<a href=\"https:\/\/www.fcgueugnon.fr\/site\/category\/news\/news-2022-2023\" rel=\"category tag\">Archives 2022\/2023<\/a> <a href=\"https:\/\/www.fcgueugnon.fr\/site\/category\/news\" rel=\"category tag\">News<\/a>","rttpg_excerpt":"C&rsquo;est le retour du championnat de N3 pour nos forgerons qui se d\u00e9placent ce dimanche \u00e0 L\u00e9o Lagrange afin d&rsquo;y affronter le Besan\u00e7on Football. \ud83c\udd9a L&rsquo;adversaire Entrain\u00e9 depuis la saison dernier par Benoit Pansier, le Besan\u00e7on Foot poursuit son \u00e9volution bousculant le football bisontin et r\u00e9gional. Avec des r\u00e9sultats probants \u00e0 l&rsquo;image de la 5e\u2026","_links":{"self":[{"href":"https:\/\/www.fcgueugnon.fr\/site\/wp-json\/wp\/v2\/posts\/1919","targetHints":{"allow":["GET"]}}],"collection":[{"href":"https:\/\/www.fcgueugnon.fr\/site\/wp-json\/wp\/v2\/posts"}],"about":[{"href":"https:\/\/www.fcgueugnon.fr\/site\/wp-json\/wp\/v2\/types\/post"}],"author":[{"embeddable":true,"href":"https:\/\/www.fcgueugnon.fr\/site\/wp-json\/wp\/v2\/users\/1"}],"replies":[{"embeddable":true,"href":"https:\/\/www.fcgueugnon.fr\/site\/wp-json\/wp\/v2\/comments?post=1919"}],"version-history":[{"count":8,"href":"https:\/\/www.fcgueugnon.fr\/site\/wp-json\/wp\/v2\/posts\/1919\/revisions"}],"predecessor-version":[{"id":1939,"href":"https:\/\/www.fcgueugnon.fr\/site\/wp-json\/wp\/v2\/posts\/1919\/revisions\/1939"}],"wp:featuredmedia":[{"embeddable":true,"href":"https:\/\/www.fcgueugnon.fr\/site\/wp-json\/wp\/v2\/media\/1927"}],"wp:attachment":[{"href":"https:\/\/www.fcgueugnon.fr\/site\/wp-json\/wp\/v2\/media?parent=1919"}],"wp:term":[{"taxonomy":"category","embeddable":true,"href":"https:\/\/www.fcgueugnon.fr\/site\/wp-json\/wp\/v2\/categories?post=1919"},{"taxonomy":"post_tag","embeddable":true,"href":"https:\/\/www.fcgueugnon.fr\/site\/wp-json\/wp\/v2\/tags?post=1919"}],"curies":[{"name":"wp","href":"https:\/\/api.w.org\/{rel}","templated":true}]}}