{"id":1849,"date":"2022-10-17T11:24:19","date_gmt":"2022-10-17T09:24:19","guid":{"rendered":"https:\/\/www.fcgueugnon.fr\/site\/?p=1849"},"modified":"2022-10-17T11:24:22","modified_gmt":"2022-10-17T09:24:22","slug":"cdf-6e-tour-morteau-montlebon-fc-gueugnon-resultat-reactions-et-resume","status":"publish","type":"post","link":"https:\/\/www.fcgueugnon.fr\/site\/cdf-6e-tour-morteau-montlebon-fc-gueugnon-resultat-reactions-et-resume\/1849","title":{"rendered":"[CDF 6e Tour : Morteau-Montlebon \u2013 FC Gueugnon] R\u00e9sultat, r\u00e9actions et r\u00e9sum\u00e9"},"content":{"rendered":"\n<h3 class=\"has-text-align-left wp-block-heading\"><strong>Une grande performance et une qualification m\u00e9rit\u00e9e pour le FC Gueugnon face \u00e0 Morteau-Monlebon !<\/strong><\/h3>\n\n\n\n<div style=\"height:15px\" aria-hidden=\"true\" class=\"wp-block-spacer\"><\/div>\n\n\n<div class=\"wp-block-image\">\n<figure class=\"aligncenter size-large\"><img loading=\"lazy\" decoding=\"async\" width=\"1024\" height=\"705\" src=\"https:\/\/www.fcgueugnon.fr\/site\/wp-content\/uploads\/2022\/10\/ce-samedi-le-fc-gueugnon-s-est-qualifie-pour-le-7e-tour-de-coupe-de-france-photo-jsl-corentin-murat-1665865385-3-1024x705.jpg\" alt=\"\" class=\"wp-image-1850\" srcset=\"https:\/\/www.fcgueugnon.fr\/site\/wp-content\/uploads\/2022\/10\/ce-samedi-le-fc-gueugnon-s-est-qualifie-pour-le-7e-tour-de-coupe-de-france-photo-jsl-corentin-murat-1665865385-3-1024x705.jpg 1024w, https:\/\/www.fcgueugnon.fr\/site\/wp-content\/uploads\/2022\/10\/ce-samedi-le-fc-gueugnon-s-est-qualifie-pour-le-7e-tour-de-coupe-de-france-photo-jsl-corentin-murat-1665865385-3-400x275.jpg 400w, https:\/\/www.fcgueugnon.fr\/site\/wp-content\/uploads\/2022\/10\/ce-samedi-le-fc-gueugnon-s-est-qualifie-pour-le-7e-tour-de-coupe-de-france-photo-jsl-corentin-murat-1665865385-3-768x528.jpg 768w, https:\/\/www.fcgueugnon.fr\/site\/wp-content\/uploads\/2022\/10\/ce-samedi-le-fc-gueugnon-s-est-qualifie-pour-le-7e-tour-de-coupe-de-france-photo-jsl-corentin-murat-1665865385-3-1536x1057.jpg 1536w, https:\/\/www.fcgueugnon.fr\/site\/wp-content\/uploads\/2022\/10\/ce-samedi-le-fc-gueugnon-s-est-qualifie-pour-le-7e-tour-de-coupe-de-france-photo-jsl-corentin-murat-1665865385-3-1320x908.jpg 1320w, https:\/\/www.fcgueugnon.fr\/site\/wp-content\/uploads\/2022\/10\/ce-samedi-le-fc-gueugnon-s-est-qualifie-pour-le-7e-tour-de-coupe-de-france-photo-jsl-corentin-murat-1665865385-3.jpg 1600w\" sizes=\"auto, (max-width: 1024px) 100vw, 1024px\" \/><\/figure>\n<\/div>\n\n\n<p class=\"has-text-align-center\"><em>Photos : Le JSL \/ Corentin MURAT<\/em><\/p>\n\n\n\n<div style=\"height:15px\" aria-hidden=\"true\" class=\"wp-block-spacer\"><\/div>\n\n\n\n<p>\u00ab <em>La Coupe de France doit nous servir pour faire le plein de confiance.<\/em>\u00a0\u00bb Tels \u00e9taient les mots de l&rsquo;entra\u00eeneur Philippe Correia avant le d\u00e9placement \u00e0 Morteau-Montlebon pour le compte du 6\u00e8me tour de Coupe de France. Un message qui a \u00e9t\u00e9 entendu par les joueurs et qui s&rsquo;est traduit par une tr\u00e8s grande prestation collective !<\/p>\n\n\n\n<p>Face \u00e0 un adversaire r\u00e9put\u00e9 tr\u00e8s difficile \u00e0 jouer sur son terrain, les forgerons entament la partie de la meilleure des mani\u00e8res. Sur l&rsquo;engagement, <strong>Ibrahim Mohamed<\/strong> d\u00e9clenche un pressing, r\u00e9cup\u00e8re le ballon \u00e0 une trentaine de m\u00e8tres de la cage adverse, et d&rsquo;une frappe imparable, ne laisse aucune chance au gardien de but <strong>K\u00e9vin Fraichot<\/strong> (0-1 ; 1&prime;). Cueilli \u00e0 froid, le FC Morteau-Montlebon ne va pas pour autant s&rsquo;avouer vaincu. Les hommes de <strong>S\u00e9bastien Mazzotti<\/strong> vont tenter de r\u00e9agir et se cr\u00e9er quelques situations de but, notamment \u00e0 la 9\u00e8me minute de jeu. <strong>Anthony Njock<\/strong> d\u00e9tourne une frappe \u00e0 bout portant d&rsquo;un attaquant de Morteau et r\u00e9alise un arr\u00eat de grande classe permettant de conserver l&rsquo;avantage au score.<\/p>\n\n\n\n<p>Malgr\u00e9 un jeu entrecoup\u00e9 par de nombreuses fautes des deux c\u00f4t\u00e9s, les forgerons vont faire preuve d&rsquo;une efficacit\u00e9 redoutable qui faisait tant d\u00e9faut lors des derniers matchs disput\u00e9s. Sur leur deuxi\u00e8me occasion, les gueugnonnais vont faire le break. D\u00e9cal\u00e9 par <strong>Ibrahim Mohamed<\/strong>, <strong>Jason Luanda<\/strong> enroule aux 18 m\u00e8tres et trouve la lucarne du gardien de Morteau (0-2 ; 26&prime;) !<\/p>\n\n\n\n<p>Solides d\u00e9fensivement et dominateurs dans l&rsquo;entre-jeu, les forgerons ne seront que tr\u00e8s peu inqui\u00e9t\u00e9s dans le reste de la partie. Les locaux tentent leur chance sur diff\u00e9rents coups de pieds arr\u00eat\u00e9s mais se montrent impr\u00e9cis. <strong>Anthony Njock<\/strong> sera \u00e9galement d\u00e9cisif pour repousser les rares assauts adverses. En toute logique, les forgerons obtiennent donc leur ticket pour le 7\u00e8me tour de la Coupe de France.<\/p>\n\n\n\n<p><strong>Le tirage au sort du 7\u00e8me tour qui verra l&rsquo;entr\u00e9e des clubs de Ligue 2, se d\u00e9roulera ce mercredi au Centre National du Football \u00e0 Clairefontaine. En attendant cette rencontre qui se jouera le week-end du 29\/30 Octobre, le FC Gueugnon se d\u00e9placera \u00e0 Besan\u00e7on Foot ce dimanche dans le cadre de la 5e journ\u00e9e du championnat National 3.<\/strong><\/p>\n\n\n\n<div style=\"height:40px\" aria-hidden=\"true\" class=\"wp-block-spacer\"><\/div>\n\n\n\n<h2 class=\"wp-block-heading\">R\u00e9actions<\/h2>\n\n\n\n<div class=\"wp-block-coblocks-media-card alignwide is-style-right is-stacked-on-mobile coblocks-media-card-77145432166\"><div class=\"wp-block-coblocks-media-card__inner has-padding has-large-padding\"><div class=\"wp-block-coblocks-media-card__wrapper\" style=\"grid-template-columns:auto 40%\"><figure class=\"wp-block-coblocks-media-card__media has-shadow\"><img loading=\"lazy\" decoding=\"async\" width=\"1024\" height=\"683\" src=\"https:\/\/www.fcgueugnon.fr\/site\/wp-content\/uploads\/2022\/09\/revivez-la-victoire-de-gueugnon-face-a-sanvignes-3-0-photo-jsl-antoine-cantin-galland-1662925402-1024x683.jpg\" alt=\"\" class=\"wp-image-1286\" srcset=\"https:\/\/www.fcgueugnon.fr\/site\/wp-content\/uploads\/2022\/09\/revivez-la-victoire-de-gueugnon-face-a-sanvignes-3-0-photo-jsl-antoine-cantin-galland-1662925402-1024x683.jpg 1024w, https:\/\/www.fcgueugnon.fr\/site\/wp-content\/uploads\/2022\/09\/revivez-la-victoire-de-gueugnon-face-a-sanvignes-3-0-photo-jsl-antoine-cantin-galland-1662925402-400x267.jpg 400w, https:\/\/www.fcgueugnon.fr\/site\/wp-content\/uploads\/2022\/09\/revivez-la-victoire-de-gueugnon-face-a-sanvignes-3-0-photo-jsl-antoine-cantin-galland-1662925402-768x512.jpg 768w, https:\/\/www.fcgueugnon.fr\/site\/wp-content\/uploads\/2022\/09\/revivez-la-victoire-de-gueugnon-face-a-sanvignes-3-0-photo-jsl-antoine-cantin-galland-1662925402-1536x1024.jpg 1536w, https:\/\/www.fcgueugnon.fr\/site\/wp-content\/uploads\/2022\/09\/revivez-la-victoire-de-gueugnon-face-a-sanvignes-3-0-photo-jsl-antoine-cantin-galland-1662925402-1320x880.jpg 1320w, https:\/\/www.fcgueugnon.fr\/site\/wp-content\/uploads\/2022\/09\/revivez-la-victoire-de-gueugnon-face-a-sanvignes-3-0-photo-jsl-antoine-cantin-galland-1662925402.jpg 1600w\" sizes=\"auto, (max-width: 1024px) 100vw, 1024px\" \/><\/figure><div class=\"wp-block-coblocks-media-card__content has-shadow\">\n<div class=\"wp-block-coblocks-row coblocks-row-77145432275\" data-columns=\"1\" data-layout=\"100\"><div class=\"wp-block-coblocks-row__inner has-background has-padding has-huge-padding has-no-margin is-stacked-on-mobile are-vertically-aligned-center has-medium-gutter\" style=\"background-color:#FFFFFF\">\n<div class=\"wp-block-coblocks-column is-vertically-aligned-center coblocks-column-77145432284\" style=\"width:100%\"><div class=\"wp-block-coblocks-column__inner has-no-padding has-no-margin\">\n<h3 class=\"wp-block-heading\"><strong>Philippe CORREIA, Entra\u00eeneur :<\/strong><\/h3>\n\n\n\n<div style=\"height:30px\" aria-hidden=\"true\" class=\"wp-block-spacer\"><\/div>\n\n\n\n<p><em>\u00ab On a fait une premi\u00e8re mi-temps de qualit\u00e9 en alternant jeu court et jeu long. Nous avons retrouv\u00e9 de l&rsquo;efficacit\u00e9 offensive et nous avons \u00e9t\u00e9 tr\u00e8s solide d\u00e9fensivement. C&rsquo;est une belle qualification, avec un \u00e9tat d&rsquo;esprit irr\u00e9prochable. \u00bb<\/em><\/p>\n\n\n\n<div style=\"height:30px\" aria-hidden=\"true\" class=\"wp-block-spacer\"><\/div>\n\n\n\n<p><sub>R\u00e9actions compl\u00e8tes \u00e0 retrouver ce mercredi \u00e0 10:15 et \u00e0 18:30 en direct sur Radio Cactus (FM 92.2) ou \u00e0 partir de jeudi sur notre site officiel ou sur Mixcloud.com !<\/sub><\/p>\n\n\n\n<div style=\"height:20px\" aria-hidden=\"true\" class=\"wp-block-spacer\"><\/div>\n<\/div><\/div>\n<\/div><\/div>\n<\/div><\/div><\/div><\/div>\n\n\n\n<div class=\"wp-block-coblocks-media-card alignwide is-style-left is-stacked-on-mobile coblocks-media-card-77145432166\"><div class=\"wp-block-coblocks-media-card__inner has-padding has-large-padding\"><div class=\"wp-block-coblocks-media-card__wrapper\" style=\"grid-template-columns:40% auto\"><figure class=\"wp-block-coblocks-media-card__media has-shadow\"><img loading=\"lazy\" decoding=\"async\" width=\"1024\" height=\"683\" src=\"https:\/\/www.fcgueugnon.fr\/site\/wp-content\/uploads\/2022\/10\/Anthony-Njock-1024x683.png\" alt=\"\" class=\"wp-image-1851\" srcset=\"https:\/\/www.fcgueugnon.fr\/site\/wp-content\/uploads\/2022\/10\/Anthony-Njock-1024x683.png 1024w, https:\/\/www.fcgueugnon.fr\/site\/wp-content\/uploads\/2022\/10\/Anthony-Njock-400x267.png 400w, https:\/\/www.fcgueugnon.fr\/site\/wp-content\/uploads\/2022\/10\/Anthony-Njock-768x512.png 768w, https:\/\/www.fcgueugnon.fr\/site\/wp-content\/uploads\/2022\/10\/Anthony-Njock-1536x1024.png 1536w, https:\/\/www.fcgueugnon.fr\/site\/wp-content\/uploads\/2022\/10\/Anthony-Njock-1320x880.png 1320w, https:\/\/www.fcgueugnon.fr\/site\/wp-content\/uploads\/2022\/10\/Anthony-Njock.png 1600w\" sizes=\"auto, (max-width: 1024px) 100vw, 1024px\" \/><\/figure><div class=\"wp-block-coblocks-media-card__content has-shadow\">\n<div class=\"wp-block-coblocks-row coblocks-row-77145432275\" data-columns=\"1\" data-layout=\"100\"><div class=\"wp-block-coblocks-row__inner has-background has-padding has-huge-padding has-no-margin is-stacked-on-mobile are-vertically-aligned-center has-medium-gutter\" style=\"background-color:#FFFFFF\">\n<div class=\"wp-block-coblocks-column is-vertically-aligned-center coblocks-column-77145432284\" style=\"width:100%\"><div class=\"wp-block-coblocks-column__inner has-no-padding has-no-margin\">\n<h3 class=\"wp-block-heading\"><strong>Anthony NJOCK, Gardien :<\/strong><\/h3>\n\n\n\n<div style=\"height:30px\" aria-hidden=\"true\" class=\"wp-block-spacer\"><\/div>\n\n\n\n<p><em>\u00ab C&rsquo;\u00e9tait mon premier match cette saison avec le groupe National 3. Je me devais de ne pas faire d&rsquo;erreur, d&rsquo;\u00eatre efficace et je pense l&rsquo;avoir \u00e9t\u00e9 ce soir. Je suis tr\u00e8s heureux apr\u00e8s la victoire et la qualification. \u00bb<\/em><\/p>\n\n\n\n<div style=\"height:30px\" aria-hidden=\"true\" class=\"wp-block-spacer\"><\/div>\n\n\n\n<p><sub>R\u00e9actions compl\u00e8tes \u00e0 retrouver ce mercredi \u00e0 10:15 et \u00e0 18:30 en direct sur Radio Cactus (FM 92.2) ou \u00e0 partir de jeudi sur notre site officiel ou sur Mixcloud.com !<\/sub><\/p>\n\n\n\n<div style=\"height:20px\" aria-hidden=\"true\" class=\"wp-block-spacer\"><\/div>\n<\/div><\/div>\n<\/div><\/div>\n<\/div><\/div><\/div><\/div>\n\n\n\n<div style=\"height:40px\" aria-hidden=\"true\" class=\"wp-block-spacer\"><\/div>\n\n\n\n<hr class=\"wp-block-separator has-text-color has-css-opacity has-background\" style=\"background-color:#f7db4a;color:#f7db4a\"\/>\n\n\n\n<h3 class=\"has-text-align-center wp-block-heading\"><strong>\u2139 Prochains matchs : <\/strong><br>&#8211; Dimanche 23 Octobre \u00e0 15h : Championnat N3 \u00e0 Besan\u00e7on Football<br>&#8211; Weekend du 29-30 Octobre : 7\u00e8me tour de Coupe de France<\/h3>\n\n\n\n<hr class=\"wp-block-separator has-text-color has-css-opacity has-background\" style=\"background-color:#f7db4a;color:#f7db4a\"\/>\n\n\n\n<h3 class=\"wp-block-heading\">\u26bd <strong>Score final<\/strong><\/h3>\n\n\n\n<p><span data-reactid=\".9.1:3:1:$comment10153319512882859_10153320215687859:0.0.$right.0.$left.0.0.1.$comment-body.0.$end:0:$4:0\"><span class=\"null\"><strong>\u00c0 Montlebon, stade Henri Schaller<\/strong><br><\/span><\/span>FC Morteau-Monlebon 0 &#8211; 2 FC Gueugnon<br>Buts : Ibrahim Mohamed, Jason Luanda.<\/p>\n\n\n\n<p><strong>Officiels :<\/strong><br>D\u00e9l\u00e9gu\u00e9 principal : GILLES RONDEAU<br>Arbitre centre : YOHAN HUOT MARCHAND<br>Arbitre assistant 1 : FLORIAN MATHIEU<br>Observateur adjoint 1 : ERIC DUCROS<br>Observateur principal : DIDIER VINCENT<br>Arbitre assistant 2 : AURELIEN PLAT<\/p>\n\n\n\n<div style=\"height:15px\" aria-hidden=\"true\" class=\"wp-block-spacer\"><\/div>\n\n\n\n<h3 class=\"wp-block-heading\">\ud83d\udfe1\ud83d\udd35 <strong>Composition d&rsquo;\u00e9quipe<\/strong><\/h3>\n\n\n\n<p>Njock &#8211; Mahla &#8211; Houla &#8211; Ketterle &#8211; Delclaux &#8211; Mustivar &#8211; Mohamed (61&prime; Diallo) &#8211; Luanda (89&prime; Brossard) &#8211; Mvondo &#8211; Rollin (70&prime; Salibur) &#8211; Dram\u00e9.<br>Non entr\u00e9 en jeu : Chauvet.<br>Entra\u00eeneur : Philippe Correia \/ Adjoints : Bakeba Bayo, Alexandre Lafitte.<\/p>\n\n\n\n<div style=\"height:38px\" aria-hidden=\"true\" class=\"wp-block-spacer\"><\/div>\n\n\n\n<h3 class=\"wp-block-heading\">\ud83d\udd0d <strong>Plus d&rsquo;articles <\/strong><\/h3>\n\n\n\n<blockquote class=\"wp-block-quote is-layout-flow wp-block-quote-is-layout-flow\"><p><span style=\"line-height: 1.5;\">\u25ba <a href=\"https:\/\/twitter.com\/FCGueugnon_Off\/status\/1581283753023836160\" target=\"_blank\" rel=\"noreferrer noopener\">Revivre le live<\/a><\/span><\/p><\/blockquote>\n","protected":false},"excerpt":{"rendered":"<p>Une grande performance et une qualification m\u00e9rit\u00e9e pour le FC Gueugnon face \u00e0 Morteau-Monlebon ! Photos : Le JSL \/ Corentin MURAT \u00ab La Coupe de France doit nous servir pour faire le plein de confiance.\u00a0\u00bb Tels \u00e9taient les mots de l&rsquo;entra\u00eeneur Philippe Correia avant le d\u00e9placement \u00e0 Morteau-Montlebon pour le compte du 6\u00e8me tour &#8230; <\/p>\n<p class=\"read-more-container\"><a title=\"[CDF 6e Tour : Morteau-Montlebon \u2013 FC Gueugnon] R\u00e9sultat, r\u00e9actions et r\u00e9sum\u00e9\" class=\"read-more button\" href=\"https:\/\/www.fcgueugnon.fr\/site\/cdf-6e-tour-morteau-montlebon-fc-gueugnon-resultat-reactions-et-resume\/1849#more-1849\" aria-label=\"Plus sur [CDF 6e Tour : Morteau-Montlebon \u2013 FC Gueugnon] R\u00e9sultat, r\u00e9actions et r\u00e9sum\u00e9\">Lire la suite<\/a><\/p>\n","protected":false},"author":3,"featured_media":1850,"comment_status":"closed","ping_status":"closed","sticky":true,"template":"","format":"standard","meta":{"footnotes":""},"categories":[5,4],"tags":[27,31],"class_list":["post-1849","post","type-post","status-publish","format-standard","has-post-thumbnail","hentry","category-news-2022-2023","category-news","tag-resultat","tag-video","infinite-scroll-item","generate-columns","tablet-grid-50","mobile-grid-100","grid-parent","grid-25","resize-featured-image"],"yoast_head":"<!-- This site is optimized with the Yoast SEO plugin v26.6 - https:\/\/yoast.com\/wordpress\/plugins\/seo\/ -->\n<title>[CDF 6e Tour : Morteau-Montlebon \u2013 FC Gueugnon] R\u00e9sultat, r\u00e9actions et r\u00e9sum\u00e9 &#8226; FOOTBALL CLUB GUEUGNON<\/title>\n<meta name=\"robots\" content=\"index, follow, max-snippet:-1, max-image-preview:large, max-video-preview:-1\" \/>\n<link rel=\"canonical\" href=\"https:\/\/www.fcgueugnon.fr\/site\/cdf-6e-tour-morteau-montlebon-fc-gueugnon-resultat-reactions-et-resume\/1849\" \/>\n<meta property=\"og:locale\" content=\"fr_FR\" \/>\n<meta property=\"og:type\" content=\"article\" \/>\n<meta property=\"og:title\" content=\"[CDF 6e Tour : Morteau-Montlebon \u2013 FC Gueugnon] R\u00e9sultat, r\u00e9actions et r\u00e9sum\u00e9 &#8226; FOOTBALL CLUB GUEUGNON\" \/>\n<meta property=\"og:description\" content=\"Une grande performance et une qualification m\u00e9rit\u00e9e pour le FC Gueugnon face \u00e0 Morteau-Monlebon ! Photos : Le JSL \/ Corentin MURAT \u00ab La Coupe de France doit nous servir pour faire le plein de confiance.\u00a0\u00bb Tels \u00e9taient les mots de l&rsquo;entra\u00eeneur Philippe Correia avant le d\u00e9placement \u00e0 Morteau-Montlebon pour le compte du 6\u00e8me tour ... Lire la suite\" \/>\n<meta property=\"og:url\" content=\"https:\/\/www.fcgueugnon.fr\/site\/cdf-6e-tour-morteau-montlebon-fc-gueugnon-resultat-reactions-et-resume\/1849\" \/>\n<meta property=\"og:site_name\" content=\"FOOTBALL CLUB GUEUGNON\" \/>\n<meta property=\"article:publisher\" content=\"http:\/\/facebook.com\/FCGueugnon\" \/>\n<meta property=\"article:published_time\" content=\"2022-10-17T09:24:19+00:00\" \/>\n<meta property=\"article:modified_time\" content=\"2022-10-17T09:24:22+00:00\" \/>\n<meta property=\"og:image\" content=\"https:\/\/www.fcgueugnon.fr\/site\/wp-content\/uploads\/2022\/10\/ce-samedi-le-fc-gueugnon-s-est-qualifie-pour-le-7e-tour-de-coupe-de-france-photo-jsl-corentin-murat-1665865385-3.jpg\" \/>\n\t<meta property=\"og:image:width\" content=\"1600\" \/>\n\t<meta property=\"og:image:height\" content=\"1101\" \/>\n\t<meta property=\"og:image:type\" content=\"image\/jpeg\" \/>\n<meta name=\"author\" content=\"FC Gueugnon\" \/>\n<meta name=\"twitter:card\" content=\"summary_large_image\" \/>\n<meta name=\"twitter:creator\" content=\"@FCGueugnon_off\" \/>\n<meta name=\"twitter:site\" content=\"@FCGueugnon_off\" \/>\n<meta name=\"twitter:label1\" content=\"\u00c9crit par\" \/>\n\t<meta name=\"twitter:data1\" content=\"FC Gueugnon\" \/>\n\t<meta name=\"twitter:label2\" content=\"Dur\u00e9e de lecture estim\u00e9e\" \/>\n\t<meta name=\"twitter:data2\" content=\"4 minutes\" \/>\n<script type=\"application\/ld+json\" class=\"yoast-schema-graph\">{\"@context\":\"https:\/\/schema.org\",\"@graph\":[{\"@type\":\"Article\",\"@id\":\"https:\/\/www.fcgueugnon.fr\/site\/cdf-6e-tour-morteau-montlebon-fc-gueugnon-resultat-reactions-et-resume\/1849#article\",\"isPartOf\":{\"@id\":\"https:\/\/www.fcgueugnon.fr\/site\/cdf-6e-tour-morteau-montlebon-fc-gueugnon-resultat-reactions-et-resume\/1849\"},\"author\":{\"name\":\"FC Gueugnon\",\"@id\":\"https:\/\/www.fcgueugnon.fr\/site\/#\/schema\/person\/829630bfb5d6f3ebe4d296b75687c01a\"},\"headline\":\"[CDF 6e Tour : Morteau-Montlebon \u2013 FC Gueugnon] R\u00e9sultat, r\u00e9actions et r\u00e9sum\u00e9\",\"datePublished\":\"2022-10-17T09:24:19+00:00\",\"dateModified\":\"2022-10-17T09:24:22+00:00\",\"mainEntityOfPage\":{\"@id\":\"https:\/\/www.fcgueugnon.fr\/site\/cdf-6e-tour-morteau-montlebon-fc-gueugnon-resultat-reactions-et-resume\/1849\"},\"wordCount\":674,\"publisher\":{\"@id\":\"https:\/\/www.fcgueugnon.fr\/site\/#organization\"},\"image\":{\"@id\":\"https:\/\/www.fcgueugnon.fr\/site\/cdf-6e-tour-morteau-montlebon-fc-gueugnon-resultat-reactions-et-resume\/1849#primaryimage\"},\"thumbnailUrl\":\"https:\/\/www.fcgueugnon.fr\/site\/wp-content\/uploads\/2022\/10\/ce-samedi-le-fc-gueugnon-s-est-qualifie-pour-le-7e-tour-de-coupe-de-france-photo-jsl-corentin-murat-1665865385-3.jpg\",\"keywords\":[\"R\u00e9sultat\",\"Vid\u00e9o\"],\"articleSection\":[\"Archives 2022\/2023\",\"News\"],\"inLanguage\":\"fr-FR\"},{\"@type\":\"WebPage\",\"@id\":\"https:\/\/www.fcgueugnon.fr\/site\/cdf-6e-tour-morteau-montlebon-fc-gueugnon-resultat-reactions-et-resume\/1849\",\"url\":\"https:\/\/www.fcgueugnon.fr\/site\/cdf-6e-tour-morteau-montlebon-fc-gueugnon-resultat-reactions-et-resume\/1849\",\"name\":\"[CDF 6e Tour : Morteau-Montlebon \u2013 FC Gueugnon] R\u00e9sultat, r\u00e9actions et r\u00e9sum\u00e9 &#8226; FOOTBALL CLUB GUEUGNON\",\"isPartOf\":{\"@id\":\"https:\/\/www.fcgueugnon.fr\/site\/#website\"},\"primaryImageOfPage\":{\"@id\":\"https:\/\/www.fcgueugnon.fr\/site\/cdf-6e-tour-morteau-montlebon-fc-gueugnon-resultat-reactions-et-resume\/1849#primaryimage\"},\"image\":{\"@id\":\"https:\/\/www.fcgueugnon.fr\/site\/cdf-6e-tour-morteau-montlebon-fc-gueugnon-resultat-reactions-et-resume\/1849#primaryimage\"},\"thumbnailUrl\":\"https:\/\/www.fcgueugnon.fr\/site\/wp-content\/uploads\/2022\/10\/ce-samedi-le-fc-gueugnon-s-est-qualifie-pour-le-7e-tour-de-coupe-de-france-photo-jsl-corentin-murat-1665865385-3.jpg\",\"datePublished\":\"2022-10-17T09:24:19+00:00\",\"dateModified\":\"2022-10-17T09:24:22+00:00\",\"breadcrumb\":{\"@id\":\"https:\/\/www.fcgueugnon.fr\/site\/cdf-6e-tour-morteau-montlebon-fc-gueugnon-resultat-reactions-et-resume\/1849#breadcrumb\"},\"inLanguage\":\"fr-FR\",\"potentialAction\":[{\"@type\":\"ReadAction\",\"target\":[\"https:\/\/www.fcgueugnon.fr\/site\/cdf-6e-tour-morteau-montlebon-fc-gueugnon-resultat-reactions-et-resume\/1849\"]}]},{\"@type\":\"ImageObject\",\"inLanguage\":\"fr-FR\",\"@id\":\"https:\/\/www.fcgueugnon.fr\/site\/cdf-6e-tour-morteau-montlebon-fc-gueugnon-resultat-reactions-et-resume\/1849#primaryimage\",\"url\":\"https:\/\/www.fcgueugnon.fr\/site\/wp-content\/uploads\/2022\/10\/ce-samedi-le-fc-gueugnon-s-est-qualifie-pour-le-7e-tour-de-coupe-de-france-photo-jsl-corentin-murat-1665865385-3.jpg\",\"contentUrl\":\"https:\/\/www.fcgueugnon.fr\/site\/wp-content\/uploads\/2022\/10\/ce-samedi-le-fc-gueugnon-s-est-qualifie-pour-le-7e-tour-de-coupe-de-france-photo-jsl-corentin-murat-1665865385-3.jpg\",\"width\":1600,\"height\":1101},{\"@type\":\"BreadcrumbList\",\"@id\":\"https:\/\/www.fcgueugnon.fr\/site\/cdf-6e-tour-morteau-montlebon-fc-gueugnon-resultat-reactions-et-resume\/1849#breadcrumb\",\"itemListElement\":[{\"@type\":\"ListItem\",\"position\":1,\"name\":\"Accueil\",\"item\":\"https:\/\/www.fcgueugnon.fr\/site\/\"},{\"@type\":\"ListItem\",\"position\":2,\"name\":\"[CDF 6e Tour : Morteau-Montlebon \u2013 FC Gueugnon] R\u00e9sultat, r\u00e9actions et r\u00e9sum\u00e9\"}]},{\"@type\":\"WebSite\",\"@id\":\"https:\/\/www.fcgueugnon.fr\/site\/#website\",\"url\":\"https:\/\/www.fcgueugnon.fr\/site\/\",\"name\":\"FOOTBALL CLUB GUEUGNON\",\"description\":\"Le Site Officiel des Forgerons\",\"publisher\":{\"@id\":\"https:\/\/www.fcgueugnon.fr\/site\/#organization\"},\"potentialAction\":[{\"@type\":\"SearchAction\",\"target\":{\"@type\":\"EntryPoint\",\"urlTemplate\":\"https:\/\/www.fcgueugnon.fr\/site\/?s={search_term_string}\"},\"query-input\":{\"@type\":\"PropertyValueSpecification\",\"valueRequired\":true,\"valueName\":\"search_term_string\"}}],\"inLanguage\":\"fr-FR\"},{\"@type\":\"Organization\",\"@id\":\"https:\/\/www.fcgueugnon.fr\/site\/#organization\",\"name\":\"FC Gueugnon\",\"url\":\"https:\/\/www.fcgueugnon.fr\/site\/\",\"logo\":{\"@type\":\"ImageObject\",\"inLanguage\":\"fr-FR\",\"@id\":\"https:\/\/www.fcgueugnon.fr\/site\/#\/schema\/logo\/image\/\",\"url\":\"https:\/\/www.fcgueugnon.fr\/site\/wp-content\/uploads\/2022\/07\/cropped-Logo-FCGUEUGNON-low-350x350-1.png\",\"contentUrl\":\"https:\/\/www.fcgueugnon.fr\/site\/wp-content\/uploads\/2022\/07\/cropped-Logo-FCGUEUGNON-low-350x350-1.png\",\"width\":350,\"height\":350,\"caption\":\"FC Gueugnon\"},\"image\":{\"@id\":\"https:\/\/www.fcgueugnon.fr\/site\/#\/schema\/logo\/image\/\"},\"sameAs\":[\"http:\/\/facebook.com\/FCGueugnon\",\"https:\/\/x.com\/FCGueugnon_off\",\"https:\/\/www.instagram.com\/fcgueugnon\/\",\"https:\/\/www.linkedin.com\/company\/football-club-de-gueugnon\/\",\"https:\/\/www.youtube.com\/user\/FCGueugnonnais\",\"https:\/\/fr.wikipedia.org\/wiki\/Football_Club_de_Gueugnon\"]},{\"@type\":\"Person\",\"@id\":\"https:\/\/www.fcgueugnon.fr\/site\/#\/schema\/person\/829630bfb5d6f3ebe4d296b75687c01a\",\"name\":\"FC Gueugnon\",\"url\":\"https:\/\/www.fcgueugnon.fr\/site\/author\/g-avin1\"}]}<\/script>\n<!-- \/ Yoast SEO plugin. -->","yoast_head_json":{"title":"[CDF 6e Tour : Morteau-Montlebon \u2013 FC Gueugnon] R\u00e9sultat, r\u00e9actions et r\u00e9sum\u00e9 &#8226; FOOTBALL CLUB GUEUGNON","robots":{"index":"index","follow":"follow","max-snippet":"max-snippet:-1","max-image-preview":"max-image-preview:large","max-video-preview":"max-video-preview:-1"},"canonical":"https:\/\/www.fcgueugnon.fr\/site\/cdf-6e-tour-morteau-montlebon-fc-gueugnon-resultat-reactions-et-resume\/1849","og_locale":"fr_FR","og_type":"article","og_title":"[CDF 6e Tour : Morteau-Montlebon \u2013 FC Gueugnon] R\u00e9sultat, r\u00e9actions et r\u00e9sum\u00e9 &#8226; FOOTBALL CLUB GUEUGNON","og_description":"Une grande performance et une qualification m\u00e9rit\u00e9e pour le FC Gueugnon face \u00e0 Morteau-Monlebon ! Photos : Le JSL \/ Corentin MURAT \u00ab La Coupe de France doit nous servir pour faire le plein de confiance.\u00a0\u00bb Tels \u00e9taient les mots de l&rsquo;entra\u00eeneur Philippe Correia avant le d\u00e9placement \u00e0 Morteau-Montlebon pour le compte du 6\u00e8me tour ... Lire la suite","og_url":"https:\/\/www.fcgueugnon.fr\/site\/cdf-6e-tour-morteau-montlebon-fc-gueugnon-resultat-reactions-et-resume\/1849","og_site_name":"FOOTBALL CLUB GUEUGNON","article_publisher":"http:\/\/facebook.com\/FCGueugnon","article_published_time":"2022-10-17T09:24:19+00:00","article_modified_time":"2022-10-17T09:24:22+00:00","og_image":[{"width":1600,"height":1101,"url":"https:\/\/www.fcgueugnon.fr\/site\/wp-content\/uploads\/2022\/10\/ce-samedi-le-fc-gueugnon-s-est-qualifie-pour-le-7e-tour-de-coupe-de-france-photo-jsl-corentin-murat-1665865385-3.jpg","type":"image\/jpeg"}],"author":"FC Gueugnon","twitter_card":"summary_large_image","twitter_creator":"@FCGueugnon_off","twitter_site":"@FCGueugnon_off","twitter_misc":{"\u00c9crit par":"FC Gueugnon","Dur\u00e9e de lecture estim\u00e9e":"4 minutes"},"schema":{"@context":"https:\/\/schema.org","@graph":[{"@type":"Article","@id":"https:\/\/www.fcgueugnon.fr\/site\/cdf-6e-tour-morteau-montlebon-fc-gueugnon-resultat-reactions-et-resume\/1849#article","isPartOf":{"@id":"https:\/\/www.fcgueugnon.fr\/site\/cdf-6e-tour-morteau-montlebon-fc-gueugnon-resultat-reactions-et-resume\/1849"},"author":{"name":"FC Gueugnon","@id":"https:\/\/www.fcgueugnon.fr\/site\/#\/schema\/person\/829630bfb5d6f3ebe4d296b75687c01a"},"headline":"[CDF 6e Tour : Morteau-Montlebon \u2013 FC Gueugnon] R\u00e9sultat, r\u00e9actions et r\u00e9sum\u00e9","datePublished":"2022-10-17T09:24:19+00:00","dateModified":"2022-10-17T09:24:22+00:00","mainEntityOfPage":{"@id":"https:\/\/www.fcgueugnon.fr\/site\/cdf-6e-tour-morteau-montlebon-fc-gueugnon-resultat-reactions-et-resume\/1849"},"wordCount":674,"publisher":{"@id":"https:\/\/www.fcgueugnon.fr\/site\/#organization"},"image":{"@id":"https:\/\/www.fcgueugnon.fr\/site\/cdf-6e-tour-morteau-montlebon-fc-gueugnon-resultat-reactions-et-resume\/1849#primaryimage"},"thumbnailUrl":"https:\/\/www.fcgueugnon.fr\/site\/wp-content\/uploads\/2022\/10\/ce-samedi-le-fc-gueugnon-s-est-qualifie-pour-le-7e-tour-de-coupe-de-france-photo-jsl-corentin-murat-1665865385-3.jpg","keywords":["R\u00e9sultat","Vid\u00e9o"],"articleSection":["Archives 2022\/2023","News"],"inLanguage":"fr-FR"},{"@type":"WebPage","@id":"https:\/\/www.fcgueugnon.fr\/site\/cdf-6e-tour-morteau-montlebon-fc-gueugnon-resultat-reactions-et-resume\/1849","url":"https:\/\/www.fcgueugnon.fr\/site\/cdf-6e-tour-morteau-montlebon-fc-gueugnon-resultat-reactions-et-resume\/1849","name":"[CDF 6e Tour : Morteau-Montlebon \u2013 FC Gueugnon] R\u00e9sultat, r\u00e9actions et r\u00e9sum\u00e9 &#8226; FOOTBALL CLUB GUEUGNON","isPartOf":{"@id":"https:\/\/www.fcgueugnon.fr\/site\/#website"},"primaryImageOfPage":{"@id":"https:\/\/www.fcgueugnon.fr\/site\/cdf-6e-tour-morteau-montlebon-fc-gueugnon-resultat-reactions-et-resume\/1849#primaryimage"},"image":{"@id":"https:\/\/www.fcgueugnon.fr\/site\/cdf-6e-tour-morteau-montlebon-fc-gueugnon-resultat-reactions-et-resume\/1849#primaryimage"},"thumbnailUrl":"https:\/\/www.fcgueugnon.fr\/site\/wp-content\/uploads\/2022\/10\/ce-samedi-le-fc-gueugnon-s-est-qualifie-pour-le-7e-tour-de-coupe-de-france-photo-jsl-corentin-murat-1665865385-3.jpg","datePublished":"2022-10-17T09:24:19+00:00","dateModified":"2022-10-17T09:24:22+00:00","breadcrumb":{"@id":"https:\/\/www.fcgueugnon.fr\/site\/cdf-6e-tour-morteau-montlebon-fc-gueugnon-resultat-reactions-et-resume\/1849#breadcrumb"},"inLanguage":"fr-FR","potentialAction":[{"@type":"ReadAction","target":["https:\/\/www.fcgueugnon.fr\/site\/cdf-6e-tour-morteau-montlebon-fc-gueugnon-resultat-reactions-et-resume\/1849"]}]},{"@type":"ImageObject","inLanguage":"fr-FR","@id":"https:\/\/www.fcgueugnon.fr\/site\/cdf-6e-tour-morteau-montlebon-fc-gueugnon-resultat-reactions-et-resume\/1849#primaryimage","url":"https:\/\/www.fcgueugnon.fr\/site\/wp-content\/uploads\/2022\/10\/ce-samedi-le-fc-gueugnon-s-est-qualifie-pour-le-7e-tour-de-coupe-de-france-photo-jsl-corentin-murat-1665865385-3.jpg","contentUrl":"https:\/\/www.fcgueugnon.fr\/site\/wp-content\/uploads\/2022\/10\/ce-samedi-le-fc-gueugnon-s-est-qualifie-pour-le-7e-tour-de-coupe-de-france-photo-jsl-corentin-murat-1665865385-3.jpg","width":1600,"height":1101},{"@type":"BreadcrumbList","@id":"https:\/\/www.fcgueugnon.fr\/site\/cdf-6e-tour-morteau-montlebon-fc-gueugnon-resultat-reactions-et-resume\/1849#breadcrumb","itemListElement":[{"@type":"ListItem","position":1,"name":"Accueil","item":"https:\/\/www.fcgueugnon.fr\/site\/"},{"@type":"ListItem","position":2,"name":"[CDF 6e Tour : Morteau-Montlebon \u2013 FC Gueugnon] R\u00e9sultat, r\u00e9actions et r\u00e9sum\u00e9"}]},{"@type":"WebSite","@id":"https:\/\/www.fcgueugnon.fr\/site\/#website","url":"https:\/\/www.fcgueugnon.fr\/site\/","name":"FOOTBALL CLUB GUEUGNON","description":"Le Site Officiel des Forgerons","publisher":{"@id":"https:\/\/www.fcgueugnon.fr\/site\/#organization"},"potentialAction":[{"@type":"SearchAction","target":{"@type":"EntryPoint","urlTemplate":"https:\/\/www.fcgueugnon.fr\/site\/?s={search_term_string}"},"query-input":{"@type":"PropertyValueSpecification","valueRequired":true,"valueName":"search_term_string"}}],"inLanguage":"fr-FR"},{"@type":"Organization","@id":"https:\/\/www.fcgueugnon.fr\/site\/#organization","name":"FC Gueugnon","url":"https:\/\/www.fcgueugnon.fr\/site\/","logo":{"@type":"ImageObject","inLanguage":"fr-FR","@id":"https:\/\/www.fcgueugnon.fr\/site\/#\/schema\/logo\/image\/","url":"https:\/\/www.fcgueugnon.fr\/site\/wp-content\/uploads\/2022\/07\/cropped-Logo-FCGUEUGNON-low-350x350-1.png","contentUrl":"https:\/\/www.fcgueugnon.fr\/site\/wp-content\/uploads\/2022\/07\/cropped-Logo-FCGUEUGNON-low-350x350-1.png","width":350,"height":350,"caption":"FC Gueugnon"},"image":{"@id":"https:\/\/www.fcgueugnon.fr\/site\/#\/schema\/logo\/image\/"},"sameAs":["http:\/\/facebook.com\/FCGueugnon","https:\/\/x.com\/FCGueugnon_off","https:\/\/www.instagram.com\/fcgueugnon\/","https:\/\/www.linkedin.com\/company\/football-club-de-gueugnon\/","https:\/\/www.youtube.com\/user\/FCGueugnonnais","https:\/\/fr.wikipedia.org\/wiki\/Football_Club_de_Gueugnon"]},{"@type":"Person","@id":"https:\/\/www.fcgueugnon.fr\/site\/#\/schema\/person\/829630bfb5d6f3ebe4d296b75687c01a","name":"FC Gueugnon","url":"https:\/\/www.fcgueugnon.fr\/site\/author\/g-avin1"}]}},"rttpg_featured_image_url":{"full":["https:\/\/www.fcgueugnon.fr\/site\/wp-content\/uploads\/2022\/10\/ce-samedi-le-fc-gueugnon-s-est-qualifie-pour-le-7e-tour-de-coupe-de-france-photo-jsl-corentin-murat-1665865385-3.jpg",1600,1101,false],"landscape":["https:\/\/www.fcgueugnon.fr\/site\/wp-content\/uploads\/2022\/10\/ce-samedi-le-fc-gueugnon-s-est-qualifie-pour-le-7e-tour-de-coupe-de-france-photo-jsl-corentin-murat-1665865385-3.jpg",1600,1101,false],"portraits":["https:\/\/www.fcgueugnon.fr\/site\/wp-content\/uploads\/2022\/10\/ce-samedi-le-fc-gueugnon-s-est-qualifie-pour-le-7e-tour-de-coupe-de-france-photo-jsl-corentin-murat-1665865385-3.jpg",1600,1101,false],"thumbnail":["https:\/\/www.fcgueugnon.fr\/site\/wp-content\/uploads\/2022\/10\/ce-samedi-le-fc-gueugnon-s-est-qualifie-pour-le-7e-tour-de-coupe-de-france-photo-jsl-corentin-murat-1665865385-3-150x150.jpg",150,150,true],"medium":["https:\/\/www.fcgueugnon.fr\/site\/wp-content\/uploads\/2022\/10\/ce-samedi-le-fc-gueugnon-s-est-qualifie-pour-le-7e-tour-de-coupe-de-france-photo-jsl-corentin-murat-1665865385-3-400x275.jpg",400,275,true],"large":["https:\/\/www.fcgueugnon.fr\/site\/wp-content\/uploads\/2022\/10\/ce-samedi-le-fc-gueugnon-s-est-qualifie-pour-le-7e-tour-de-coupe-de-france-photo-jsl-corentin-murat-1665865385-3-1024x705.jpg",1024,705,true],"1536x1536":["https:\/\/www.fcgueugnon.fr\/site\/wp-content\/uploads\/2022\/10\/ce-samedi-le-fc-gueugnon-s-est-qualifie-pour-le-7e-tour-de-coupe-de-france-photo-jsl-corentin-murat-1665865385-3-1536x1057.jpg",1536,1057,true],"2048x2048":["https:\/\/www.fcgueugnon.fr\/site\/wp-content\/uploads\/2022\/10\/ce-samedi-le-fc-gueugnon-s-est-qualifie-pour-le-7e-tour-de-coupe-de-france-photo-jsl-corentin-murat-1665865385-3.jpg",1600,1101,false]},"rttpg_author":{"display_name":"FC Gueugnon","author_link":"https:\/\/www.fcgueugnon.fr\/site\/author\/g-avin1"},"rttpg_comment":0,"rttpg_category":"<a href=\"https:\/\/www.fcgueugnon.fr\/site\/category\/news\/news-2022-2023\" rel=\"category tag\">Archives 2022\/2023<\/a> <a href=\"https:\/\/www.fcgueugnon.fr\/site\/category\/news\" rel=\"category tag\">News<\/a>","rttpg_excerpt":"Une grande performance et une qualification m\u00e9rit\u00e9e pour le FC Gueugnon face \u00e0 Morteau-Monlebon ! Photos : Le JSL \/ Corentin MURAT \u00ab La Coupe de France doit nous servir pour faire le plein de confiance.\u00a0\u00bb Tels \u00e9taient les mots de l&rsquo;entra\u00eeneur Philippe Correia avant le d\u00e9placement \u00e0 Morteau-Montlebon pour le compte du 6\u00e8me tour\u2026","_links":{"self":[{"href":"https:\/\/www.fcgueugnon.fr\/site\/wp-json\/wp\/v2\/posts\/1849","targetHints":{"allow":["GET"]}}],"collection":[{"href":"https:\/\/www.fcgueugnon.fr\/site\/wp-json\/wp\/v2\/posts"}],"about":[{"href":"https:\/\/www.fcgueugnon.fr\/site\/wp-json\/wp\/v2\/types\/post"}],"author":[{"embeddable":true,"href":"https:\/\/www.fcgueugnon.fr\/site\/wp-json\/wp\/v2\/users\/3"}],"replies":[{"embeddable":true,"href":"https:\/\/www.fcgueugnon.fr\/site\/wp-json\/wp\/v2\/comments?post=1849"}],"version-history":[{"count":2,"href":"https:\/\/www.fcgueugnon.fr\/site\/wp-json\/wp\/v2\/posts\/1849\/revisions"}],"predecessor-version":[{"id":1853,"href":"https:\/\/www.fcgueugnon.fr\/site\/wp-json\/wp\/v2\/posts\/1849\/revisions\/1853"}],"wp:featuredmedia":[{"embeddable":true,"href":"https:\/\/www.fcgueugnon.fr\/site\/wp-json\/wp\/v2\/media\/1850"}],"wp:attachment":[{"href":"https:\/\/www.fcgueugnon.fr\/site\/wp-json\/wp\/v2\/media?parent=1849"}],"wp:term":[{"taxonomy":"category","embeddable":true,"href":"https:\/\/www.fcgueugnon.fr\/site\/wp-json\/wp\/v2\/categories?post=1849"},{"taxonomy":"post_tag","embeddable":true,"href":"https:\/\/www.fcgueugnon.fr\/site\/wp-json\/wp\/v2\/tags?post=1849"}],"curies":[{"name":"wp","href":"https:\/\/api.w.org\/{rel}","templated":true}]}}