{"id":1316,"date":"2022-09-14T16:46:50","date_gmt":"2022-09-14T14:46:50","guid":{"rendered":"https:\/\/www.fcgueugnon.fr\/site\/?p=1316"},"modified":"2024-10-07T11:18:35","modified_gmt":"2024-10-07T09:18:35","slug":"foema-2022-rendez-vous-le-07-octobre-pour-le-forum-de-lorientation-et-de-lemploi","status":"publish","type":"post","link":"https:\/\/www.fcgueugnon.fr\/site\/foema-2022-rendez-vous-le-07-octobre-pour-le-forum-de-lorientation-et-de-lemploi\/1316","title":{"rendered":"[FOEMA 2022] Rendez-vous le 07 Octobre pour le forum de l&rsquo;orientation et de l&#8217;emploi !"},"content":{"rendered":"\n<h3 class=\"wp-block-heading\"><strong>Hier au Salon de Bourgogne du Stade Jean Laville, avait lieu la conf\u00e9rence de presse officialisant l&rsquo;organisation de la 7\u00e8me \u00e9dition du Forum de l\u2019Orientation, de l&rsquo;Emploi, des M\u00e9tiers et de l\u2019Apprentissage.<\/strong><\/h3>\n\n\n\n<div style=\"height:20px\" aria-hidden=\"true\" class=\"wp-block-spacer\"><\/div>\n\n\n<div class=\"wp-block-image\">\n<figure class=\"aligncenter size-large\"><img loading=\"lazy\" decoding=\"async\" width=\"1024\" height=\"576\" src=\"https:\/\/www.fcgueugnon.fr\/site\/wp-content\/uploads\/2022\/09\/BANNIERE-FORUM-EMPLOI-FOEMA-2022-1024x576.png\" alt=\"\" class=\"wp-image-1320\" srcset=\"https:\/\/www.fcgueugnon.fr\/site\/wp-content\/uploads\/2022\/09\/BANNIERE-FORUM-EMPLOI-FOEMA-2022-1024x576.png 1024w, https:\/\/www.fcgueugnon.fr\/site\/wp-content\/uploads\/2022\/09\/BANNIERE-FORUM-EMPLOI-FOEMA-2022-400x225.png 400w, https:\/\/www.fcgueugnon.fr\/site\/wp-content\/uploads\/2022\/09\/BANNIERE-FORUM-EMPLOI-FOEMA-2022-768x432.png 768w, https:\/\/www.fcgueugnon.fr\/site\/wp-content\/uploads\/2022\/09\/BANNIERE-FORUM-EMPLOI-FOEMA-2022-1536x864.png 1536w, https:\/\/www.fcgueugnon.fr\/site\/wp-content\/uploads\/2022\/09\/BANNIERE-FORUM-EMPLOI-FOEMA-2022-1320x743.png 1320w, https:\/\/www.fcgueugnon.fr\/site\/wp-content\/uploads\/2022\/09\/BANNIERE-FORUM-EMPLOI-FOEMA-2022.png 1920w\" sizes=\"auto, (max-width: 1024px) 100vw, 1024px\" \/><\/figure>\n<\/div>\n\n\n<div style=\"height:20px\" aria-hidden=\"true\" class=\"wp-block-spacer\"><\/div>\n\n\n\n<p>Le 07 Octobre prochain, le Football Club de Gueugnon, en collaboration avec la Mission Locale du Charolais, P\u00f4le Emploi, la ville de Gueugnon et le Pays Charolais Brionnais organise la 7\u00e8me \u00e9dition de ce forum qui r\u00e9unit des entreprises de tous secteurs, les agences d\u2019int\u00e9rim, les chambres consulaires et divers organismes de formation et d\u2019apprentissage.<\/p>\n\n\n\n<div style=\"height:20px\" aria-hidden=\"true\" class=\"wp-block-spacer\"><\/div>\n\n\n\n<p><strong>Un \u00e9v\u00e9nement de grande ampleur<\/strong><\/p>\n\n\n\n<p>Relanc\u00e9 en 2016, cet \u00e9v\u00e9nement a pris un nouvel essor dans le bassin charolais brionnais puisque d\u2019ann\u00e9es en ann\u00e9es, intervenants et publics sont de plus en plus nombreux.&nbsp;<em>\u00ab&nbsp;C\u2019est un forum qui fonctionne bien et qui a d\u00e9montr\u00e9 tout son int\u00e9r\u00eat lors des pr\u00e9c\u00e9dentes \u00e9ditions.&nbsp;\u00bb<\/em>&nbsp;L&rsquo;objectif est de devenir un \u00e9v\u00e9nement incontournable chaque ann\u00e9e.<\/p>\n\n\n\n<p><em>\u00ab&nbsp;52 intervenants ont d&rsquo;ores-et-d\u00e9j\u00e0 r\u00e9pondu pr\u00e9sents. Nous sommes donc complet \u00e0 une vingtaine de jours de l&rsquo;\u00e9v\u00e9nement. C\u2019est d\u00e9j\u00e0 un signe de r\u00e9ussite.<\/em> <em>\u00bb<\/em>&nbsp;explique Christophe Noluveau, Directeur G\u00e9n\u00e9ral du FC Gueugnon.<\/p>\n\n\n\n<p>D\u2019autre part, un mur d\u2019offres d\u2019emploi sera mis en place de fa\u00e7on \u00e0 ce que les entreprises non pr\u00e9sentes puissent, elles aussi favoriser leur recrutement.<\/p>\n\n\n\n<div style=\"height:20px\" aria-hidden=\"true\" class=\"wp-block-spacer\"><\/div>\n\n\n\n<p><strong>Entreprises, organismes de formation, publics concern\u00e9s : Des objectifs communs.<\/strong><\/p>\n\n\n\n<p>Les entreprises pr\u00e9sentes proposeront diverses offres d\u2019emplois dans tous les secteurs d\u2019activit\u00e9s.&nbsp;&nbsp;<em>\u00ab&nbsp;Nous devons participer \u00e0 la rencontre entre l\u2019offre et la demande et ainsi faciliter les entretiens entre employeurs\/chefs d\u2019entreprise et demandeurs d\u2019emploi. La satisfaction de tous est notre priorit\u00e9.&nbsp;\u00bb<\/em><\/p>\n\n\n\n<p>Le second objectif sera de&nbsp;<em>\u00ab&nbsp;construire un projet professionnel pour tous&nbsp;\u00bb<\/em>. C\u2019est pourquoi,&nbsp; les organismes de formation, coll\u00e8ges, lyc\u00e9es et CFA du secteur sont \u00e9galement sollicit\u00e9s. Le programme de formation est important sur notre territoire et il est important de les impliquer dans l\u2019organisation de ce forum.<\/p>\n\n\n\n<div style=\"height:20px\" aria-hidden=\"true\" class=\"wp-block-spacer\"><\/div>\n\n\n\n<p class=\"has-text-align-center\"><strong>Nous vous donnons rendez-vous le 07 Octobre prochain, \u00e0 partir de 08h30 au Stade Jean Laville de Gueugnon !<\/strong><\/p>\n\n\n<div class=\"wp-block-image\">\n<figure class=\"aligncenter size-large\"><img loading=\"lazy\" decoding=\"async\" width=\"724\" height=\"1024\" src=\"https:\/\/www.fcgueugnon.fr\/site\/wp-content\/uploads\/2022\/09\/Affiche-FEOMA-2022-724x1024.png\" alt=\"\" class=\"wp-image-1332\" srcset=\"https:\/\/www.fcgueugnon.fr\/site\/wp-content\/uploads\/2022\/09\/Affiche-FEOMA-2022-724x1024.png 724w, https:\/\/www.fcgueugnon.fr\/site\/wp-content\/uploads\/2022\/09\/Affiche-FEOMA-2022-283x400.png 283w, https:\/\/www.fcgueugnon.fr\/site\/wp-content\/uploads\/2022\/09\/Affiche-FEOMA-2022-768x1086.png 768w, https:\/\/www.fcgueugnon.fr\/site\/wp-content\/uploads\/2022\/09\/Affiche-FEOMA-2022-1086x1536.png 1086w, https:\/\/www.fcgueugnon.fr\/site\/wp-content\/uploads\/2022\/09\/Affiche-FEOMA-2022-1448x2048.png 1448w, https:\/\/www.fcgueugnon.fr\/site\/wp-content\/uploads\/2022\/09\/Affiche-FEOMA-2022-1320x1867.png 1320w\" sizes=\"auto, (max-width: 724px) 100vw, 724px\" \/><\/figure>\n<\/div>","protected":false},"excerpt":{"rendered":"<p>Hier au Salon de Bourgogne du Stade Jean Laville, avait lieu la conf\u00e9rence de presse officialisant l&rsquo;organisation de la 7\u00e8me \u00e9dition du Forum de l\u2019Orientation, de l&rsquo;Emploi, des M\u00e9tiers et de l\u2019Apprentissage. Le 07 Octobre prochain, le Football Club de Gueugnon, en collaboration avec la Mission Locale du Charolais, P\u00f4le Emploi, la ville de Gueugnon &#8230; <\/p>\n<p class=\"read-more-container\"><a title=\"[FOEMA 2022] Rendez-vous le 07 Octobre pour le forum de l&rsquo;orientation et de l&#8217;emploi !\" class=\"read-more button\" href=\"https:\/\/www.fcgueugnon.fr\/site\/foema-2022-rendez-vous-le-07-octobre-pour-le-forum-de-lorientation-et-de-lemploi\/1316#more-1316\" aria-label=\"Plus sur [FOEMA 2022] Rendez-vous le 07 Octobre pour le forum de l&rsquo;orientation et de l&#8217;emploi !\">Lire la suite<\/a><\/p>\n","protected":false},"author":3,"featured_media":1320,"comment_status":"closed","ping_status":"closed","sticky":false,"template":"","format":"standard","meta":{"footnotes":""},"categories":[5,4],"tags":[34],"class_list":["post-1316","post","type-post","status-publish","format-standard","has-post-thumbnail","hentry","category-news-2022-2023","category-news","tag-extra-sportif","infinite-scroll-item","generate-columns","tablet-grid-50","mobile-grid-100","grid-parent","grid-25","resize-featured-image"],"yoast_head":"<!-- This site is optimized with the Yoast SEO plugin v26.6 - https:\/\/yoast.com\/wordpress\/plugins\/seo\/ -->\n<title>[FOEMA 2022] Rendez-vous le 07 Octobre pour le forum de l&#039;orientation et de l&#039;emploi ! &#8226; FOOTBALL CLUB GUEUGNON<\/title>\n<meta name=\"robots\" content=\"index, follow, max-snippet:-1, max-image-preview:large, max-video-preview:-1\" \/>\n<link rel=\"canonical\" href=\"https:\/\/www.fcgueugnon.fr\/site\/foema-2022-rendez-vous-le-07-octobre-pour-le-forum-de-lorientation-et-de-lemploi\/1316\" \/>\n<meta property=\"og:locale\" content=\"fr_FR\" \/>\n<meta property=\"og:type\" content=\"article\" \/>\n<meta property=\"og:title\" content=\"[FOEMA 2022] Rendez-vous le 07 Octobre pour le forum de l&#039;orientation et de l&#039;emploi ! &#8226; FOOTBALL CLUB GUEUGNON\" \/>\n<meta property=\"og:description\" content=\"Hier au Salon de Bourgogne du Stade Jean Laville, avait lieu la conf\u00e9rence de presse officialisant l&rsquo;organisation de la 7\u00e8me \u00e9dition du Forum de l\u2019Orientation, de l&rsquo;Emploi, des M\u00e9tiers et de l\u2019Apprentissage. Le 07 Octobre prochain, le Football Club de Gueugnon, en collaboration avec la Mission Locale du Charolais, P\u00f4le Emploi, la ville de Gueugnon ... Lire la suite\" \/>\n<meta property=\"og:url\" content=\"https:\/\/www.fcgueugnon.fr\/site\/foema-2022-rendez-vous-le-07-octobre-pour-le-forum-de-lorientation-et-de-lemploi\/1316\" \/>\n<meta property=\"og:site_name\" content=\"FOOTBALL CLUB GUEUGNON\" \/>\n<meta property=\"article:publisher\" content=\"http:\/\/facebook.com\/FCGueugnon\" \/>\n<meta property=\"article:published_time\" content=\"2022-09-14T14:46:50+00:00\" \/>\n<meta property=\"article:modified_time\" content=\"2024-10-07T09:18:35+00:00\" \/>\n<meta property=\"og:image\" content=\"https:\/\/www.fcgueugnon.fr\/site\/wp-content\/uploads\/2022\/09\/BANNIERE-FORUM-EMPLOI-FOEMA-2022.png\" \/>\n\t<meta property=\"og:image:width\" content=\"1920\" \/>\n\t<meta property=\"og:image:height\" content=\"1080\" \/>\n\t<meta property=\"og:image:type\" content=\"image\/png\" \/>\n<meta name=\"author\" content=\"FC Gueugnon\" \/>\n<meta name=\"twitter:card\" content=\"summary_large_image\" \/>\n<meta name=\"twitter:creator\" content=\"@FCGueugnon_off\" \/>\n<meta name=\"twitter:site\" content=\"@FCGueugnon_off\" \/>\n<meta name=\"twitter:label1\" content=\"\u00c9crit par\" \/>\n\t<meta name=\"twitter:data1\" content=\"FC Gueugnon\" \/>\n<script type=\"application\/ld+json\" class=\"yoast-schema-graph\">{\"@context\":\"https:\/\/schema.org\",\"@graph\":[{\"@type\":\"Article\",\"@id\":\"https:\/\/www.fcgueugnon.fr\/site\/foema-2022-rendez-vous-le-07-octobre-pour-le-forum-de-lorientation-et-de-lemploi\/1316#article\",\"isPartOf\":{\"@id\":\"https:\/\/www.fcgueugnon.fr\/site\/foema-2022-rendez-vous-le-07-octobre-pour-le-forum-de-lorientation-et-de-lemploi\/1316\"},\"author\":{\"name\":\"FC Gueugnon\",\"@id\":\"https:\/\/www.fcgueugnon.fr\/site\/#\/schema\/person\/829630bfb5d6f3ebe4d296b75687c01a\"},\"headline\":\"[FOEMA 2022] Rendez-vous le 07 Octobre pour le forum de l&rsquo;orientation et de l&#8217;emploi !\",\"datePublished\":\"2022-09-14T14:46:50+00:00\",\"dateModified\":\"2024-10-07T09:18:35+00:00\",\"mainEntityOfPage\":{\"@id\":\"https:\/\/www.fcgueugnon.fr\/site\/foema-2022-rendez-vous-le-07-octobre-pour-le-forum-de-lorientation-et-de-lemploi\/1316\"},\"wordCount\":392,\"publisher\":{\"@id\":\"https:\/\/www.fcgueugnon.fr\/site\/#organization\"},\"image\":{\"@id\":\"https:\/\/www.fcgueugnon.fr\/site\/foema-2022-rendez-vous-le-07-octobre-pour-le-forum-de-lorientation-et-de-lemploi\/1316#primaryimage\"},\"thumbnailUrl\":\"https:\/\/www.fcgueugnon.fr\/site\/wp-content\/uploads\/2022\/09\/BANNIERE-FORUM-EMPLOI-FOEMA-2022.png\",\"keywords\":[\"extra-sportif\"],\"articleSection\":[\"Archives 2022\/2023\",\"News\"],\"inLanguage\":\"fr-FR\"},{\"@type\":\"WebPage\",\"@id\":\"https:\/\/www.fcgueugnon.fr\/site\/foema-2022-rendez-vous-le-07-octobre-pour-le-forum-de-lorientation-et-de-lemploi\/1316\",\"url\":\"https:\/\/www.fcgueugnon.fr\/site\/foema-2022-rendez-vous-le-07-octobre-pour-le-forum-de-lorientation-et-de-lemploi\/1316\",\"name\":\"[FOEMA 2022] Rendez-vous le 07 Octobre pour le forum de l'orientation et de l'emploi ! &#8226; FOOTBALL CLUB GUEUGNON\",\"isPartOf\":{\"@id\":\"https:\/\/www.fcgueugnon.fr\/site\/#website\"},\"primaryImageOfPage\":{\"@id\":\"https:\/\/www.fcgueugnon.fr\/site\/foema-2022-rendez-vous-le-07-octobre-pour-le-forum-de-lorientation-et-de-lemploi\/1316#primaryimage\"},\"image\":{\"@id\":\"https:\/\/www.fcgueugnon.fr\/site\/foema-2022-rendez-vous-le-07-octobre-pour-le-forum-de-lorientation-et-de-lemploi\/1316#primaryimage\"},\"thumbnailUrl\":\"https:\/\/www.fcgueugnon.fr\/site\/wp-content\/uploads\/2022\/09\/BANNIERE-FORUM-EMPLOI-FOEMA-2022.png\",\"datePublished\":\"2022-09-14T14:46:50+00:00\",\"dateModified\":\"2024-10-07T09:18:35+00:00\",\"breadcrumb\":{\"@id\":\"https:\/\/www.fcgueugnon.fr\/site\/foema-2022-rendez-vous-le-07-octobre-pour-le-forum-de-lorientation-et-de-lemploi\/1316#breadcrumb\"},\"inLanguage\":\"fr-FR\",\"potentialAction\":[{\"@type\":\"ReadAction\",\"target\":[\"https:\/\/www.fcgueugnon.fr\/site\/foema-2022-rendez-vous-le-07-octobre-pour-le-forum-de-lorientation-et-de-lemploi\/1316\"]}]},{\"@type\":\"ImageObject\",\"inLanguage\":\"fr-FR\",\"@id\":\"https:\/\/www.fcgueugnon.fr\/site\/foema-2022-rendez-vous-le-07-octobre-pour-le-forum-de-lorientation-et-de-lemploi\/1316#primaryimage\",\"url\":\"https:\/\/www.fcgueugnon.fr\/site\/wp-content\/uploads\/2022\/09\/BANNIERE-FORUM-EMPLOI-FOEMA-2022.png\",\"contentUrl\":\"https:\/\/www.fcgueugnon.fr\/site\/wp-content\/uploads\/2022\/09\/BANNIERE-FORUM-EMPLOI-FOEMA-2022.png\",\"width\":1920,\"height\":1080},{\"@type\":\"BreadcrumbList\",\"@id\":\"https:\/\/www.fcgueugnon.fr\/site\/foema-2022-rendez-vous-le-07-octobre-pour-le-forum-de-lorientation-et-de-lemploi\/1316#breadcrumb\",\"itemListElement\":[{\"@type\":\"ListItem\",\"position\":1,\"name\":\"Accueil\",\"item\":\"https:\/\/www.fcgueugnon.fr\/site\/\"},{\"@type\":\"ListItem\",\"position\":2,\"name\":\"[FOEMA 2022] Rendez-vous le 07 Octobre pour le forum de l&rsquo;orientation et de l&#8217;emploi !\"}]},{\"@type\":\"WebSite\",\"@id\":\"https:\/\/www.fcgueugnon.fr\/site\/#website\",\"url\":\"https:\/\/www.fcgueugnon.fr\/site\/\",\"name\":\"FOOTBALL CLUB GUEUGNON\",\"description\":\"Le Site Officiel des Forgerons\",\"publisher\":{\"@id\":\"https:\/\/www.fcgueugnon.fr\/site\/#organization\"},\"potentialAction\":[{\"@type\":\"SearchAction\",\"target\":{\"@type\":\"EntryPoint\",\"urlTemplate\":\"https:\/\/www.fcgueugnon.fr\/site\/?s={search_term_string}\"},\"query-input\":{\"@type\":\"PropertyValueSpecification\",\"valueRequired\":true,\"valueName\":\"search_term_string\"}}],\"inLanguage\":\"fr-FR\"},{\"@type\":\"Organization\",\"@id\":\"https:\/\/www.fcgueugnon.fr\/site\/#organization\",\"name\":\"FC Gueugnon\",\"url\":\"https:\/\/www.fcgueugnon.fr\/site\/\",\"logo\":{\"@type\":\"ImageObject\",\"inLanguage\":\"fr-FR\",\"@id\":\"https:\/\/www.fcgueugnon.fr\/site\/#\/schema\/logo\/image\/\",\"url\":\"https:\/\/www.fcgueugnon.fr\/site\/wp-content\/uploads\/2022\/07\/cropped-Logo-FCGUEUGNON-low-350x350-1.png\",\"contentUrl\":\"https:\/\/www.fcgueugnon.fr\/site\/wp-content\/uploads\/2022\/07\/cropped-Logo-FCGUEUGNON-low-350x350-1.png\",\"width\":350,\"height\":350,\"caption\":\"FC Gueugnon\"},\"image\":{\"@id\":\"https:\/\/www.fcgueugnon.fr\/site\/#\/schema\/logo\/image\/\"},\"sameAs\":[\"http:\/\/facebook.com\/FCGueugnon\",\"https:\/\/x.com\/FCGueugnon_off\",\"https:\/\/www.instagram.com\/fcgueugnon\/\",\"https:\/\/www.linkedin.com\/company\/football-club-de-gueugnon\/\",\"https:\/\/www.youtube.com\/user\/FCGueugnonnais\",\"https:\/\/fr.wikipedia.org\/wiki\/Football_Club_de_Gueugnon\"]},{\"@type\":\"Person\",\"@id\":\"https:\/\/www.fcgueugnon.fr\/site\/#\/schema\/person\/829630bfb5d6f3ebe4d296b75687c01a\",\"name\":\"FC Gueugnon\",\"url\":\"https:\/\/www.fcgueugnon.fr\/site\/author\/g-avin1\"}]}<\/script>\n<!-- \/ Yoast SEO plugin. -->","yoast_head_json":{"title":"[FOEMA 2022] Rendez-vous le 07 Octobre pour le forum de l'orientation et de l'emploi ! &#8226; FOOTBALL CLUB GUEUGNON","robots":{"index":"index","follow":"follow","max-snippet":"max-snippet:-1","max-image-preview":"max-image-preview:large","max-video-preview":"max-video-preview:-1"},"canonical":"https:\/\/www.fcgueugnon.fr\/site\/foema-2022-rendez-vous-le-07-octobre-pour-le-forum-de-lorientation-et-de-lemploi\/1316","og_locale":"fr_FR","og_type":"article","og_title":"[FOEMA 2022] Rendez-vous le 07 Octobre pour le forum de l'orientation et de l'emploi ! &#8226; FOOTBALL CLUB GUEUGNON","og_description":"Hier au Salon de Bourgogne du Stade Jean Laville, avait lieu la conf\u00e9rence de presse officialisant l&rsquo;organisation de la 7\u00e8me \u00e9dition du Forum de l\u2019Orientation, de l&rsquo;Emploi, des M\u00e9tiers et de l\u2019Apprentissage. Le 07 Octobre prochain, le Football Club de Gueugnon, en collaboration avec la Mission Locale du Charolais, P\u00f4le Emploi, la ville de Gueugnon ... Lire la suite","og_url":"https:\/\/www.fcgueugnon.fr\/site\/foema-2022-rendez-vous-le-07-octobre-pour-le-forum-de-lorientation-et-de-lemploi\/1316","og_site_name":"FOOTBALL CLUB GUEUGNON","article_publisher":"http:\/\/facebook.com\/FCGueugnon","article_published_time":"2022-09-14T14:46:50+00:00","article_modified_time":"2024-10-07T09:18:35+00:00","og_image":[{"width":1920,"height":1080,"url":"https:\/\/www.fcgueugnon.fr\/site\/wp-content\/uploads\/2022\/09\/BANNIERE-FORUM-EMPLOI-FOEMA-2022.png","type":"image\/png"}],"author":"FC Gueugnon","twitter_card":"summary_large_image","twitter_creator":"@FCGueugnon_off","twitter_site":"@FCGueugnon_off","twitter_misc":{"\u00c9crit par":"FC Gueugnon"},"schema":{"@context":"https:\/\/schema.org","@graph":[{"@type":"Article","@id":"https:\/\/www.fcgueugnon.fr\/site\/foema-2022-rendez-vous-le-07-octobre-pour-le-forum-de-lorientation-et-de-lemploi\/1316#article","isPartOf":{"@id":"https:\/\/www.fcgueugnon.fr\/site\/foema-2022-rendez-vous-le-07-octobre-pour-le-forum-de-lorientation-et-de-lemploi\/1316"},"author":{"name":"FC Gueugnon","@id":"https:\/\/www.fcgueugnon.fr\/site\/#\/schema\/person\/829630bfb5d6f3ebe4d296b75687c01a"},"headline":"[FOEMA 2022] Rendez-vous le 07 Octobre pour le forum de l&rsquo;orientation et de l&#8217;emploi !","datePublished":"2022-09-14T14:46:50+00:00","dateModified":"2024-10-07T09:18:35+00:00","mainEntityOfPage":{"@id":"https:\/\/www.fcgueugnon.fr\/site\/foema-2022-rendez-vous-le-07-octobre-pour-le-forum-de-lorientation-et-de-lemploi\/1316"},"wordCount":392,"publisher":{"@id":"https:\/\/www.fcgueugnon.fr\/site\/#organization"},"image":{"@id":"https:\/\/www.fcgueugnon.fr\/site\/foema-2022-rendez-vous-le-07-octobre-pour-le-forum-de-lorientation-et-de-lemploi\/1316#primaryimage"},"thumbnailUrl":"https:\/\/www.fcgueugnon.fr\/site\/wp-content\/uploads\/2022\/09\/BANNIERE-FORUM-EMPLOI-FOEMA-2022.png","keywords":["extra-sportif"],"articleSection":["Archives 2022\/2023","News"],"inLanguage":"fr-FR"},{"@type":"WebPage","@id":"https:\/\/www.fcgueugnon.fr\/site\/foema-2022-rendez-vous-le-07-octobre-pour-le-forum-de-lorientation-et-de-lemploi\/1316","url":"https:\/\/www.fcgueugnon.fr\/site\/foema-2022-rendez-vous-le-07-octobre-pour-le-forum-de-lorientation-et-de-lemploi\/1316","name":"[FOEMA 2022] Rendez-vous le 07 Octobre pour le forum de l'orientation et de l'emploi ! &#8226; FOOTBALL CLUB GUEUGNON","isPartOf":{"@id":"https:\/\/www.fcgueugnon.fr\/site\/#website"},"primaryImageOfPage":{"@id":"https:\/\/www.fcgueugnon.fr\/site\/foema-2022-rendez-vous-le-07-octobre-pour-le-forum-de-lorientation-et-de-lemploi\/1316#primaryimage"},"image":{"@id":"https:\/\/www.fcgueugnon.fr\/site\/foema-2022-rendez-vous-le-07-octobre-pour-le-forum-de-lorientation-et-de-lemploi\/1316#primaryimage"},"thumbnailUrl":"https:\/\/www.fcgueugnon.fr\/site\/wp-content\/uploads\/2022\/09\/BANNIERE-FORUM-EMPLOI-FOEMA-2022.png","datePublished":"2022-09-14T14:46:50+00:00","dateModified":"2024-10-07T09:18:35+00:00","breadcrumb":{"@id":"https:\/\/www.fcgueugnon.fr\/site\/foema-2022-rendez-vous-le-07-octobre-pour-le-forum-de-lorientation-et-de-lemploi\/1316#breadcrumb"},"inLanguage":"fr-FR","potentialAction":[{"@type":"ReadAction","target":["https:\/\/www.fcgueugnon.fr\/site\/foema-2022-rendez-vous-le-07-octobre-pour-le-forum-de-lorientation-et-de-lemploi\/1316"]}]},{"@type":"ImageObject","inLanguage":"fr-FR","@id":"https:\/\/www.fcgueugnon.fr\/site\/foema-2022-rendez-vous-le-07-octobre-pour-le-forum-de-lorientation-et-de-lemploi\/1316#primaryimage","url":"https:\/\/www.fcgueugnon.fr\/site\/wp-content\/uploads\/2022\/09\/BANNIERE-FORUM-EMPLOI-FOEMA-2022.png","contentUrl":"https:\/\/www.fcgueugnon.fr\/site\/wp-content\/uploads\/2022\/09\/BANNIERE-FORUM-EMPLOI-FOEMA-2022.png","width":1920,"height":1080},{"@type":"BreadcrumbList","@id":"https:\/\/www.fcgueugnon.fr\/site\/foema-2022-rendez-vous-le-07-octobre-pour-le-forum-de-lorientation-et-de-lemploi\/1316#breadcrumb","itemListElement":[{"@type":"ListItem","position":1,"name":"Accueil","item":"https:\/\/www.fcgueugnon.fr\/site\/"},{"@type":"ListItem","position":2,"name":"[FOEMA 2022] Rendez-vous le 07 Octobre pour le forum de l&rsquo;orientation et de l&#8217;emploi !"}]},{"@type":"WebSite","@id":"https:\/\/www.fcgueugnon.fr\/site\/#website","url":"https:\/\/www.fcgueugnon.fr\/site\/","name":"FOOTBALL CLUB GUEUGNON","description":"Le Site Officiel des Forgerons","publisher":{"@id":"https:\/\/www.fcgueugnon.fr\/site\/#organization"},"potentialAction":[{"@type":"SearchAction","target":{"@type":"EntryPoint","urlTemplate":"https:\/\/www.fcgueugnon.fr\/site\/?s={search_term_string}"},"query-input":{"@type":"PropertyValueSpecification","valueRequired":true,"valueName":"search_term_string"}}],"inLanguage":"fr-FR"},{"@type":"Organization","@id":"https:\/\/www.fcgueugnon.fr\/site\/#organization","name":"FC Gueugnon","url":"https:\/\/www.fcgueugnon.fr\/site\/","logo":{"@type":"ImageObject","inLanguage":"fr-FR","@id":"https:\/\/www.fcgueugnon.fr\/site\/#\/schema\/logo\/image\/","url":"https:\/\/www.fcgueugnon.fr\/site\/wp-content\/uploads\/2022\/07\/cropped-Logo-FCGUEUGNON-low-350x350-1.png","contentUrl":"https:\/\/www.fcgueugnon.fr\/site\/wp-content\/uploads\/2022\/07\/cropped-Logo-FCGUEUGNON-low-350x350-1.png","width":350,"height":350,"caption":"FC Gueugnon"},"image":{"@id":"https:\/\/www.fcgueugnon.fr\/site\/#\/schema\/logo\/image\/"},"sameAs":["http:\/\/facebook.com\/FCGueugnon","https:\/\/x.com\/FCGueugnon_off","https:\/\/www.instagram.com\/fcgueugnon\/","https:\/\/www.linkedin.com\/company\/football-club-de-gueugnon\/","https:\/\/www.youtube.com\/user\/FCGueugnonnais","https:\/\/fr.wikipedia.org\/wiki\/Football_Club_de_Gueugnon"]},{"@type":"Person","@id":"https:\/\/www.fcgueugnon.fr\/site\/#\/schema\/person\/829630bfb5d6f3ebe4d296b75687c01a","name":"FC Gueugnon","url":"https:\/\/www.fcgueugnon.fr\/site\/author\/g-avin1"}]}},"rttpg_featured_image_url":{"full":["https:\/\/www.fcgueugnon.fr\/site\/wp-content\/uploads\/2022\/09\/BANNIERE-FORUM-EMPLOI-FOEMA-2022.png",1920,1080,false],"landscape":["https:\/\/www.fcgueugnon.fr\/site\/wp-content\/uploads\/2022\/09\/BANNIERE-FORUM-EMPLOI-FOEMA-2022.png",1920,1080,false],"portraits":["https:\/\/www.fcgueugnon.fr\/site\/wp-content\/uploads\/2022\/09\/BANNIERE-FORUM-EMPLOI-FOEMA-2022.png",1920,1080,false],"thumbnail":["https:\/\/www.fcgueugnon.fr\/site\/wp-content\/uploads\/2022\/09\/BANNIERE-FORUM-EMPLOI-FOEMA-2022-150x150.png",150,150,true],"medium":["https:\/\/www.fcgueugnon.fr\/site\/wp-content\/uploads\/2022\/09\/BANNIERE-FORUM-EMPLOI-FOEMA-2022-400x225.png",400,225,true],"large":["https:\/\/www.fcgueugnon.fr\/site\/wp-content\/uploads\/2022\/09\/BANNIERE-FORUM-EMPLOI-FOEMA-2022-1024x576.png",1024,576,true],"1536x1536":["https:\/\/www.fcgueugnon.fr\/site\/wp-content\/uploads\/2022\/09\/BANNIERE-FORUM-EMPLOI-FOEMA-2022-1536x864.png",1536,864,true],"2048x2048":["https:\/\/www.fcgueugnon.fr\/site\/wp-content\/uploads\/2022\/09\/BANNIERE-FORUM-EMPLOI-FOEMA-2022.png",1920,1080,false]},"rttpg_author":{"display_name":"FC Gueugnon","author_link":"https:\/\/www.fcgueugnon.fr\/site\/author\/g-avin1"},"rttpg_comment":0,"rttpg_category":"<a href=\"https:\/\/www.fcgueugnon.fr\/site\/category\/news\/news-2022-2023\" rel=\"category tag\">Archives 2022\/2023<\/a> <a href=\"https:\/\/www.fcgueugnon.fr\/site\/category\/news\" rel=\"category tag\">News<\/a>","rttpg_excerpt":"Hier au Salon de Bourgogne du Stade Jean Laville, avait lieu la conf\u00e9rence de presse officialisant l&rsquo;organisation de la 7\u00e8me \u00e9dition du Forum de l\u2019Orientation, de l&rsquo;Emploi, des M\u00e9tiers et de l\u2019Apprentissage. Le 07 Octobre prochain, le Football Club de Gueugnon, en collaboration avec la Mission Locale du Charolais, P\u00f4le Emploi, la ville de Gueugnon\u2026","_links":{"self":[{"href":"https:\/\/www.fcgueugnon.fr\/site\/wp-json\/wp\/v2\/posts\/1316","targetHints":{"allow":["GET"]}}],"collection":[{"href":"https:\/\/www.fcgueugnon.fr\/site\/wp-json\/wp\/v2\/posts"}],"about":[{"href":"https:\/\/www.fcgueugnon.fr\/site\/wp-json\/wp\/v2\/types\/post"}],"author":[{"embeddable":true,"href":"https:\/\/www.fcgueugnon.fr\/site\/wp-json\/wp\/v2\/users\/3"}],"replies":[{"embeddable":true,"href":"https:\/\/www.fcgueugnon.fr\/site\/wp-json\/wp\/v2\/comments?post=1316"}],"version-history":[{"count":10,"href":"https:\/\/www.fcgueugnon.fr\/site\/wp-json\/wp\/v2\/posts\/1316\/revisions"}],"predecessor-version":[{"id":1337,"href":"https:\/\/www.fcgueugnon.fr\/site\/wp-json\/wp\/v2\/posts\/1316\/revisions\/1337"}],"wp:featuredmedia":[{"embeddable":true,"href":"https:\/\/www.fcgueugnon.fr\/site\/wp-json\/wp\/v2\/media\/1320"}],"wp:attachment":[{"href":"https:\/\/www.fcgueugnon.fr\/site\/wp-json\/wp\/v2\/media?parent=1316"}],"wp:term":[{"taxonomy":"category","embeddable":true,"href":"https:\/\/www.fcgueugnon.fr\/site\/wp-json\/wp\/v2\/categories?post=1316"},{"taxonomy":"post_tag","embeddable":true,"href":"https:\/\/www.fcgueugnon.fr\/site\/wp-json\/wp\/v2\/tags?post=1316"}],"curies":[{"name":"wp","href":"https:\/\/api.w.org\/{rel}","templated":true}]}}