{"id":1165,"date":"2022-09-05T16:37:59","date_gmt":"2022-09-05T14:37:59","guid":{"rendered":"https:\/\/www.fcgueugnon.fr\/site\/?p=1165"},"modified":"2022-09-05T16:38:02","modified_gmt":"2022-09-05T14:38:02","slug":"n3-j02-fc-montceau-fc-gueugnon-resultat-reactions-et-resume-video","status":"publish","type":"post","link":"https:\/\/www.fcgueugnon.fr\/site\/n3-j02-fc-montceau-fc-gueugnon-resultat-reactions-et-resume-video\/1165","title":{"rendered":"[N3 J02 : FC Montceau &#8211; FC Gueugnon] R\u00e9sultat, r\u00e9actions et r\u00e9sum\u00e9 vid\u00e9o"},"content":{"rendered":"\n<h3 class=\"has-text-align-left wp-block-heading\"><strong>Apr\u00e8s sa victoire inaugurale face \u00e0 l&rsquo;UCS Cosne, le FC Gueugnon se d\u00e9pla\u00e7ait samedi dernier au stade des Alouettes pour d\u00e9fier le FC Montceau Bourgogne.<\/strong><\/h3>\n\n\n\n<div style=\"height:15px\" aria-hidden=\"true\" class=\"wp-block-spacer\"><\/div>\n\n\n\n<div class=\"wp-block-columns is-layout-flex wp-container-core-columns-is-layout-9d6595d7 wp-block-columns-is-layout-flex\">\n<div class=\"wp-block-column is-layout-flow wp-block-column-is-layout-flow\" style=\"flex-basis:100%\">\n<figure class=\"wp-block-coblocks-gallery-masonry masonry-grid has-medium-gutter\">\n<figure class=\"wp-block-image size-large\"><img loading=\"lazy\" decoding=\"async\" width=\"1600\" height=\"1066\" src=\"https:\/\/www.fcgueugnon.fr\/site\/wp-content\/uploads\/2022\/09\/J2-FCMB-FCG-1.jpeg\" alt=\"Image gallery image\" class=\"wp-image-1169\" srcset=\"https:\/\/www.fcgueugnon.fr\/site\/wp-content\/uploads\/2022\/09\/J2-FCMB-FCG-1.jpeg 1600w, https:\/\/www.fcgueugnon.fr\/site\/wp-content\/uploads\/2022\/09\/J2-FCMB-FCG-1-400x267.jpeg 400w, https:\/\/www.fcgueugnon.fr\/site\/wp-content\/uploads\/2022\/09\/J2-FCMB-FCG-1-1024x682.jpeg 1024w, https:\/\/www.fcgueugnon.fr\/site\/wp-content\/uploads\/2022\/09\/J2-FCMB-FCG-1-768x512.jpeg 768w, https:\/\/www.fcgueugnon.fr\/site\/wp-content\/uploads\/2022\/09\/J2-FCMB-FCG-1-1536x1023.jpeg 1536w, https:\/\/www.fcgueugnon.fr\/site\/wp-content\/uploads\/2022\/09\/J2-FCMB-FCG-1-1320x879.jpeg 1320w\" sizes=\"auto, (max-width: 1600px) 100vw, 1600px\" \/><\/figure>\n\n\n\n<figure class=\"wp-block-image size-large\"><img loading=\"lazy\" decoding=\"async\" width=\"1600\" height=\"1066\" src=\"https:\/\/www.fcgueugnon.fr\/site\/wp-content\/uploads\/2022\/09\/J2-FCMB-FCG-2.jpeg\" alt=\"Image gallery image\" class=\"wp-image-1170\" srcset=\"https:\/\/www.fcgueugnon.fr\/site\/wp-content\/uploads\/2022\/09\/J2-FCMB-FCG-2.jpeg 1600w, https:\/\/www.fcgueugnon.fr\/site\/wp-content\/uploads\/2022\/09\/J2-FCMB-FCG-2-400x267.jpeg 400w, https:\/\/www.fcgueugnon.fr\/site\/wp-content\/uploads\/2022\/09\/J2-FCMB-FCG-2-1024x682.jpeg 1024w, https:\/\/www.fcgueugnon.fr\/site\/wp-content\/uploads\/2022\/09\/J2-FCMB-FCG-2-768x512.jpeg 768w, https:\/\/www.fcgueugnon.fr\/site\/wp-content\/uploads\/2022\/09\/J2-FCMB-FCG-2-1536x1023.jpeg 1536w, https:\/\/www.fcgueugnon.fr\/site\/wp-content\/uploads\/2022\/09\/J2-FCMB-FCG-2-1320x879.jpeg 1320w\" sizes=\"auto, (max-width: 1600px) 100vw, 1600px\" \/><\/figure>\n\n\n\n<figure class=\"wp-block-image size-large\"><img loading=\"lazy\" decoding=\"async\" width=\"1600\" height=\"1066\" src=\"https:\/\/www.fcgueugnon.fr\/site\/wp-content\/uploads\/2022\/09\/J2-FCMB-FCG-3.jpeg\" alt=\"Image gallery image\" class=\"wp-image-1171\" srcset=\"https:\/\/www.fcgueugnon.fr\/site\/wp-content\/uploads\/2022\/09\/J2-FCMB-FCG-3.jpeg 1600w, https:\/\/www.fcgueugnon.fr\/site\/wp-content\/uploads\/2022\/09\/J2-FCMB-FCG-3-400x267.jpeg 400w, https:\/\/www.fcgueugnon.fr\/site\/wp-content\/uploads\/2022\/09\/J2-FCMB-FCG-3-1024x682.jpeg 1024w, https:\/\/www.fcgueugnon.fr\/site\/wp-content\/uploads\/2022\/09\/J2-FCMB-FCG-3-768x512.jpeg 768w, https:\/\/www.fcgueugnon.fr\/site\/wp-content\/uploads\/2022\/09\/J2-FCMB-FCG-3-1536x1023.jpeg 1536w, https:\/\/www.fcgueugnon.fr\/site\/wp-content\/uploads\/2022\/09\/J2-FCMB-FCG-3-1320x879.jpeg 1320w\" sizes=\"auto, (max-width: 1600px) 100vw, 1600px\" \/><\/figure>\n\n\n\n<figure class=\"wp-block-image size-large\"><img loading=\"lazy\" decoding=\"async\" width=\"1600\" height=\"1066\" src=\"https:\/\/www.fcgueugnon.fr\/site\/wp-content\/uploads\/2022\/09\/J2-FCMB-FCG-4.jpeg\" alt=\"Image gallery image\" class=\"wp-image-1172\" srcset=\"https:\/\/www.fcgueugnon.fr\/site\/wp-content\/uploads\/2022\/09\/J2-FCMB-FCG-4.jpeg 1600w, https:\/\/www.fcgueugnon.fr\/site\/wp-content\/uploads\/2022\/09\/J2-FCMB-FCG-4-400x267.jpeg 400w, https:\/\/www.fcgueugnon.fr\/site\/wp-content\/uploads\/2022\/09\/J2-FCMB-FCG-4-1024x682.jpeg 1024w, https:\/\/www.fcgueugnon.fr\/site\/wp-content\/uploads\/2022\/09\/J2-FCMB-FCG-4-768x512.jpeg 768w, https:\/\/www.fcgueugnon.fr\/site\/wp-content\/uploads\/2022\/09\/J2-FCMB-FCG-4-1536x1023.jpeg 1536w, https:\/\/www.fcgueugnon.fr\/site\/wp-content\/uploads\/2022\/09\/J2-FCMB-FCG-4-1320x879.jpeg 1320w\" sizes=\"auto, (max-width: 1600px) 100vw, 1600px\" \/><\/figure>\n\n\n\n<figure class=\"wp-block-image size-large\"><img loading=\"lazy\" decoding=\"async\" width=\"1600\" height=\"1066\" src=\"https:\/\/www.fcgueugnon.fr\/site\/wp-content\/uploads\/2022\/09\/J2-FCMB-FCG-5.jpeg\" alt=\"Image gallery image\" class=\"wp-image-1173\" srcset=\"https:\/\/www.fcgueugnon.fr\/site\/wp-content\/uploads\/2022\/09\/J2-FCMB-FCG-5.jpeg 1600w, https:\/\/www.fcgueugnon.fr\/site\/wp-content\/uploads\/2022\/09\/J2-FCMB-FCG-5-400x267.jpeg 400w, https:\/\/www.fcgueugnon.fr\/site\/wp-content\/uploads\/2022\/09\/J2-FCMB-FCG-5-1024x682.jpeg 1024w, https:\/\/www.fcgueugnon.fr\/site\/wp-content\/uploads\/2022\/09\/J2-FCMB-FCG-5-768x512.jpeg 768w, https:\/\/www.fcgueugnon.fr\/site\/wp-content\/uploads\/2022\/09\/J2-FCMB-FCG-5-1536x1023.jpeg 1536w, https:\/\/www.fcgueugnon.fr\/site\/wp-content\/uploads\/2022\/09\/J2-FCMB-FCG-5-1320x879.jpeg 1320w\" sizes=\"auto, (max-width: 1600px) 100vw, 1600px\" \/><\/figure>\n\n\n\n<figure class=\"wp-block-image size-large\"><img loading=\"lazy\" decoding=\"async\" width=\"1600\" height=\"1066\" src=\"https:\/\/www.fcgueugnon.fr\/site\/wp-content\/uploads\/2022\/09\/J2-FCMB-FCG-6.jpeg\" alt=\"Image gallery image\" class=\"wp-image-1174\" srcset=\"https:\/\/www.fcgueugnon.fr\/site\/wp-content\/uploads\/2022\/09\/J2-FCMB-FCG-6.jpeg 1600w, https:\/\/www.fcgueugnon.fr\/site\/wp-content\/uploads\/2022\/09\/J2-FCMB-FCG-6-400x267.jpeg 400w, https:\/\/www.fcgueugnon.fr\/site\/wp-content\/uploads\/2022\/09\/J2-FCMB-FCG-6-1024x682.jpeg 1024w, https:\/\/www.fcgueugnon.fr\/site\/wp-content\/uploads\/2022\/09\/J2-FCMB-FCG-6-768x512.jpeg 768w, https:\/\/www.fcgueugnon.fr\/site\/wp-content\/uploads\/2022\/09\/J2-FCMB-FCG-6-1536x1023.jpeg 1536w, https:\/\/www.fcgueugnon.fr\/site\/wp-content\/uploads\/2022\/09\/J2-FCMB-FCG-6-1320x879.jpeg 1320w\" sizes=\"auto, (max-width: 1600px) 100vw, 1600px\" \/><\/figure>\n<\/figure>\n<\/div>\n<\/div>\n\n\n\n<div style=\"height:15px\" aria-hidden=\"true\" class=\"wp-block-spacer\"><\/div>\n\n\n\n<p>Ce derby comptant pour la 2\u00e8me journ\u00e9e de National 3 d\u00e9bute de belle mani\u00e8re pour les forgerons qui se procurent de nettes occasions. <strong>Oum\u00e9rou Dram\u00e9<\/strong> \u00e0 la r\u00e9ception d&rsquo;un centre en retrait de <strong>Nils Bouekou<\/strong> est trop juste pour pousser le ballon au fonds des filets (6&prime;). Puis <strong>Erwan Mbock<\/strong> se met \u00e0 l&rsquo;\u00e9vidence \u00e0 plusieurs reprises mais fera preuve de malchance en touchant la barre transversale par deux fois (9&prime; et 19&prime;). Contre le cours du jeu, les montcelliens vont inscrire le premier but de la partie sur un coup-franc repris victorieusement de la t\u00eate par <strong>Mauro<\/strong> (36&prime; ; 1-0). Peu avant la pause, les forgerons auront l&rsquo;opportunit\u00e9 de revenir mais la frappe enroul\u00e9e de <strong>Bouekou<\/strong> qui prenait la direction de la lucarne est d\u00e9tourn\u00e9e du bout des doigts par <strong>Okombi<\/strong>.<\/p>\n\n\n\n<p>En seconde p\u00e9riode, le FCG s&rsquo;en remettra aux coups de pied arr\u00eat\u00e9s mais le gardien local repoussera le danger \u00e0 chaque reprise. Sur un corner \u00e0 l&rsquo;heure de jeu, le FCMB aura l&rsquo;opportunit\u00e9 de creuser l&rsquo;\u00e9cart mais <strong>Anthony Lamonge<\/strong> est sauv\u00e9 \u00e0 son tour par la transversale. Les \u00ab\u00a0Jaune &amp; Bleu\u00a0\u00bb conservent la ma\u00eetrise du ballon sans pour autant parvenir \u00e0 se cr\u00e9er d&rsquo;occasions franches face \u00e0 une \u00e9quipe de Montceau qui a su hacher le jeu et gagner du temps quand il le fallait. Gueugnon n\u2019aura donc pas su s\u2019imposer dans ce match et devra rebondir dans deux semaines \u00e0 domicile face \u00e0 Grandvillars !<\/p>\n\n\n\n<p>Place d\u00e9sormais \u00e0 la Coupe de France avec un d\u00e9placement \u00e0 Sanvignes ce dimanche \u00e0 14h30.<\/p>\n\n\n\n<div style=\"height:15px\" aria-hidden=\"true\" class=\"wp-block-spacer\"><\/div>\n\n\n\n<h2 class=\"wp-block-heading\">R\u00e9actions<\/h2>\n\n\n\n<div class=\"wp-block-coblocks-media-card alignwide is-style-right is-stacked-on-mobile coblocks-media-card-77145432166\"><div class=\"wp-block-coblocks-media-card__inner has-padding has-large-padding\"><div class=\"wp-block-coblocks-media-card__wrapper\"><figure class=\"wp-block-coblocks-media-card__media has-shadow\"><img loading=\"lazy\" decoding=\"async\" width=\"1024\" height=\"682\" src=\"https:\/\/www.fcgueugnon.fr\/site\/wp-content\/uploads\/2022\/09\/IBRAHIM-MOHAMED-1024x682.png\" alt=\"\" class=\"wp-image-1221\" srcset=\"https:\/\/www.fcgueugnon.fr\/site\/wp-content\/uploads\/2022\/09\/IBRAHIM-MOHAMED-1024x682.png 1024w, https:\/\/www.fcgueugnon.fr\/site\/wp-content\/uploads\/2022\/09\/IBRAHIM-MOHAMED-400x267.png 400w, https:\/\/www.fcgueugnon.fr\/site\/wp-content\/uploads\/2022\/09\/IBRAHIM-MOHAMED-768x512.png 768w, https:\/\/www.fcgueugnon.fr\/site\/wp-content\/uploads\/2022\/09\/IBRAHIM-MOHAMED-1536x1024.png 1536w, https:\/\/www.fcgueugnon.fr\/site\/wp-content\/uploads\/2022\/09\/IBRAHIM-MOHAMED-1320x880.png 1320w, https:\/\/www.fcgueugnon.fr\/site\/wp-content\/uploads\/2022\/09\/IBRAHIM-MOHAMED.png 1772w\" sizes=\"auto, (max-width: 1024px) 100vw, 1024px\" \/><\/figure><div class=\"wp-block-coblocks-media-card__content has-shadow\">\n<div class=\"wp-block-coblocks-row coblocks-row-77145432275\" data-columns=\"1\" data-layout=\"100\"><div class=\"wp-block-coblocks-row__inner has-background has-padding has-huge-padding has-no-margin is-stacked-on-mobile are-vertically-aligned-center has-medium-gutter\" style=\"background-color:#FFFFFF\">\n<div class=\"wp-block-coblocks-column is-vertically-aligned-center coblocks-column-77145432284\" style=\"width:100%\"><div class=\"wp-block-coblocks-column__inner has-no-padding has-no-margin\">\n<h3 class=\"wp-block-heading\"><strong>Ibrahim MOHAMED, d\u00e9fenseur<\/strong><\/h3>\n\n\n\n<div style=\"height:30px\" aria-hidden=\"true\" class=\"wp-block-spacer\"><\/div>\n\n\n\n<p><em>\u00ab\u00a0C&rsquo;\u00e9tait un non-match de notre part. Pour un derby, nous aurions d\u00fb faire beaucoup mieux. Maintenant il faut se remettre vite dans le bain, continuer \u00e0 travailler et aller de l&rsquo;avant. \u00bb<\/em><\/p>\n\n\n\n<div style=\"height:30px\" aria-hidden=\"true\" class=\"wp-block-spacer\"><\/div>\n\n\n\n<p><sub>R\u00e9actions compl\u00e8tes \u00e0 retrouver ce mercredi \u00e0 10:15 et \u00e0 18:30 en direct sur Radio Cactus (FM 92.2) ou \u00e0 partir de jeudi sur notre site officiel ou sur Mixcloud.com !<\/sub><\/p>\n\n\n\n<div style=\"height:20px\" aria-hidden=\"true\" class=\"wp-block-spacer\"><\/div>\n<\/div><\/div>\n<\/div><\/div>\n<\/div><\/div><\/div><\/div>\n\n\n\n<div class=\"wp-block-coblocks-media-card alignwide is-style-left is-stacked-on-mobile coblocks-media-card-77145432166\"><div class=\"wp-block-coblocks-media-card__inner has-padding has-large-padding\"><div class=\"wp-block-coblocks-media-card__wrapper\"><figure class=\"wp-block-coblocks-media-card__media has-shadow\"><img loading=\"lazy\" decoding=\"async\" width=\"1024\" height=\"682\" src=\"https:\/\/www.fcgueugnon.fr\/site\/wp-content\/uploads\/2022\/09\/SONI-MUSTIVAR-1024x682.png\" alt=\"\" class=\"wp-image-1222\" srcset=\"https:\/\/www.fcgueugnon.fr\/site\/wp-content\/uploads\/2022\/09\/SONI-MUSTIVAR-1024x682.png 1024w, https:\/\/www.fcgueugnon.fr\/site\/wp-content\/uploads\/2022\/09\/SONI-MUSTIVAR-400x267.png 400w, https:\/\/www.fcgueugnon.fr\/site\/wp-content\/uploads\/2022\/09\/SONI-MUSTIVAR-768x512.png 768w, https:\/\/www.fcgueugnon.fr\/site\/wp-content\/uploads\/2022\/09\/SONI-MUSTIVAR-1536x1024.png 1536w, https:\/\/www.fcgueugnon.fr\/site\/wp-content\/uploads\/2022\/09\/SONI-MUSTIVAR-1320x880.png 1320w, https:\/\/www.fcgueugnon.fr\/site\/wp-content\/uploads\/2022\/09\/SONI-MUSTIVAR.png 1772w\" sizes=\"auto, (max-width: 1024px) 100vw, 1024px\" \/><\/figure><div class=\"wp-block-coblocks-media-card__content has-shadow\">\n<div class=\"wp-block-coblocks-row coblocks-row-77145432275\" data-columns=\"1\" data-layout=\"100\"><div class=\"wp-block-coblocks-row__inner has-background has-padding has-huge-padding has-no-margin is-stacked-on-mobile are-vertically-aligned-center has-medium-gutter\" style=\"background-color:#FFFFFF\">\n<div class=\"wp-block-coblocks-column is-vertically-aligned-center coblocks-column-77145432284\" style=\"width:100%\"><div class=\"wp-block-coblocks-column__inner has-no-padding has-no-margin\">\n<h3 class=\"wp-block-heading\"><strong>Soni MUSTIVAR, milieu :<\/strong><\/h3>\n\n\n\n<div style=\"height:30px\" aria-hidden=\"true\" class=\"wp-block-spacer\"><\/div>\n\n\n\n<p><em>\u00ab\u00a0Nous nous sommes rendu le match compliqu\u00e9 face \u00e0 une \u00e9quipe de Montceau qui a bien jou\u00e9 le coup. Nous n&rsquo;avons pas su trouver la solution pour prendre le jeu \u00e0 notre compte. Maintenant, nous allons tout donner pour faire mieux dans les prochains matchs. \u00bb<\/em><\/p>\n\n\n\n<div style=\"height:30px\" aria-hidden=\"true\" class=\"wp-block-spacer\"><\/div>\n\n\n\n<p><sub>R\u00e9actions compl\u00e8tes \u00e0 retrouver ce mercredi \u00e0 10:15 et \u00e0 18:30 en direct sur Radio Cactus (FM 92.2) ou \u00e0 partir de jeudi sur notre site officiel ou sur Mixcloud.com !<\/sub><\/p>\n\n\n\n<div style=\"height:20px\" aria-hidden=\"true\" class=\"wp-block-spacer\"><\/div>\n<\/div><\/div>\n<\/div><\/div>\n<\/div><\/div><\/div><\/div>\n\n\n\n<div style=\"height:40px\" aria-hidden=\"true\" class=\"wp-block-spacer\"><\/div>\n\n\n\n<h2 class=\"wp-block-heading\">R\u00e9sum\u00e9 Vid\u00e9o<\/h2>\n\n\n\n<p style=\"text-align: center;\"><iframe loading=\"lazy\" src=\"https:\/\/www.youtube.com\/embed\/FhZzODjddq4\" allowfullscreen=\"\" width=\"1200\" height=\"675\"><\/iframe><\/p>\n\n\n\n<div style=\"height:15px\" aria-hidden=\"true\" class=\"wp-block-spacer\"><\/div>\n\n\n\n<hr class=\"wp-block-separator has-text-color has-css-opacity has-background\" style=\"background-color:#f7db4a;color:#f7db4a\"\/>\n\n\n\n<h3 class=\"has-text-align-center wp-block-heading\"><strong>\u2139 Prochains matchs : <\/strong><br>&#8211; Dimanche 11 Septembre \ud83c\udd9a CS Sanvignes (Coupe de France &#8211; 3\u00e8me tour) \ud83d\ude8c<br>&#8211; Samedi 17 Septembre \ud83c\udd9a FC Grandvillars \u00e0 Jean Laville \ud83c\udfdf<\/h3>\n\n\n\n<hr class=\"wp-block-separator has-text-color has-css-opacity has-background\" style=\"background-color:#f7db4a;color:#f7db4a\"\/>\n\n\n\n<h3 class=\"wp-block-heading\">\u26bd <strong>Score final<\/strong><\/h3>\n\n\n\n<p><span data-reactid=\".9.1:3:1:$comment10153319512882859_10153320215687859:0.0.$right.0.$left.0.0.1.$comment-body.0.$end:0:$4:0\"><span class=\"null\"><strong>\u00c0 Montceau, stade des Alouettes<\/strong><br>FC <\/span><\/span>Montceau 1 &#8211; 0 FC Gueugnon<br>But : Mauro (36&prime;)<\/p>\n\n\n\n<p><strong>Officiels :<\/strong><br>D\u00e9l\u00e9gu\u00e9 principal : THOMAS MONNET<br>Arbitre centre : ALEXIS GUILLON<br>Arbitre assistant 1 : ALEXANDRE VACHEZ<br>Arbitre assistant 2 : SEBASTIEN FEVRE<\/p>\n\n\n\n<div style=\"height:15px\" aria-hidden=\"true\" class=\"wp-block-spacer\"><\/div>\n\n\n\n<h3 class=\"wp-block-heading\">\ud83d\udfe1\ud83d\udd35 <strong>Composition d&rsquo;\u00e9quipe<\/strong><\/h3>\n\n\n\n<p>Lamonge, Mohamed, Fahrasmane, Delclaux, Chauvet, Houla (88&prime; Mabwati), Mustivar, Salibur, Bouekou (63&prime; Luanda), Mbock (63&prime; Mvondo), Dram\u00e9.<br>Non entr\u00e9s en jeu : Njock, Ketterle.<br>Entra\u00eeneur : Philippe Correia \/ Adjoint : Bakeba Bayo.<\/p>\n\n\n\n<div style=\"height:38px\" aria-hidden=\"true\" class=\"wp-block-spacer\"><\/div>\n\n\n\n<h3 class=\"wp-block-heading\">\ud83d\udd0d <strong>Plus d&rsquo;articles <\/strong><\/h3>\n\n\n\n<blockquote class=\"wp-block-quote is-layout-flow wp-block-quote-is-layout-flow\"><p><span style=\"line-height: 1.5;\">\u25ba <a href=\"https:\/\/www.fcgueugnon.fr\/site\/n3-j02-fc-montceau-fc-gueugnon-suivez-lederbydu71-en-live\/1097\">Revivre le live<\/a><\/span><\/p><\/blockquote>\n\n\n\n<div style=\"height:38px\" aria-hidden=\"true\" class=\"wp-block-spacer\"><\/div>\n\n\n\n<h3 class=\"wp-block-heading\">\ud83d\uddd3 <strong><strong>La 2\u00e8me journ\u00e9e de N3<\/strong><\/strong><\/h3>\n\n\n\n<p>Samedi 03 Septembre 2022<br>18:00 : Morteau-Montlebon \u2013 AS Quetigny : 2-0<br>18:00 : UF M\u00e2con \u2013 CA Pontarlier : 2-4<br>18:00 : USC Cosne \u2013 FC Sochaux Montb. B : 2-1<br>18:00 : FC Montceau \u2013 FC Gueugnon : 1-0<br>18:00 : FC Grandvillars \u2013 Besan\u00e7on Foot : 1-3<br>18:00 : Is-Selongey \u2013 ASC St Apollinaire : 2-1<\/p>\n\n\n\n<p>Dimanche 04 Septembre 2022<br>15:00 : Dijon FCO B \u2013 Jura Dolois Foot : 2-2<\/p>\n\n\n\n<blockquote class=\"wp-block-quote is-style-default is-layout-flow wp-block-quote-is-layout-flow\"><p><span style=\"line-height: 1.5;\">\u25ba <a href=\"https:\/\/www.fcgueugnon.fr\/site\/calendrier-seniors-a-national-3-bourgogne-franche-comte\" target=\"_blank\" rel=\"noreferrer noopener\">Calendrier<\/a><\/span><\/p><p>\u25ba <a href=\"https:\/\/www.fcgueugnon.fr\/site\/classement-national-3-bourgogne-franche-comte\" target=\"_blank\" rel=\"noreferrer noopener\">Classement<\/a><\/p><\/blockquote>\n\n\n\n<div style=\"height:64px\" aria-hidden=\"true\" class=\"wp-block-spacer\"><\/div>\n\n\n\n<p><\/p>\n","protected":false},"excerpt":{"rendered":"<p>Apr\u00e8s sa victoire inaugurale face \u00e0 l&rsquo;UCS Cosne, le FC Gueugnon se d\u00e9pla\u00e7ait samedi dernier au stade des Alouettes pour d\u00e9fier le FC Montceau Bourgogne. Ce derby comptant pour la 2\u00e8me journ\u00e9e de National 3 d\u00e9bute de belle mani\u00e8re pour les forgerons qui se procurent de nettes occasions. Oum\u00e9rou Dram\u00e9 \u00e0 la r\u00e9ception d&rsquo;un centre &#8230; <\/p>\n<p class=\"read-more-container\"><a title=\"[N3 J02 : FC Montceau &#8211; FC Gueugnon] R\u00e9sultat, r\u00e9actions et r\u00e9sum\u00e9 vid\u00e9o\" class=\"read-more button\" href=\"https:\/\/www.fcgueugnon.fr\/site\/n3-j02-fc-montceau-fc-gueugnon-resultat-reactions-et-resume-video\/1165#more-1165\" aria-label=\"Plus sur [N3 J02 : FC Montceau &#8211; FC Gueugnon] R\u00e9sultat, r\u00e9actions et r\u00e9sum\u00e9 vid\u00e9o\">Lire la suite<\/a><\/p>\n","protected":false},"author":3,"featured_media":1171,"comment_status":"closed","ping_status":"closed","sticky":true,"template":"","format":"standard","meta":{"footnotes":""},"categories":[5,4],"tags":[27,31],"class_list":["post-1165","post","type-post","status-publish","format-standard","has-post-thumbnail","hentry","category-news-2022-2023","category-news","tag-resultat","tag-video","infinite-scroll-item","generate-columns","tablet-grid-50","mobile-grid-100","grid-parent","grid-25"],"yoast_head":"<!-- This site is optimized with the Yoast SEO plugin v26.6 - https:\/\/yoast.com\/wordpress\/plugins\/seo\/ -->\n<title>[N3 J02 : FC Montceau - FC Gueugnon] R\u00e9sultat, r\u00e9actions et r\u00e9sum\u00e9 vid\u00e9o &#8226; FOOTBALL CLUB GUEUGNON<\/title>\n<meta name=\"robots\" content=\"index, follow, max-snippet:-1, max-image-preview:large, max-video-preview:-1\" \/>\n<link rel=\"canonical\" href=\"https:\/\/www.fcgueugnon.fr\/site\/n3-j02-fc-montceau-fc-gueugnon-resultat-reactions-et-resume-video\/1165\" \/>\n<meta property=\"og:locale\" content=\"fr_FR\" \/>\n<meta property=\"og:type\" content=\"article\" \/>\n<meta property=\"og:title\" content=\"[N3 J02 : FC Montceau - FC Gueugnon] R\u00e9sultat, r\u00e9actions et r\u00e9sum\u00e9 vid\u00e9o &#8226; FOOTBALL CLUB GUEUGNON\" \/>\n<meta property=\"og:description\" content=\"Apr\u00e8s sa victoire inaugurale face \u00e0 l&rsquo;UCS Cosne, le FC Gueugnon se d\u00e9pla\u00e7ait samedi dernier au stade des Alouettes pour d\u00e9fier le FC Montceau Bourgogne. Ce derby comptant pour la 2\u00e8me journ\u00e9e de National 3 d\u00e9bute de belle mani\u00e8re pour les forgerons qui se procurent de nettes occasions. Oum\u00e9rou Dram\u00e9 \u00e0 la r\u00e9ception d&rsquo;un centre ... Lire la suite\" \/>\n<meta property=\"og:url\" content=\"https:\/\/www.fcgueugnon.fr\/site\/n3-j02-fc-montceau-fc-gueugnon-resultat-reactions-et-resume-video\/1165\" \/>\n<meta property=\"og:site_name\" content=\"FOOTBALL CLUB GUEUGNON\" \/>\n<meta property=\"article:publisher\" content=\"http:\/\/facebook.com\/FCGueugnon\" \/>\n<meta property=\"article:published_time\" content=\"2022-09-05T14:37:59+00:00\" \/>\n<meta property=\"article:modified_time\" content=\"2022-09-05T14:38:02+00:00\" \/>\n<meta property=\"og:image\" content=\"https:\/\/www.fcgueugnon.fr\/site\/wp-content\/uploads\/2022\/09\/J2-FCMB-FCG-3.jpeg\" \/>\n\t<meta property=\"og:image:width\" content=\"1600\" \/>\n\t<meta property=\"og:image:height\" content=\"1066\" \/>\n\t<meta property=\"og:image:type\" content=\"image\/jpeg\" \/>\n<meta name=\"author\" content=\"FC Gueugnon\" \/>\n<meta name=\"twitter:card\" content=\"summary_large_image\" \/>\n<meta name=\"twitter:creator\" content=\"@FCGueugnon_off\" \/>\n<meta name=\"twitter:site\" content=\"@FCGueugnon_off\" \/>\n<meta name=\"twitter:label1\" content=\"\u00c9crit par\" \/>\n\t<meta name=\"twitter:data1\" content=\"FC Gueugnon\" \/>\n\t<meta name=\"twitter:label2\" content=\"Dur\u00e9e de lecture estim\u00e9e\" \/>\n\t<meta name=\"twitter:data2\" content=\"5 minutes\" \/>\n<script type=\"application\/ld+json\" class=\"yoast-schema-graph\">{\"@context\":\"https:\/\/schema.org\",\"@graph\":[{\"@type\":\"Article\",\"@id\":\"https:\/\/www.fcgueugnon.fr\/site\/n3-j02-fc-montceau-fc-gueugnon-resultat-reactions-et-resume-video\/1165#article\",\"isPartOf\":{\"@id\":\"https:\/\/www.fcgueugnon.fr\/site\/n3-j02-fc-montceau-fc-gueugnon-resultat-reactions-et-resume-video\/1165\"},\"author\":{\"name\":\"FC Gueugnon\",\"@id\":\"https:\/\/www.fcgueugnon.fr\/site\/#\/schema\/person\/829630bfb5d6f3ebe4d296b75687c01a\"},\"headline\":\"[N3 J02 : FC Montceau &#8211; FC Gueugnon] R\u00e9sultat, r\u00e9actions et r\u00e9sum\u00e9 vid\u00e9o\",\"datePublished\":\"2022-09-05T14:37:59+00:00\",\"dateModified\":\"2022-09-05T14:38:02+00:00\",\"mainEntityOfPage\":{\"@id\":\"https:\/\/www.fcgueugnon.fr\/site\/n3-j02-fc-montceau-fc-gueugnon-resultat-reactions-et-resume-video\/1165\"},\"wordCount\":583,\"publisher\":{\"@id\":\"https:\/\/www.fcgueugnon.fr\/site\/#organization\"},\"image\":{\"@id\":\"https:\/\/www.fcgueugnon.fr\/site\/n3-j02-fc-montceau-fc-gueugnon-resultat-reactions-et-resume-video\/1165#primaryimage\"},\"thumbnailUrl\":\"https:\/\/www.fcgueugnon.fr\/site\/wp-content\/uploads\/2022\/09\/J2-FCMB-FCG-3.jpeg\",\"keywords\":[\"R\u00e9sultat\",\"Vid\u00e9o\"],\"articleSection\":[\"Archives 2022\/2023\",\"News\"],\"inLanguage\":\"fr-FR\"},{\"@type\":\"WebPage\",\"@id\":\"https:\/\/www.fcgueugnon.fr\/site\/n3-j02-fc-montceau-fc-gueugnon-resultat-reactions-et-resume-video\/1165\",\"url\":\"https:\/\/www.fcgueugnon.fr\/site\/n3-j02-fc-montceau-fc-gueugnon-resultat-reactions-et-resume-video\/1165\",\"name\":\"[N3 J02 : FC Montceau - FC Gueugnon] R\u00e9sultat, r\u00e9actions et r\u00e9sum\u00e9 vid\u00e9o &#8226; FOOTBALL CLUB GUEUGNON\",\"isPartOf\":{\"@id\":\"https:\/\/www.fcgueugnon.fr\/site\/#website\"},\"primaryImageOfPage\":{\"@id\":\"https:\/\/www.fcgueugnon.fr\/site\/n3-j02-fc-montceau-fc-gueugnon-resultat-reactions-et-resume-video\/1165#primaryimage\"},\"image\":{\"@id\":\"https:\/\/www.fcgueugnon.fr\/site\/n3-j02-fc-montceau-fc-gueugnon-resultat-reactions-et-resume-video\/1165#primaryimage\"},\"thumbnailUrl\":\"https:\/\/www.fcgueugnon.fr\/site\/wp-content\/uploads\/2022\/09\/J2-FCMB-FCG-3.jpeg\",\"datePublished\":\"2022-09-05T14:37:59+00:00\",\"dateModified\":\"2022-09-05T14:38:02+00:00\",\"breadcrumb\":{\"@id\":\"https:\/\/www.fcgueugnon.fr\/site\/n3-j02-fc-montceau-fc-gueugnon-resultat-reactions-et-resume-video\/1165#breadcrumb\"},\"inLanguage\":\"fr-FR\",\"potentialAction\":[{\"@type\":\"ReadAction\",\"target\":[\"https:\/\/www.fcgueugnon.fr\/site\/n3-j02-fc-montceau-fc-gueugnon-resultat-reactions-et-resume-video\/1165\"]}]},{\"@type\":\"ImageObject\",\"inLanguage\":\"fr-FR\",\"@id\":\"https:\/\/www.fcgueugnon.fr\/site\/n3-j02-fc-montceau-fc-gueugnon-resultat-reactions-et-resume-video\/1165#primaryimage\",\"url\":\"https:\/\/www.fcgueugnon.fr\/site\/wp-content\/uploads\/2022\/09\/J2-FCMB-FCG-3.jpeg\",\"contentUrl\":\"https:\/\/www.fcgueugnon.fr\/site\/wp-content\/uploads\/2022\/09\/J2-FCMB-FCG-3.jpeg\",\"width\":1600,\"height\":1066},{\"@type\":\"BreadcrumbList\",\"@id\":\"https:\/\/www.fcgueugnon.fr\/site\/n3-j02-fc-montceau-fc-gueugnon-resultat-reactions-et-resume-video\/1165#breadcrumb\",\"itemListElement\":[{\"@type\":\"ListItem\",\"position\":1,\"name\":\"Accueil\",\"item\":\"https:\/\/www.fcgueugnon.fr\/site\/\"},{\"@type\":\"ListItem\",\"position\":2,\"name\":\"[N3 J02 : FC Montceau &#8211; FC Gueugnon] R\u00e9sultat, r\u00e9actions et r\u00e9sum\u00e9 vid\u00e9o\"}]},{\"@type\":\"WebSite\",\"@id\":\"https:\/\/www.fcgueugnon.fr\/site\/#website\",\"url\":\"https:\/\/www.fcgueugnon.fr\/site\/\",\"name\":\"FOOTBALL CLUB GUEUGNON\",\"description\":\"Le Site Officiel des Forgerons\",\"publisher\":{\"@id\":\"https:\/\/www.fcgueugnon.fr\/site\/#organization\"},\"potentialAction\":[{\"@type\":\"SearchAction\",\"target\":{\"@type\":\"EntryPoint\",\"urlTemplate\":\"https:\/\/www.fcgueugnon.fr\/site\/?s={search_term_string}\"},\"query-input\":{\"@type\":\"PropertyValueSpecification\",\"valueRequired\":true,\"valueName\":\"search_term_string\"}}],\"inLanguage\":\"fr-FR\"},{\"@type\":\"Organization\",\"@id\":\"https:\/\/www.fcgueugnon.fr\/site\/#organization\",\"name\":\"FC Gueugnon\",\"url\":\"https:\/\/www.fcgueugnon.fr\/site\/\",\"logo\":{\"@type\":\"ImageObject\",\"inLanguage\":\"fr-FR\",\"@id\":\"https:\/\/www.fcgueugnon.fr\/site\/#\/schema\/logo\/image\/\",\"url\":\"https:\/\/www.fcgueugnon.fr\/site\/wp-content\/uploads\/2022\/07\/cropped-Logo-FCGUEUGNON-low-350x350-1.png\",\"contentUrl\":\"https:\/\/www.fcgueugnon.fr\/site\/wp-content\/uploads\/2022\/07\/cropped-Logo-FCGUEUGNON-low-350x350-1.png\",\"width\":350,\"height\":350,\"caption\":\"FC Gueugnon\"},\"image\":{\"@id\":\"https:\/\/www.fcgueugnon.fr\/site\/#\/schema\/logo\/image\/\"},\"sameAs\":[\"http:\/\/facebook.com\/FCGueugnon\",\"https:\/\/x.com\/FCGueugnon_off\",\"https:\/\/www.instagram.com\/fcgueugnon\/\",\"https:\/\/www.linkedin.com\/company\/football-club-de-gueugnon\/\",\"https:\/\/www.youtube.com\/user\/FCGueugnonnais\",\"https:\/\/fr.wikipedia.org\/wiki\/Football_Club_de_Gueugnon\"]},{\"@type\":\"Person\",\"@id\":\"https:\/\/www.fcgueugnon.fr\/site\/#\/schema\/person\/829630bfb5d6f3ebe4d296b75687c01a\",\"name\":\"FC Gueugnon\",\"url\":\"https:\/\/www.fcgueugnon.fr\/site\/author\/g-avin1\"}]}<\/script>\n<!-- \/ Yoast SEO plugin. -->","yoast_head_json":{"title":"[N3 J02 : FC Montceau - FC Gueugnon] R\u00e9sultat, r\u00e9actions et r\u00e9sum\u00e9 vid\u00e9o &#8226; FOOTBALL CLUB GUEUGNON","robots":{"index":"index","follow":"follow","max-snippet":"max-snippet:-1","max-image-preview":"max-image-preview:large","max-video-preview":"max-video-preview:-1"},"canonical":"https:\/\/www.fcgueugnon.fr\/site\/n3-j02-fc-montceau-fc-gueugnon-resultat-reactions-et-resume-video\/1165","og_locale":"fr_FR","og_type":"article","og_title":"[N3 J02 : FC Montceau - FC Gueugnon] R\u00e9sultat, r\u00e9actions et r\u00e9sum\u00e9 vid\u00e9o &#8226; FOOTBALL CLUB GUEUGNON","og_description":"Apr\u00e8s sa victoire inaugurale face \u00e0 l&rsquo;UCS Cosne, le FC Gueugnon se d\u00e9pla\u00e7ait samedi dernier au stade des Alouettes pour d\u00e9fier le FC Montceau Bourgogne. Ce derby comptant pour la 2\u00e8me journ\u00e9e de National 3 d\u00e9bute de belle mani\u00e8re pour les forgerons qui se procurent de nettes occasions. Oum\u00e9rou Dram\u00e9 \u00e0 la r\u00e9ception d&rsquo;un centre ... Lire la suite","og_url":"https:\/\/www.fcgueugnon.fr\/site\/n3-j02-fc-montceau-fc-gueugnon-resultat-reactions-et-resume-video\/1165","og_site_name":"FOOTBALL CLUB GUEUGNON","article_publisher":"http:\/\/facebook.com\/FCGueugnon","article_published_time":"2022-09-05T14:37:59+00:00","article_modified_time":"2022-09-05T14:38:02+00:00","og_image":[{"width":1600,"height":1066,"url":"https:\/\/www.fcgueugnon.fr\/site\/wp-content\/uploads\/2022\/09\/J2-FCMB-FCG-3.jpeg","type":"image\/jpeg"}],"author":"FC Gueugnon","twitter_card":"summary_large_image","twitter_creator":"@FCGueugnon_off","twitter_site":"@FCGueugnon_off","twitter_misc":{"\u00c9crit par":"FC Gueugnon","Dur\u00e9e de lecture estim\u00e9e":"5 minutes"},"schema":{"@context":"https:\/\/schema.org","@graph":[{"@type":"Article","@id":"https:\/\/www.fcgueugnon.fr\/site\/n3-j02-fc-montceau-fc-gueugnon-resultat-reactions-et-resume-video\/1165#article","isPartOf":{"@id":"https:\/\/www.fcgueugnon.fr\/site\/n3-j02-fc-montceau-fc-gueugnon-resultat-reactions-et-resume-video\/1165"},"author":{"name":"FC Gueugnon","@id":"https:\/\/www.fcgueugnon.fr\/site\/#\/schema\/person\/829630bfb5d6f3ebe4d296b75687c01a"},"headline":"[N3 J02 : FC Montceau &#8211; FC Gueugnon] R\u00e9sultat, r\u00e9actions et r\u00e9sum\u00e9 vid\u00e9o","datePublished":"2022-09-05T14:37:59+00:00","dateModified":"2022-09-05T14:38:02+00:00","mainEntityOfPage":{"@id":"https:\/\/www.fcgueugnon.fr\/site\/n3-j02-fc-montceau-fc-gueugnon-resultat-reactions-et-resume-video\/1165"},"wordCount":583,"publisher":{"@id":"https:\/\/www.fcgueugnon.fr\/site\/#organization"},"image":{"@id":"https:\/\/www.fcgueugnon.fr\/site\/n3-j02-fc-montceau-fc-gueugnon-resultat-reactions-et-resume-video\/1165#primaryimage"},"thumbnailUrl":"https:\/\/www.fcgueugnon.fr\/site\/wp-content\/uploads\/2022\/09\/J2-FCMB-FCG-3.jpeg","keywords":["R\u00e9sultat","Vid\u00e9o"],"articleSection":["Archives 2022\/2023","News"],"inLanguage":"fr-FR"},{"@type":"WebPage","@id":"https:\/\/www.fcgueugnon.fr\/site\/n3-j02-fc-montceau-fc-gueugnon-resultat-reactions-et-resume-video\/1165","url":"https:\/\/www.fcgueugnon.fr\/site\/n3-j02-fc-montceau-fc-gueugnon-resultat-reactions-et-resume-video\/1165","name":"[N3 J02 : FC Montceau - FC Gueugnon] R\u00e9sultat, r\u00e9actions et r\u00e9sum\u00e9 vid\u00e9o &#8226; FOOTBALL CLUB GUEUGNON","isPartOf":{"@id":"https:\/\/www.fcgueugnon.fr\/site\/#website"},"primaryImageOfPage":{"@id":"https:\/\/www.fcgueugnon.fr\/site\/n3-j02-fc-montceau-fc-gueugnon-resultat-reactions-et-resume-video\/1165#primaryimage"},"image":{"@id":"https:\/\/www.fcgueugnon.fr\/site\/n3-j02-fc-montceau-fc-gueugnon-resultat-reactions-et-resume-video\/1165#primaryimage"},"thumbnailUrl":"https:\/\/www.fcgueugnon.fr\/site\/wp-content\/uploads\/2022\/09\/J2-FCMB-FCG-3.jpeg","datePublished":"2022-09-05T14:37:59+00:00","dateModified":"2022-09-05T14:38:02+00:00","breadcrumb":{"@id":"https:\/\/www.fcgueugnon.fr\/site\/n3-j02-fc-montceau-fc-gueugnon-resultat-reactions-et-resume-video\/1165#breadcrumb"},"inLanguage":"fr-FR","potentialAction":[{"@type":"ReadAction","target":["https:\/\/www.fcgueugnon.fr\/site\/n3-j02-fc-montceau-fc-gueugnon-resultat-reactions-et-resume-video\/1165"]}]},{"@type":"ImageObject","inLanguage":"fr-FR","@id":"https:\/\/www.fcgueugnon.fr\/site\/n3-j02-fc-montceau-fc-gueugnon-resultat-reactions-et-resume-video\/1165#primaryimage","url":"https:\/\/www.fcgueugnon.fr\/site\/wp-content\/uploads\/2022\/09\/J2-FCMB-FCG-3.jpeg","contentUrl":"https:\/\/www.fcgueugnon.fr\/site\/wp-content\/uploads\/2022\/09\/J2-FCMB-FCG-3.jpeg","width":1600,"height":1066},{"@type":"BreadcrumbList","@id":"https:\/\/www.fcgueugnon.fr\/site\/n3-j02-fc-montceau-fc-gueugnon-resultat-reactions-et-resume-video\/1165#breadcrumb","itemListElement":[{"@type":"ListItem","position":1,"name":"Accueil","item":"https:\/\/www.fcgueugnon.fr\/site\/"},{"@type":"ListItem","position":2,"name":"[N3 J02 : FC Montceau &#8211; FC Gueugnon] R\u00e9sultat, r\u00e9actions et r\u00e9sum\u00e9 vid\u00e9o"}]},{"@type":"WebSite","@id":"https:\/\/www.fcgueugnon.fr\/site\/#website","url":"https:\/\/www.fcgueugnon.fr\/site\/","name":"FOOTBALL CLUB GUEUGNON","description":"Le Site Officiel des Forgerons","publisher":{"@id":"https:\/\/www.fcgueugnon.fr\/site\/#organization"},"potentialAction":[{"@type":"SearchAction","target":{"@type":"EntryPoint","urlTemplate":"https:\/\/www.fcgueugnon.fr\/site\/?s={search_term_string}"},"query-input":{"@type":"PropertyValueSpecification","valueRequired":true,"valueName":"search_term_string"}}],"inLanguage":"fr-FR"},{"@type":"Organization","@id":"https:\/\/www.fcgueugnon.fr\/site\/#organization","name":"FC Gueugnon","url":"https:\/\/www.fcgueugnon.fr\/site\/","logo":{"@type":"ImageObject","inLanguage":"fr-FR","@id":"https:\/\/www.fcgueugnon.fr\/site\/#\/schema\/logo\/image\/","url":"https:\/\/www.fcgueugnon.fr\/site\/wp-content\/uploads\/2022\/07\/cropped-Logo-FCGUEUGNON-low-350x350-1.png","contentUrl":"https:\/\/www.fcgueugnon.fr\/site\/wp-content\/uploads\/2022\/07\/cropped-Logo-FCGUEUGNON-low-350x350-1.png","width":350,"height":350,"caption":"FC Gueugnon"},"image":{"@id":"https:\/\/www.fcgueugnon.fr\/site\/#\/schema\/logo\/image\/"},"sameAs":["http:\/\/facebook.com\/FCGueugnon","https:\/\/x.com\/FCGueugnon_off","https:\/\/www.instagram.com\/fcgueugnon\/","https:\/\/www.linkedin.com\/company\/football-club-de-gueugnon\/","https:\/\/www.youtube.com\/user\/FCGueugnonnais","https:\/\/fr.wikipedia.org\/wiki\/Football_Club_de_Gueugnon"]},{"@type":"Person","@id":"https:\/\/www.fcgueugnon.fr\/site\/#\/schema\/person\/829630bfb5d6f3ebe4d296b75687c01a","name":"FC Gueugnon","url":"https:\/\/www.fcgueugnon.fr\/site\/author\/g-avin1"}]}},"rttpg_featured_image_url":{"full":["https:\/\/www.fcgueugnon.fr\/site\/wp-content\/uploads\/2022\/09\/J2-FCMB-FCG-3.jpeg",1600,1066,false],"landscape":["https:\/\/www.fcgueugnon.fr\/site\/wp-content\/uploads\/2022\/09\/J2-FCMB-FCG-3.jpeg",1600,1066,false],"portraits":["https:\/\/www.fcgueugnon.fr\/site\/wp-content\/uploads\/2022\/09\/J2-FCMB-FCG-3.jpeg",1600,1066,false],"thumbnail":["https:\/\/www.fcgueugnon.fr\/site\/wp-content\/uploads\/2022\/09\/J2-FCMB-FCG-3-150x150.jpeg",150,150,true],"medium":["https:\/\/www.fcgueugnon.fr\/site\/wp-content\/uploads\/2022\/09\/J2-FCMB-FCG-3-400x267.jpeg",400,267,true],"large":["https:\/\/www.fcgueugnon.fr\/site\/wp-content\/uploads\/2022\/09\/J2-FCMB-FCG-3-1024x682.jpeg",1024,682,true],"1536x1536":["https:\/\/www.fcgueugnon.fr\/site\/wp-content\/uploads\/2022\/09\/J2-FCMB-FCG-3-1536x1023.jpeg",1536,1023,true],"2048x2048":["https:\/\/www.fcgueugnon.fr\/site\/wp-content\/uploads\/2022\/09\/J2-FCMB-FCG-3.jpeg",1600,1066,false]},"rttpg_author":{"display_name":"FC Gueugnon","author_link":"https:\/\/www.fcgueugnon.fr\/site\/author\/g-avin1"},"rttpg_comment":0,"rttpg_category":"<a href=\"https:\/\/www.fcgueugnon.fr\/site\/category\/news\/news-2022-2023\" rel=\"category tag\">Archives 2022\/2023<\/a> <a href=\"https:\/\/www.fcgueugnon.fr\/site\/category\/news\" rel=\"category tag\">News<\/a>","rttpg_excerpt":"Apr\u00e8s sa victoire inaugurale face \u00e0 l&rsquo;UCS Cosne, le FC Gueugnon se d\u00e9pla\u00e7ait samedi dernier au stade des Alouettes pour d\u00e9fier le FC Montceau Bourgogne. Ce derby comptant pour la 2\u00e8me journ\u00e9e de National 3 d\u00e9bute de belle mani\u00e8re pour les forgerons qui se procurent de nettes occasions. Oum\u00e9rou Dram\u00e9 \u00e0 la r\u00e9ception d&rsquo;un centre\u2026","_links":{"self":[{"href":"https:\/\/www.fcgueugnon.fr\/site\/wp-json\/wp\/v2\/posts\/1165","targetHints":{"allow":["GET"]}}],"collection":[{"href":"https:\/\/www.fcgueugnon.fr\/site\/wp-json\/wp\/v2\/posts"}],"about":[{"href":"https:\/\/www.fcgueugnon.fr\/site\/wp-json\/wp\/v2\/types\/post"}],"author":[{"embeddable":true,"href":"https:\/\/www.fcgueugnon.fr\/site\/wp-json\/wp\/v2\/users\/3"}],"replies":[{"embeddable":true,"href":"https:\/\/www.fcgueugnon.fr\/site\/wp-json\/wp\/v2\/comments?post=1165"}],"version-history":[{"count":6,"href":"https:\/\/www.fcgueugnon.fr\/site\/wp-json\/wp\/v2\/posts\/1165\/revisions"}],"predecessor-version":[{"id":1261,"href":"https:\/\/www.fcgueugnon.fr\/site\/wp-json\/wp\/v2\/posts\/1165\/revisions\/1261"}],"wp:featuredmedia":[{"embeddable":true,"href":"https:\/\/www.fcgueugnon.fr\/site\/wp-json\/wp\/v2\/media\/1171"}],"wp:attachment":[{"href":"https:\/\/www.fcgueugnon.fr\/site\/wp-json\/wp\/v2\/media?parent=1165"}],"wp:term":[{"taxonomy":"category","embeddable":true,"href":"https:\/\/www.fcgueugnon.fr\/site\/wp-json\/wp\/v2\/categories?post=1165"},{"taxonomy":"post_tag","embeddable":true,"href":"https:\/\/www.fcgueugnon.fr\/site\/wp-json\/wp\/v2\/tags?post=1165"}],"curies":[{"name":"wp","href":"https:\/\/api.w.org\/{rel}","templated":true}]}}