{"id":11459,"date":"2024-08-05T10:23:46","date_gmt":"2024-08-05T08:23:46","guid":{"rendered":"https:\/\/www.fcgueugnon.fr\/site\/?p=11459"},"modified":"2024-08-05T12:49:05","modified_gmt":"2024-08-05T10:49:05","slug":"national-3-le-fcg-sincline-mais-monte-en-puissance-contre-goal-fc","status":"publish","type":"post","link":"https:\/\/www.fcgueugnon.fr\/site\/national-3-le-fcg-sincline-mais-monte-en-puissance-contre-goal-fc\/11459","title":{"rendered":"[National 3] Le FCG s&rsquo;incline mais monte en puissance contre GOAL FC"},"content":{"rendered":"\n<h3 class=\"wp-block-heading\"><strong>Vendredi soir, le FCG disputait son troisi\u00e8me match de pr\u00e9paration sur la pelouse de GOAL FC, adversaire qui \u00e9voluait en National la saison pass\u00e9e (2-1).<\/strong><\/h3>\n\n\n\n<div style=\"height:20px\" aria-hidden=\"true\" class=\"wp-block-spacer\"><\/div>\n\n\n<div class=\"wp-block-image\">\n<figure class=\"aligncenter size-full is-resized\"><img loading=\"lazy\" decoding=\"async\" width=\"2000\" height=\"2500\" src=\"https:\/\/www.fcgueugnon.fr\/site\/wp-content\/uploads\/2024\/08\/GOAL-FC-2-1-FC-GUEUGNON.jpg\" alt=\"\" class=\"wp-image-11460\" style=\"width:484px;height:auto\" srcset=\"https:\/\/www.fcgueugnon.fr\/site\/wp-content\/uploads\/2024\/08\/GOAL-FC-2-1-FC-GUEUGNON.jpg 2000w, https:\/\/www.fcgueugnon.fr\/site\/wp-content\/uploads\/2024\/08\/GOAL-FC-2-1-FC-GUEUGNON-320x400.jpg 320w, https:\/\/www.fcgueugnon.fr\/site\/wp-content\/uploads\/2024\/08\/GOAL-FC-2-1-FC-GUEUGNON-819x1024.jpg 819w, https:\/\/www.fcgueugnon.fr\/site\/wp-content\/uploads\/2024\/08\/GOAL-FC-2-1-FC-GUEUGNON-768x960.jpg 768w, https:\/\/www.fcgueugnon.fr\/site\/wp-content\/uploads\/2024\/08\/GOAL-FC-2-1-FC-GUEUGNON-1229x1536.jpg 1229w, https:\/\/www.fcgueugnon.fr\/site\/wp-content\/uploads\/2024\/08\/GOAL-FC-2-1-FC-GUEUGNON-1638x2048.jpg 1638w, https:\/\/www.fcgueugnon.fr\/site\/wp-content\/uploads\/2024\/08\/GOAL-FC-2-1-FC-GUEUGNON-1320x1650.jpg 1320w, https:\/\/www.fcgueugnon.fr\/site\/wp-content\/uploads\/2024\/08\/GOAL-FC-2-1-FC-GUEUGNON-600x750.jpg 600w\" sizes=\"auto, (max-width: 2000px) 100vw, 2000px\" \/><\/figure>\n<\/div>\n\n\n<div style=\"height:20px\" aria-hidden=\"true\" class=\"wp-block-spacer\"><\/div>\n\n\n\n<p>Seulement 48 heures apr\u00e8s son match de pr\u00e9paration contre Jura Dolois, le FC Gueugnon disputait un troisi\u00e8me match amical face \u00e0 GOAL FC. Depuis quelques semaines, le groupe National 3 s&rsquo;astreint \u00e0 un travail physique et athl\u00e9tique intense. Les matchs de pr\u00e9paration s&rsquo;encha\u00eenent dans le but de donner du temps de jeu \u00e0 tous les joueurs et de peaufiner les automatismes.<\/p>\n\n\n\n<p>Lors de cette rencontre, le FC Gueugnon a ouvert le score \u00e0 la 25e minute gr\u00e2ce \u00e0 Erwin Gnahor\u00e9, qui a conclu une magnifique action collective initi\u00e9e par un jeu \u00e0 trois entre Ibrahim Mohamed, Maxence Fournel et Flavio Valente, auteur de la passe d\u00e9cisive. Cependant, les Forgerons ont encaiss\u00e9 deux buts peu apr\u00e8s, d&rsquo;abord sur une contre-attaque \u00e0 la 30e minute, puis sur un corner \u00e0 la 34e minute. Le score est rest\u00e9 inchang\u00e9 en seconde p\u00e9riode malgr\u00e9 quelques occasions pour le FC Gueugnon.<\/p>\n\n\n\n<p>Cette fin de semaine \u00e0 Jean Laville, le FC Gueugnon disputera son 4\u00e8me match face \u00e0 l&rsquo;ASC Saint-Apollinaire. La date et l&rsquo;horaire du match vous seront communiqu\u00e9s dans les meilleurs d\u00e9lais.<\/p>\n\n\n\n<div style=\"height:20px\" aria-hidden=\"true\" class=\"wp-block-spacer\"><\/div>\n\n\n\n<p><strong>\u26bd&nbsp;Score final<\/strong><\/p>\n\n\n\n<p><strong>\u00c0 Chasselay, Stade Ludovic Giuly<\/strong><br>GOAL FC 2 \u2013 1 FC Gueugnon<br>Buteur : Gnahor\u00e9.<\/p>\n\n\n\n<div style=\"height:20px\" aria-hidden=\"true\" class=\"wp-block-spacer\"><\/div>\n\n\n\n<p>\ud83d\udfe1\ud83d\udd35&nbsp;<strong>Composition d\u2019\u00e9quipe<\/strong><\/p>\n\n\n\n<p>Composition n\u00b01 : Njock, Mohamed, Schacherer, Delclaux, Galland, Zampa, Gnahor\u00e9, Grich, Valente, Fournel, Dos Santos.<\/p>\n\n\n\n<p>Composition n\u00b02 : Vilaro Riou, Mahla, Barker, Delclaux (70&prime; Schacherer), Saunier, Th\u00e9venet, Figueira, Fernandes, Gauthier (80&prime; Buckman), Grich (63&prime; Miezi-Kembolo ), Dos Santos (63&prime; Diasomb\u00e9).<\/p>\n","protected":false},"excerpt":{"rendered":"<p>Vendredi soir, le FCG disputait son troisi\u00e8me match de pr\u00e9paration sur la pelouse de GOAL FC, adversaire qui \u00e9voluait en National la saison pass\u00e9e (2-1). Seulement 48 heures apr\u00e8s son match de pr\u00e9paration contre Jura Dolois, le FC Gueugnon disputait un troisi\u00e8me match amical face \u00e0 GOAL FC. Depuis quelques semaines, le groupe National 3 &#8230; <\/p>\n<p class=\"read-more-container\"><a title=\"[National 3] Le FCG s&rsquo;incline mais monte en puissance contre GOAL FC\" class=\"read-more button\" href=\"https:\/\/www.fcgueugnon.fr\/site\/national-3-le-fcg-sincline-mais-monte-en-puissance-contre-goal-fc\/11459#more-11459\" aria-label=\"Plus sur [National 3] Le FCG s&rsquo;incline mais monte en puissance contre GOAL FC\">Lire la suite<\/a><\/p>\n","protected":false},"author":3,"featured_media":11460,"comment_status":"closed","ping_status":"closed","sticky":false,"template":"","format":"standard","meta":{"footnotes":""},"categories":[4,62],"tags":[10],"class_list":["post-11459","post","type-post","status-publish","format-standard","has-post-thumbnail","hentry","category-news","category-news-2024-2025","tag-preparation-entrainement","infinite-scroll-item","generate-columns","tablet-grid-50","mobile-grid-100","grid-parent","grid-25","resize-featured-image"],"yoast_head":"<!-- This site is optimized with the Yoast SEO plugin v26.6 - https:\/\/yoast.com\/wordpress\/plugins\/seo\/ -->\n<title>[National 3] Le FCG s&#039;incline mais monte en puissance contre GOAL FC &#8226; FOOTBALL CLUB GUEUGNON<\/title>\n<meta name=\"robots\" content=\"index, follow, max-snippet:-1, max-image-preview:large, max-video-preview:-1\" \/>\n<link rel=\"canonical\" href=\"https:\/\/www.fcgueugnon.fr\/site\/national-3-le-fcg-sincline-mais-monte-en-puissance-contre-goal-fc\/11459\" \/>\n<meta property=\"og:locale\" content=\"fr_FR\" \/>\n<meta property=\"og:type\" content=\"article\" \/>\n<meta property=\"og:title\" content=\"[National 3] Le FCG s&#039;incline mais monte en puissance contre GOAL FC &#8226; FOOTBALL CLUB GUEUGNON\" \/>\n<meta property=\"og:description\" content=\"Vendredi soir, le FCG disputait son troisi\u00e8me match de pr\u00e9paration sur la pelouse de GOAL FC, adversaire qui \u00e9voluait en National la saison pass\u00e9e (2-1). Seulement 48 heures apr\u00e8s son match de pr\u00e9paration contre Jura Dolois, le FC Gueugnon disputait un troisi\u00e8me match amical face \u00e0 GOAL FC. Depuis quelques semaines, le groupe National 3 ... Lire la suite\" \/>\n<meta property=\"og:url\" content=\"https:\/\/www.fcgueugnon.fr\/site\/national-3-le-fcg-sincline-mais-monte-en-puissance-contre-goal-fc\/11459\" \/>\n<meta property=\"og:site_name\" content=\"FOOTBALL CLUB GUEUGNON\" \/>\n<meta property=\"article:publisher\" content=\"http:\/\/facebook.com\/FCGueugnon\" \/>\n<meta property=\"article:published_time\" content=\"2024-08-05T08:23:46+00:00\" \/>\n<meta property=\"article:modified_time\" content=\"2024-08-05T10:49:05+00:00\" \/>\n<meta property=\"og:image\" content=\"https:\/\/www.fcgueugnon.fr\/site\/wp-content\/uploads\/2024\/08\/GOAL-FC-2-1-FC-GUEUGNON-819x1024.jpg\" \/>\n\t<meta property=\"og:image:width\" content=\"819\" \/>\n\t<meta property=\"og:image:height\" content=\"1024\" \/>\n\t<meta property=\"og:image:type\" content=\"image\/jpeg\" \/>\n<meta name=\"author\" content=\"FC Gueugnon\" \/>\n<meta name=\"twitter:card\" content=\"summary_large_image\" \/>\n<meta name=\"twitter:creator\" content=\"@FCGueugnon_off\" \/>\n<meta name=\"twitter:site\" content=\"@FCGueugnon_off\" \/>\n<meta name=\"twitter:label1\" content=\"\u00c9crit par\" \/>\n\t<meta name=\"twitter:data1\" content=\"FC Gueugnon\" \/>\n\t<meta name=\"twitter:label2\" content=\"Dur\u00e9e de lecture estim\u00e9e\" \/>\n\t<meta name=\"twitter:data2\" content=\"2 minutes\" \/>\n<script type=\"application\/ld+json\" class=\"yoast-schema-graph\">{\"@context\":\"https:\/\/schema.org\",\"@graph\":[{\"@type\":\"Article\",\"@id\":\"https:\/\/www.fcgueugnon.fr\/site\/national-3-le-fcg-sincline-mais-monte-en-puissance-contre-goal-fc\/11459#article\",\"isPartOf\":{\"@id\":\"https:\/\/www.fcgueugnon.fr\/site\/national-3-le-fcg-sincline-mais-monte-en-puissance-contre-goal-fc\/11459\"},\"author\":{\"name\":\"FC Gueugnon\",\"@id\":\"https:\/\/www.fcgueugnon.fr\/site\/#\/schema\/person\/829630bfb5d6f3ebe4d296b75687c01a\"},\"headline\":\"[National 3] Le FCG s&rsquo;incline mais monte en puissance contre GOAL FC\",\"datePublished\":\"2024-08-05T08:23:46+00:00\",\"dateModified\":\"2024-08-05T10:49:05+00:00\",\"mainEntityOfPage\":{\"@id\":\"https:\/\/www.fcgueugnon.fr\/site\/national-3-le-fcg-sincline-mais-monte-en-puissance-contre-goal-fc\/11459\"},\"wordCount\":273,\"publisher\":{\"@id\":\"https:\/\/www.fcgueugnon.fr\/site\/#organization\"},\"image\":{\"@id\":\"https:\/\/www.fcgueugnon.fr\/site\/national-3-le-fcg-sincline-mais-monte-en-puissance-contre-goal-fc\/11459#primaryimage\"},\"thumbnailUrl\":\"https:\/\/www.fcgueugnon.fr\/site\/wp-content\/uploads\/2024\/08\/GOAL-FC-2-1-FC-GUEUGNON.jpg\",\"keywords\":[\"Pr\u00e9paration - Entrainement\"],\"articleSection\":[\"News\",\"News 2024\/2025\"],\"inLanguage\":\"fr-FR\"},{\"@type\":\"WebPage\",\"@id\":\"https:\/\/www.fcgueugnon.fr\/site\/national-3-le-fcg-sincline-mais-monte-en-puissance-contre-goal-fc\/11459\",\"url\":\"https:\/\/www.fcgueugnon.fr\/site\/national-3-le-fcg-sincline-mais-monte-en-puissance-contre-goal-fc\/11459\",\"name\":\"[National 3] Le FCG s'incline mais monte en puissance contre GOAL FC &#8226; FOOTBALL CLUB GUEUGNON\",\"isPartOf\":{\"@id\":\"https:\/\/www.fcgueugnon.fr\/site\/#website\"},\"primaryImageOfPage\":{\"@id\":\"https:\/\/www.fcgueugnon.fr\/site\/national-3-le-fcg-sincline-mais-monte-en-puissance-contre-goal-fc\/11459#primaryimage\"},\"image\":{\"@id\":\"https:\/\/www.fcgueugnon.fr\/site\/national-3-le-fcg-sincline-mais-monte-en-puissance-contre-goal-fc\/11459#primaryimage\"},\"thumbnailUrl\":\"https:\/\/www.fcgueugnon.fr\/site\/wp-content\/uploads\/2024\/08\/GOAL-FC-2-1-FC-GUEUGNON.jpg\",\"datePublished\":\"2024-08-05T08:23:46+00:00\",\"dateModified\":\"2024-08-05T10:49:05+00:00\",\"breadcrumb\":{\"@id\":\"https:\/\/www.fcgueugnon.fr\/site\/national-3-le-fcg-sincline-mais-monte-en-puissance-contre-goal-fc\/11459#breadcrumb\"},\"inLanguage\":\"fr-FR\",\"potentialAction\":[{\"@type\":\"ReadAction\",\"target\":[\"https:\/\/www.fcgueugnon.fr\/site\/national-3-le-fcg-sincline-mais-monte-en-puissance-contre-goal-fc\/11459\"]}]},{\"@type\":\"ImageObject\",\"inLanguage\":\"fr-FR\",\"@id\":\"https:\/\/www.fcgueugnon.fr\/site\/national-3-le-fcg-sincline-mais-monte-en-puissance-contre-goal-fc\/11459#primaryimage\",\"url\":\"https:\/\/www.fcgueugnon.fr\/site\/wp-content\/uploads\/2024\/08\/GOAL-FC-2-1-FC-GUEUGNON.jpg\",\"contentUrl\":\"https:\/\/www.fcgueugnon.fr\/site\/wp-content\/uploads\/2024\/08\/GOAL-FC-2-1-FC-GUEUGNON.jpg\",\"width\":2000,\"height\":2500},{\"@type\":\"BreadcrumbList\",\"@id\":\"https:\/\/www.fcgueugnon.fr\/site\/national-3-le-fcg-sincline-mais-monte-en-puissance-contre-goal-fc\/11459#breadcrumb\",\"itemListElement\":[{\"@type\":\"ListItem\",\"position\":1,\"name\":\"Accueil\",\"item\":\"https:\/\/www.fcgueugnon.fr\/site\/\"},{\"@type\":\"ListItem\",\"position\":2,\"name\":\"[National 3] Le FCG s&#8217;incline mais monte en puissance contre GOAL FC\"}]},{\"@type\":\"WebSite\",\"@id\":\"https:\/\/www.fcgueugnon.fr\/site\/#website\",\"url\":\"https:\/\/www.fcgueugnon.fr\/site\/\",\"name\":\"FOOTBALL CLUB GUEUGNON\",\"description\":\"Le Site Officiel des Forgerons\",\"publisher\":{\"@id\":\"https:\/\/www.fcgueugnon.fr\/site\/#organization\"},\"potentialAction\":[{\"@type\":\"SearchAction\",\"target\":{\"@type\":\"EntryPoint\",\"urlTemplate\":\"https:\/\/www.fcgueugnon.fr\/site\/?s={search_term_string}\"},\"query-input\":{\"@type\":\"PropertyValueSpecification\",\"valueRequired\":true,\"valueName\":\"search_term_string\"}}],\"inLanguage\":\"fr-FR\"},{\"@type\":\"Organization\",\"@id\":\"https:\/\/www.fcgueugnon.fr\/site\/#organization\",\"name\":\"FC Gueugnon\",\"url\":\"https:\/\/www.fcgueugnon.fr\/site\/\",\"logo\":{\"@type\":\"ImageObject\",\"inLanguage\":\"fr-FR\",\"@id\":\"https:\/\/www.fcgueugnon.fr\/site\/#\/schema\/logo\/image\/\",\"url\":\"https:\/\/www.fcgueugnon.fr\/site\/wp-content\/uploads\/2022\/07\/cropped-Logo-FCGUEUGNON-low-350x350-1.png\",\"contentUrl\":\"https:\/\/www.fcgueugnon.fr\/site\/wp-content\/uploads\/2022\/07\/cropped-Logo-FCGUEUGNON-low-350x350-1.png\",\"width\":350,\"height\":350,\"caption\":\"FC Gueugnon\"},\"image\":{\"@id\":\"https:\/\/www.fcgueugnon.fr\/site\/#\/schema\/logo\/image\/\"},\"sameAs\":[\"http:\/\/facebook.com\/FCGueugnon\",\"https:\/\/x.com\/FCGueugnon_off\",\"https:\/\/www.instagram.com\/fcgueugnon\/\",\"https:\/\/www.linkedin.com\/company\/football-club-de-gueugnon\/\",\"https:\/\/www.youtube.com\/user\/FCGueugnonnais\",\"https:\/\/fr.wikipedia.org\/wiki\/Football_Club_de_Gueugnon\"]},{\"@type\":\"Person\",\"@id\":\"https:\/\/www.fcgueugnon.fr\/site\/#\/schema\/person\/829630bfb5d6f3ebe4d296b75687c01a\",\"name\":\"FC Gueugnon\",\"url\":\"https:\/\/www.fcgueugnon.fr\/site\/author\/g-avin1\"}]}<\/script>\n<!-- \/ Yoast SEO plugin. -->","yoast_head_json":{"title":"[National 3] Le FCG s'incline mais monte en puissance contre GOAL FC &#8226; FOOTBALL CLUB GUEUGNON","robots":{"index":"index","follow":"follow","max-snippet":"max-snippet:-1","max-image-preview":"max-image-preview:large","max-video-preview":"max-video-preview:-1"},"canonical":"https:\/\/www.fcgueugnon.fr\/site\/national-3-le-fcg-sincline-mais-monte-en-puissance-contre-goal-fc\/11459","og_locale":"fr_FR","og_type":"article","og_title":"[National 3] Le FCG s'incline mais monte en puissance contre GOAL FC &#8226; FOOTBALL CLUB GUEUGNON","og_description":"Vendredi soir, le FCG disputait son troisi\u00e8me match de pr\u00e9paration sur la pelouse de GOAL FC, adversaire qui \u00e9voluait en National la saison pass\u00e9e (2-1). Seulement 48 heures apr\u00e8s son match de pr\u00e9paration contre Jura Dolois, le FC Gueugnon disputait un troisi\u00e8me match amical face \u00e0 GOAL FC. Depuis quelques semaines, le groupe National 3 ... Lire la suite","og_url":"https:\/\/www.fcgueugnon.fr\/site\/national-3-le-fcg-sincline-mais-monte-en-puissance-contre-goal-fc\/11459","og_site_name":"FOOTBALL CLUB GUEUGNON","article_publisher":"http:\/\/facebook.com\/FCGueugnon","article_published_time":"2024-08-05T08:23:46+00:00","article_modified_time":"2024-08-05T10:49:05+00:00","og_image":[{"width":819,"height":1024,"url":"https:\/\/www.fcgueugnon.fr\/site\/wp-content\/uploads\/2024\/08\/GOAL-FC-2-1-FC-GUEUGNON-819x1024.jpg","type":"image\/jpeg"}],"author":"FC Gueugnon","twitter_card":"summary_large_image","twitter_creator":"@FCGueugnon_off","twitter_site":"@FCGueugnon_off","twitter_misc":{"\u00c9crit par":"FC Gueugnon","Dur\u00e9e de lecture estim\u00e9e":"2 minutes"},"schema":{"@context":"https:\/\/schema.org","@graph":[{"@type":"Article","@id":"https:\/\/www.fcgueugnon.fr\/site\/national-3-le-fcg-sincline-mais-monte-en-puissance-contre-goal-fc\/11459#article","isPartOf":{"@id":"https:\/\/www.fcgueugnon.fr\/site\/national-3-le-fcg-sincline-mais-monte-en-puissance-contre-goal-fc\/11459"},"author":{"name":"FC Gueugnon","@id":"https:\/\/www.fcgueugnon.fr\/site\/#\/schema\/person\/829630bfb5d6f3ebe4d296b75687c01a"},"headline":"[National 3] Le FCG s&rsquo;incline mais monte en puissance contre GOAL FC","datePublished":"2024-08-05T08:23:46+00:00","dateModified":"2024-08-05T10:49:05+00:00","mainEntityOfPage":{"@id":"https:\/\/www.fcgueugnon.fr\/site\/national-3-le-fcg-sincline-mais-monte-en-puissance-contre-goal-fc\/11459"},"wordCount":273,"publisher":{"@id":"https:\/\/www.fcgueugnon.fr\/site\/#organization"},"image":{"@id":"https:\/\/www.fcgueugnon.fr\/site\/national-3-le-fcg-sincline-mais-monte-en-puissance-contre-goal-fc\/11459#primaryimage"},"thumbnailUrl":"https:\/\/www.fcgueugnon.fr\/site\/wp-content\/uploads\/2024\/08\/GOAL-FC-2-1-FC-GUEUGNON.jpg","keywords":["Pr\u00e9paration - Entrainement"],"articleSection":["News","News 2024\/2025"],"inLanguage":"fr-FR"},{"@type":"WebPage","@id":"https:\/\/www.fcgueugnon.fr\/site\/national-3-le-fcg-sincline-mais-monte-en-puissance-contre-goal-fc\/11459","url":"https:\/\/www.fcgueugnon.fr\/site\/national-3-le-fcg-sincline-mais-monte-en-puissance-contre-goal-fc\/11459","name":"[National 3] Le FCG s'incline mais monte en puissance contre GOAL FC &#8226; FOOTBALL CLUB GUEUGNON","isPartOf":{"@id":"https:\/\/www.fcgueugnon.fr\/site\/#website"},"primaryImageOfPage":{"@id":"https:\/\/www.fcgueugnon.fr\/site\/national-3-le-fcg-sincline-mais-monte-en-puissance-contre-goal-fc\/11459#primaryimage"},"image":{"@id":"https:\/\/www.fcgueugnon.fr\/site\/national-3-le-fcg-sincline-mais-monte-en-puissance-contre-goal-fc\/11459#primaryimage"},"thumbnailUrl":"https:\/\/www.fcgueugnon.fr\/site\/wp-content\/uploads\/2024\/08\/GOAL-FC-2-1-FC-GUEUGNON.jpg","datePublished":"2024-08-05T08:23:46+00:00","dateModified":"2024-08-05T10:49:05+00:00","breadcrumb":{"@id":"https:\/\/www.fcgueugnon.fr\/site\/national-3-le-fcg-sincline-mais-monte-en-puissance-contre-goal-fc\/11459#breadcrumb"},"inLanguage":"fr-FR","potentialAction":[{"@type":"ReadAction","target":["https:\/\/www.fcgueugnon.fr\/site\/national-3-le-fcg-sincline-mais-monte-en-puissance-contre-goal-fc\/11459"]}]},{"@type":"ImageObject","inLanguage":"fr-FR","@id":"https:\/\/www.fcgueugnon.fr\/site\/national-3-le-fcg-sincline-mais-monte-en-puissance-contre-goal-fc\/11459#primaryimage","url":"https:\/\/www.fcgueugnon.fr\/site\/wp-content\/uploads\/2024\/08\/GOAL-FC-2-1-FC-GUEUGNON.jpg","contentUrl":"https:\/\/www.fcgueugnon.fr\/site\/wp-content\/uploads\/2024\/08\/GOAL-FC-2-1-FC-GUEUGNON.jpg","width":2000,"height":2500},{"@type":"BreadcrumbList","@id":"https:\/\/www.fcgueugnon.fr\/site\/national-3-le-fcg-sincline-mais-monte-en-puissance-contre-goal-fc\/11459#breadcrumb","itemListElement":[{"@type":"ListItem","position":1,"name":"Accueil","item":"https:\/\/www.fcgueugnon.fr\/site\/"},{"@type":"ListItem","position":2,"name":"[National 3] Le FCG s&#8217;incline mais monte en puissance contre GOAL FC"}]},{"@type":"WebSite","@id":"https:\/\/www.fcgueugnon.fr\/site\/#website","url":"https:\/\/www.fcgueugnon.fr\/site\/","name":"FOOTBALL CLUB GUEUGNON","description":"Le Site Officiel des Forgerons","publisher":{"@id":"https:\/\/www.fcgueugnon.fr\/site\/#organization"},"potentialAction":[{"@type":"SearchAction","target":{"@type":"EntryPoint","urlTemplate":"https:\/\/www.fcgueugnon.fr\/site\/?s={search_term_string}"},"query-input":{"@type":"PropertyValueSpecification","valueRequired":true,"valueName":"search_term_string"}}],"inLanguage":"fr-FR"},{"@type":"Organization","@id":"https:\/\/www.fcgueugnon.fr\/site\/#organization","name":"FC Gueugnon","url":"https:\/\/www.fcgueugnon.fr\/site\/","logo":{"@type":"ImageObject","inLanguage":"fr-FR","@id":"https:\/\/www.fcgueugnon.fr\/site\/#\/schema\/logo\/image\/","url":"https:\/\/www.fcgueugnon.fr\/site\/wp-content\/uploads\/2022\/07\/cropped-Logo-FCGUEUGNON-low-350x350-1.png","contentUrl":"https:\/\/www.fcgueugnon.fr\/site\/wp-content\/uploads\/2022\/07\/cropped-Logo-FCGUEUGNON-low-350x350-1.png","width":350,"height":350,"caption":"FC Gueugnon"},"image":{"@id":"https:\/\/www.fcgueugnon.fr\/site\/#\/schema\/logo\/image\/"},"sameAs":["http:\/\/facebook.com\/FCGueugnon","https:\/\/x.com\/FCGueugnon_off","https:\/\/www.instagram.com\/fcgueugnon\/","https:\/\/www.linkedin.com\/company\/football-club-de-gueugnon\/","https:\/\/www.youtube.com\/user\/FCGueugnonnais","https:\/\/fr.wikipedia.org\/wiki\/Football_Club_de_Gueugnon"]},{"@type":"Person","@id":"https:\/\/www.fcgueugnon.fr\/site\/#\/schema\/person\/829630bfb5d6f3ebe4d296b75687c01a","name":"FC Gueugnon","url":"https:\/\/www.fcgueugnon.fr\/site\/author\/g-avin1"}]}},"rttpg_featured_image_url":{"full":["https:\/\/www.fcgueugnon.fr\/site\/wp-content\/uploads\/2024\/08\/GOAL-FC-2-1-FC-GUEUGNON.jpg",2000,2500,false],"landscape":["https:\/\/www.fcgueugnon.fr\/site\/wp-content\/uploads\/2024\/08\/GOAL-FC-2-1-FC-GUEUGNON.jpg",2000,2500,false],"portraits":["https:\/\/www.fcgueugnon.fr\/site\/wp-content\/uploads\/2024\/08\/GOAL-FC-2-1-FC-GUEUGNON.jpg",2000,2500,false],"thumbnail":["https:\/\/www.fcgueugnon.fr\/site\/wp-content\/uploads\/2024\/08\/GOAL-FC-2-1-FC-GUEUGNON-150x150.jpg",150,150,true],"medium":["https:\/\/www.fcgueugnon.fr\/site\/wp-content\/uploads\/2024\/08\/GOAL-FC-2-1-FC-GUEUGNON-320x400.jpg",320,400,true],"large":["https:\/\/www.fcgueugnon.fr\/site\/wp-content\/uploads\/2024\/08\/GOAL-FC-2-1-FC-GUEUGNON-819x1024.jpg",819,1024,true],"1536x1536":["https:\/\/www.fcgueugnon.fr\/site\/wp-content\/uploads\/2024\/08\/GOAL-FC-2-1-FC-GUEUGNON-1229x1536.jpg",1229,1536,true],"2048x2048":["https:\/\/www.fcgueugnon.fr\/site\/wp-content\/uploads\/2024\/08\/GOAL-FC-2-1-FC-GUEUGNON-1638x2048.jpg",1638,2048,true]},"rttpg_author":{"display_name":"FC Gueugnon","author_link":"https:\/\/www.fcgueugnon.fr\/site\/author\/g-avin1"},"rttpg_comment":0,"rttpg_category":"<a href=\"https:\/\/www.fcgueugnon.fr\/site\/category\/news\" rel=\"category tag\">News<\/a> <a href=\"https:\/\/www.fcgueugnon.fr\/site\/category\/news\/news-2024-2025\" rel=\"category tag\">News 2024\/2025<\/a>","rttpg_excerpt":"Vendredi soir, le FCG disputait son troisi\u00e8me match de pr\u00e9paration sur la pelouse de GOAL FC, adversaire qui \u00e9voluait en National la saison pass\u00e9e (2-1). Seulement 48 heures apr\u00e8s son match de pr\u00e9paration contre Jura Dolois, le FC Gueugnon disputait un troisi\u00e8me match amical face \u00e0 GOAL FC. Depuis quelques semaines, le groupe National 3\u2026","_links":{"self":[{"href":"https:\/\/www.fcgueugnon.fr\/site\/wp-json\/wp\/v2\/posts\/11459","targetHints":{"allow":["GET"]}}],"collection":[{"href":"https:\/\/www.fcgueugnon.fr\/site\/wp-json\/wp\/v2\/posts"}],"about":[{"href":"https:\/\/www.fcgueugnon.fr\/site\/wp-json\/wp\/v2\/types\/post"}],"author":[{"embeddable":true,"href":"https:\/\/www.fcgueugnon.fr\/site\/wp-json\/wp\/v2\/users\/3"}],"replies":[{"embeddable":true,"href":"https:\/\/www.fcgueugnon.fr\/site\/wp-json\/wp\/v2\/comments?post=11459"}],"version-history":[{"count":3,"href":"https:\/\/www.fcgueugnon.fr\/site\/wp-json\/wp\/v2\/posts\/11459\/revisions"}],"predecessor-version":[{"id":11463,"href":"https:\/\/www.fcgueugnon.fr\/site\/wp-json\/wp\/v2\/posts\/11459\/revisions\/11463"}],"wp:featuredmedia":[{"embeddable":true,"href":"https:\/\/www.fcgueugnon.fr\/site\/wp-json\/wp\/v2\/media\/11460"}],"wp:attachment":[{"href":"https:\/\/www.fcgueugnon.fr\/site\/wp-json\/wp\/v2\/media?parent=11459"}],"wp:term":[{"taxonomy":"category","embeddable":true,"href":"https:\/\/www.fcgueugnon.fr\/site\/wp-json\/wp\/v2\/categories?post=11459"},{"taxonomy":"post_tag","embeddable":true,"href":"https:\/\/www.fcgueugnon.fr\/site\/wp-json\/wp\/v2\/tags?post=11459"}],"curies":[{"name":"wp","href":"https:\/\/api.w.org\/{rel}","templated":true}]}}