{"id":11456,"date":"2024-08-04T18:21:03","date_gmt":"2024-08-04T16:21:03","guid":{"rendered":"https:\/\/www.fcgueugnon.fr\/site\/?p=11456"},"modified":"2024-08-04T18:21:07","modified_gmt":"2024-08-04T16:21:07","slug":"mercato-2024-junior-buckman-pour-cloturer-le-mercato","status":"publish","type":"post","link":"https:\/\/www.fcgueugnon.fr\/site\/mercato-2024-junior-buckman-pour-cloturer-le-mercato\/11456","title":{"rendered":"[Mercato 2024] Junior BUCKMAN pour cl\u00f4turer le mercato !"},"content":{"rendered":"\n<h2 class=\"wp-block-heading has-text-align-left\">Derni\u00e8re recrue pour le groupe N3 qui voit la signature de Junior BUCKMAN de retour en Bourgogne Franche-Comt\u00e9!<\/h2>\n\n\n\n<div style=\"height:50px\" aria-hidden=\"true\" class=\"wp-block-spacer\"><\/div>\n\n\n\n<center><blockquote class=\"instagram-media\" data-instgrm-captioned data-instgrm-permalink=\"https:\/\/www.instagram.com\/reel\/C-QPijJqGa1\/?utm_source=ig_embed&amp;utm_campaign=loading\" data-instgrm-version=\"14\" style=\" background:#FFF; border:0; border-radius:3px; box-shadow:0 0 1px 0 rgba(0,0,0,0.5),0 1px 10px 0 rgba(0,0,0,0.15); margin: 1px; max-width:540px; min-width:326px; padding:0; width:99.375%; width:-webkit-calc(100% - 2px); width:calc(100% - 2px);\"><div style=\"padding:16px;\"> <a href=\"https:\/\/www.instagram.com\/reel\/C-QPijJqGa1\/?utm_source=ig_embed&amp;utm_campaign=loading\" style=\" background:#FFFFFF; line-height:0; padding:0 0; text-align:center; text-decoration:none; width:100%;\" target=\"_blank\" rel=\"noopener\"> <div style=\" display: flex; flex-direction: row; align-items: center;\"> <div style=\"background-color: #F4F4F4; border-radius: 50%; flex-grow: 0; height: 40px; margin-right: 14px; width: 40px;\"><\/div> <div style=\"display: flex; flex-direction: column; flex-grow: 1; justify-content: center;\"> <div style=\" background-color: #F4F4F4; border-radius: 4px; flex-grow: 0; height: 14px; margin-bottom: 6px; width: 100px;\"><\/div> <div style=\" background-color: #F4F4F4; border-radius: 4px; flex-grow: 0; height: 14px; width: 60px;\"><\/div><\/div><\/div><div style=\"padding: 19% 0;\"><\/div> <div style=\"display:block; height:50px; margin:0 auto 12px; width:50px;\"><svg width=\"50px\" height=\"50px\" viewBox=\"0 0 60 60\" version=\"1.1\" xmlns=\"https:\/\/www.w3.org\/2000\/svg\" xmlns:xlink=\"https:\/\/www.w3.org\/1999\/xlink\"><g stroke=\"none\" stroke-width=\"1\" fill=\"none\" fill-rule=\"evenodd\"><g transform=\"translate(-511.000000, -20.000000)\" fill=\"#000000\"><g><path d=\"M556.869,30.41 C554.814,30.41 553.148,32.076 553.148,34.131 C553.148,36.186 554.814,37.852 556.869,37.852 C558.924,37.852 560.59,36.186 560.59,34.131 C560.59,32.076 558.924,30.41 556.869,30.41 M541,60.657 C535.114,60.657 530.342,55.887 530.342,50 C530.342,44.114 535.114,39.342 541,39.342 C546.887,39.342 551.658,44.114 551.658,50 C551.658,55.887 546.887,60.657 541,60.657 M541,33.886 C532.1,33.886 524.886,41.1 524.886,50 C524.886,58.899 532.1,66.113 541,66.113 C549.9,66.113 557.115,58.899 557.115,50 C557.115,41.1 549.9,33.886 541,33.886 M565.378,62.101 C565.244,65.022 564.756,66.606 564.346,67.663 C563.803,69.06 563.154,70.057 562.106,71.106 C561.058,72.155 560.06,72.803 558.662,73.347 C557.607,73.757 556.021,74.244 553.102,74.378 C549.944,74.521 548.997,74.552 541,74.552 C533.003,74.552 532.056,74.521 528.898,74.378 C525.979,74.244 524.393,73.757 523.338,73.347 C521.94,72.803 520.942,72.155 519.894,71.106 C518.846,70.057 518.197,69.06 517.654,67.663 C517.244,66.606 516.755,65.022 516.623,62.101 C516.479,58.943 516.448,57.996 516.448,50 C516.448,42.003 516.479,41.056 516.623,37.899 C516.755,34.978 517.244,33.391 517.654,32.338 C518.197,30.938 518.846,29.942 519.894,28.894 C520.942,27.846 521.94,27.196 523.338,26.654 C524.393,26.244 525.979,25.756 528.898,25.623 C532.057,25.479 533.004,25.448 541,25.448 C548.997,25.448 549.943,25.479 553.102,25.623 C556.021,25.756 557.607,26.244 558.662,26.654 C560.06,27.196 561.058,27.846 562.106,28.894 C563.154,29.942 563.803,30.938 564.346,32.338 C564.756,33.391 565.244,34.978 565.378,37.899 C565.522,41.056 565.552,42.003 565.552,50 C565.552,57.996 565.522,58.943 565.378,62.101 M570.82,37.631 C570.674,34.438 570.167,32.258 569.425,30.349 C568.659,28.377 567.633,26.702 565.965,25.035 C564.297,23.368 562.623,22.342 560.652,21.575 C558.743,20.834 556.562,20.326 553.369,20.18 C550.169,20.033 549.148,20 541,20 C532.853,20 531.831,20.033 528.631,20.18 C525.438,20.326 523.257,20.834 521.349,21.575 C519.376,22.342 517.703,23.368 516.035,25.035 C514.368,26.702 513.342,28.377 512.574,30.349 C511.834,32.258 511.326,34.438 511.181,37.631 C511.035,40.831 511,41.851 511,50 C511,58.147 511.035,59.17 511.181,62.369 C511.326,65.562 511.834,67.743 512.574,69.651 C513.342,71.625 514.368,73.296 516.035,74.965 C517.703,76.634 519.376,77.658 521.349,78.425 C523.257,79.167 525.438,79.673 528.631,79.82 C531.831,79.965 532.853,80.001 541,80.001 C549.148,80.001 550.169,79.965 553.369,79.82 C556.562,79.673 558.743,79.167 560.652,78.425 C562.623,77.658 564.297,76.634 565.965,74.965 C567.633,73.296 568.659,71.625 569.425,69.651 C570.167,67.743 570.674,65.562 570.82,62.369 C570.966,59.17 571,58.147 571,50 C571,41.851 570.966,40.831 570.82,37.631\"><\/path><\/g><\/g><\/g><\/svg><\/div><div style=\"padding-top: 8px;\"> <div style=\" color:#3897f0; font-family:Arial,sans-serif; font-size:14px; font-style:normal; font-weight:550; line-height:18px;\">Voir cette publication sur Instagram<\/div><\/div><div style=\"padding: 12.5% 0;\"><\/div> <div style=\"display: flex; flex-direction: row; margin-bottom: 14px; align-items: center;\"><div> <div style=\"background-color: #F4F4F4; border-radius: 50%; height: 12.5px; width: 12.5px; transform: translateX(0px) translateY(7px);\"><\/div> <div style=\"background-color: #F4F4F4; height: 12.5px; transform: rotate(-45deg) translateX(3px) translateY(1px); width: 12.5px; flex-grow: 0; margin-right: 14px; margin-left: 2px;\"><\/div> <div style=\"background-color: #F4F4F4; border-radius: 50%; height: 12.5px; width: 12.5px; transform: translateX(9px) translateY(-18px);\"><\/div><\/div><div style=\"margin-left: 8px;\"> <div style=\" background-color: #F4F4F4; border-radius: 50%; flex-grow: 0; height: 20px; width: 20px;\"><\/div> <div style=\" width: 0; height: 0; border-top: 2px solid transparent; border-left: 6px solid #f4f4f4; border-bottom: 2px solid transparent; transform: translateX(16px) translateY(-4px) rotate(30deg)\"><\/div><\/div><div style=\"margin-left: auto;\"> <div style=\" width: 0px; border-top: 8px solid #F4F4F4; border-right: 8px solid transparent; transform: translateY(16px);\"><\/div> <div style=\" background-color: #F4F4F4; flex-grow: 0; height: 12px; width: 16px; transform: translateY(-4px);\"><\/div> <div style=\" width: 0; height: 0; border-top: 8px solid #F4F4F4; border-left: 8px solid transparent; transform: translateY(-4px) translateX(8px);\"><\/div><\/div><\/div> <div style=\"display: flex; flex-direction: column; flex-grow: 1; justify-content: center; margin-bottom: 24px;\"> <div style=\" background-color: #F4F4F4; border-radius: 4px; flex-grow: 0; height: 14px; margin-bottom: 6px; width: 224px;\"><\/div> <div style=\" background-color: #F4F4F4; border-radius: 4px; flex-grow: 0; height: 14px; width: 144px;\"><\/div><\/div><\/a><p style=\" color:#c9c8cd; font-family:Arial,sans-serif; font-size:14px; line-height:17px; margin-bottom:0; margin-top:8px; overflow:hidden; padding:8px 0 7px; text-align:center; text-overflow:ellipsis; white-space:nowrap;\"><a href=\"https:\/\/www.instagram.com\/reel\/C-QPijJqGa1\/?utm_source=ig_embed&amp;utm_campaign=loading\" style=\" color:#c9c8cd; font-family:Arial,sans-serif; font-size:14px; font-style:normal; font-weight:normal; line-height:17px; text-decoration:none;\" target=\"_blank\" rel=\"noopener\">Une publication partag\u00e9e par FC Gueugnon (@fcgueugnon)<\/a><\/p><\/div><\/blockquote>\n<script async src=\"\/\/www.instagram.com\/embed.js\"><\/script><\/center>\n\n\n\n<div style=\"height:50px\" aria-hidden=\"true\" class=\"wp-block-spacer\"><\/div>\n\n\n\n<p>Alors que la pr\u00e9paration bat son plein avec d\u00e9j\u00e0 3 matchs (<a href=\"https:\/\/www.fcgueugnon.fr\/site\/tag\/preparation-entrainement\">voir les articles suivants<\/a>), le FCG officialise sa derni\u00e8re recrue de l&rsquo;intersaison et l&rsquo;arriv\u00e9e de cet attaquant n\u00e9 en 1998 du c\u00f4t\u00e9 de Chen\u00f4ve.<\/p>\n\n\n\n<div style=\"height:20px\" aria-hidden=\"true\" class=\"wp-block-spacer\"><\/div>\n\n\n\n<div class=\"wp-block-getwid-advanced-heading\"><span class=\"wp-block-getwid-advanced-heading__content\" style=\"text-align:center;font-family:&quot;Montserrat&quot;;font-weight:normal;text-transform:\"><strong>Rebondir en Bourgogne ! <\/strong><\/span><\/div>\n\n\n\n<div style=\"height:20px\" aria-hidden=\"true\" class=\"wp-block-spacer\"><\/div>\n\n\n\n<p>Apr\u00e8s sa formation au DFCO, Junior devient alors un fin limier du championnat de N3 de Bourgogne Franche-Comt\u00e9 o\u00f9 il aura pass\u00e9 pas moins de 7 saisons, que ce soit \u00e0 St Apo, Selongey, au Besan\u00e7on Foot ou encore \u00e0 Grandvillars&#8230; Apr\u00e8s une exp\u00e9rience contrariante en N2 du c\u00f4t\u00e9 d&rsquo;Avoine (37) pour cause de blessure, il souhaite plus que tout rebondir cette saison au sein du FCG. <\/p>\n\n\n\n<div style=\"height:20px\" aria-hidden=\"true\" class=\"wp-block-spacer\"><\/div>\n\n\n\n<div class=\"wp-block-getwid-advanced-heading\"><span class=\"wp-block-getwid-advanced-heading__content\" style=\"text-align:center;font-family:&quot;Montserrat&quot;;font-weight:normal;text-transform:\"><strong>Bienvenue Junior ! <\/strong><\/span><\/div>\n\n\n\n<div style=\"height:140px\" aria-hidden=\"true\" class=\"wp-block-spacer\"><\/div>\n\n\n\n<h3 class=\"wp-block-heading western\">Le mot de Richard TRIVINO, Directeur Sportif<\/h3>\n\n\n\n<blockquote class=\"wp-block-quote is-layout-flow wp-block-quote-is-layout-flow\">\n<p>\u00ab Le staff cherchait un excentr\u00e9 percutant. On a test\u00e9 plusieurs pistes avant que le choix des coachs ne s&rsquo;arr\u00eate sur Junior que l&rsquo;on a mis \u00e0 l&rsquo;essai, un essai concluant pour ce joueur que l&rsquo;on connait tr\u00e8s bien et depuis plusieurs ann\u00e9es ! C&rsquo;est le choix de la connaissance. \u00bb<\/p>\n<cite><strong><em>Richard TRIVINO (Directeur Sportif)<\/em><\/strong><\/cite><\/blockquote>\n\n\n\n<div style=\"height:30px\" aria-hidden=\"true\" class=\"wp-block-spacer\"><\/div>\n\n\n\n<hr class=\"wp-block-separator has-alpha-channel-opacity\"\/>\n\n\n\n<div style=\"height:30px\" aria-hidden=\"true\" class=\"wp-block-spacer\"><\/div>\n\n\n\n<h3 class=\"wp-block-heading\"><strong>R\u00e9capitulatif des transferts (intersaison 2024) :<\/strong><\/h3>\n\n\n\n<p><strong>Arriv\u00e9es :<\/strong>&nbsp;Hugo DOS SANTOS (Is-Selongey Football), Vivian GALLAND, (Is-Selongey Football), Mathis VILARO (B\u00e9ziers), Zakaria GRICH (FC Chamali\u00e8res), Paul SCHACHERER (Chamali\u00e8res), Flavio VALENTE (AS Quetigny), Maxence FOURNEL (Le Puy Foot), Imani BARKER (Le Havre Athletic Club), Raymond Diasomb\u00e9 (Is-Selongey Football), Junior BUCKMAN (Avoine OCC).<\/p>\n\n\n\n<p><strong>D\u00e9parts<\/strong> : Hamza BOUDJEMAA (FC Vesoul), Sidi Lamin HELAL (Blagnac FC), Thomas DORIDOT (US St Sernin), Soualio DIOMAND\u00c9 (Puteaux CS), Mathis CLERVAL (Racing Besan\u00e7on), Mouhamed DIALLO (Ouest Tourangeau), Oum\u00e9rou Dram\u00e9 (Chevilly-la-Rue Elan Paris), Mahamadou Ciss\u00e9 (Bergerac P\u00e9rigord FC), Yannick MAMBO (US Raon-l&rsquo;\u00c9tape), Loan HERNANDEZ (Tarbes Pyr\u00e9n\u00e9es), Anthony Chauvet (Tr\u00e9lissac P\u00e9rigord FC).<\/p>\n\n\n\n<div style=\"height:30px\" aria-hidden=\"true\" class=\"wp-block-spacer\"><\/div>\n\n\n\n<h3 class=\"wp-block-heading\">\u25ba <strong><em><a href=\"https:\/\/www.fcgueugnon.fr\/site\/tag\/mercato-2024\">D\u00e9parts, arriv\u00e9es, prolongation.. Retrouvez toute l&rsquo;actu mercato du FCG<\/a><\/em><\/strong><\/h3>\n\n\n\n<p><\/p>\n","protected":false},"excerpt":{"rendered":"<p>Derni\u00e8re recrue pour le groupe N3 qui voit la signature de Junior BUCKMAN de retour en Bourgogne Franche-Comt\u00e9! Voir cette publication sur Instagram Une publication partag\u00e9e par FC Gueugnon (@fcgueugnon) Alors que la pr\u00e9paration bat son plein avec d\u00e9j\u00e0 3 matchs (voir les articles suivants), le FCG officialise sa derni\u00e8re recrue de l&rsquo;intersaison et l&rsquo;arriv\u00e9e &#8230; <\/p>\n<p class=\"read-more-container\"><a title=\"[Mercato 2024] Junior BUCKMAN pour cl\u00f4turer le mercato !\" class=\"read-more button\" href=\"https:\/\/www.fcgueugnon.fr\/site\/mercato-2024-junior-buckman-pour-cloturer-le-mercato\/11456#more-11456\" aria-label=\"Plus sur [Mercato 2024] Junior BUCKMAN pour cl\u00f4turer le mercato !\">Lire la suite<\/a><\/p>\n","protected":false},"author":1,"featured_media":10860,"comment_status":"closed","ping_status":"closed","sticky":false,"template":"","format":"standard","meta":{"footnotes":""},"categories":[62],"tags":[8,63,10],"class_list":["post-11456","post","type-post","status-publish","format-standard","has-post-thumbnail","hentry","category-news-2024-2025","tag-effectif","tag-mercato-2024","tag-preparation-entrainement","infinite-scroll-item","generate-columns","tablet-grid-50","mobile-grid-100","grid-parent","grid-25","resize-featured-image"],"yoast_head":"<!-- This site is optimized with the Yoast SEO plugin v26.6 - https:\/\/yoast.com\/wordpress\/plugins\/seo\/ -->\n<title>[Mercato 2024] Junior BUCKMAN pour cl\u00f4turer le mercato ! &#8226; FOOTBALL CLUB GUEUGNON<\/title>\n<meta name=\"robots\" content=\"index, follow, max-snippet:-1, max-image-preview:large, max-video-preview:-1\" \/>\n<link rel=\"canonical\" href=\"https:\/\/www.fcgueugnon.fr\/site\/mercato-2024-junior-buckman-pour-cloturer-le-mercato\/11456\" \/>\n<meta property=\"og:locale\" content=\"fr_FR\" \/>\n<meta property=\"og:type\" content=\"article\" \/>\n<meta property=\"og:title\" content=\"[Mercato 2024] Junior BUCKMAN pour cl\u00f4turer le mercato ! &#8226; FOOTBALL CLUB GUEUGNON\" \/>\n<meta property=\"og:description\" content=\"Derni\u00e8re recrue pour le groupe N3 qui voit la signature de Junior BUCKMAN de retour en Bourgogne Franche-Comt\u00e9! Voir cette publication sur Instagram Une publication partag\u00e9e par FC Gueugnon (@fcgueugnon) Alors que la pr\u00e9paration bat son plein avec d\u00e9j\u00e0 3 matchs (voir les articles suivants), le FCG officialise sa derni\u00e8re recrue de l&rsquo;intersaison et l&rsquo;arriv\u00e9e ... Lire la suite\" \/>\n<meta property=\"og:url\" content=\"https:\/\/www.fcgueugnon.fr\/site\/mercato-2024-junior-buckman-pour-cloturer-le-mercato\/11456\" \/>\n<meta property=\"og:site_name\" content=\"FOOTBALL CLUB GUEUGNON\" \/>\n<meta property=\"article:publisher\" content=\"http:\/\/facebook.com\/FCGueugnon\" \/>\n<meta property=\"article:published_time\" content=\"2024-08-04T16:21:03+00:00\" \/>\n<meta property=\"article:modified_time\" content=\"2024-08-04T16:21:07+00:00\" \/>\n<meta property=\"og:image\" content=\"https:\/\/www.fcgueugnon.fr\/site\/wp-content\/uploads\/2024\/05\/mercato-fc-gueugnon.jpeg\" \/>\n\t<meta property=\"og:image:width\" content=\"1600\" \/>\n\t<meta property=\"og:image:height\" content=\"900\" \/>\n\t<meta property=\"og:image:type\" content=\"image\/jpeg\" \/>\n<meta name=\"author\" content=\"FC Gueugnon\" \/>\n<meta name=\"twitter:card\" content=\"summary_large_image\" \/>\n<meta name=\"twitter:creator\" content=\"@FCGueugnon_off\" \/>\n<meta name=\"twitter:site\" content=\"@FCGueugnon_off\" \/>\n<meta name=\"twitter:label1\" content=\"\u00c9crit par\" \/>\n\t<meta name=\"twitter:data1\" content=\"FC Gueugnon\" \/>\n\t<meta name=\"twitter:label2\" content=\"Dur\u00e9e de lecture estim\u00e9e\" \/>\n\t<meta name=\"twitter:data2\" content=\"2 minutes\" \/>\n<script type=\"application\/ld+json\" class=\"yoast-schema-graph\">{\"@context\":\"https:\/\/schema.org\",\"@graph\":[{\"@type\":\"Article\",\"@id\":\"https:\/\/www.fcgueugnon.fr\/site\/mercato-2024-junior-buckman-pour-cloturer-le-mercato\/11456#article\",\"isPartOf\":{\"@id\":\"https:\/\/www.fcgueugnon.fr\/site\/mercato-2024-junior-buckman-pour-cloturer-le-mercato\/11456\"},\"author\":{\"name\":\"FC Gueugnon\",\"@id\":\"https:\/\/www.fcgueugnon.fr\/site\/#\/schema\/person\/f6444fbdd35fa731ee974c03508738fb\"},\"headline\":\"[Mercato 2024] Junior BUCKMAN pour cl\u00f4turer le mercato !\",\"datePublished\":\"2024-08-04T16:21:03+00:00\",\"dateModified\":\"2024-08-04T16:21:07+00:00\",\"mainEntityOfPage\":{\"@id\":\"https:\/\/www.fcgueugnon.fr\/site\/mercato-2024-junior-buckman-pour-cloturer-le-mercato\/11456\"},\"wordCount\":345,\"publisher\":{\"@id\":\"https:\/\/www.fcgueugnon.fr\/site\/#organization\"},\"image\":{\"@id\":\"https:\/\/www.fcgueugnon.fr\/site\/mercato-2024-junior-buckman-pour-cloturer-le-mercato\/11456#primaryimage\"},\"thumbnailUrl\":\"https:\/\/www.fcgueugnon.fr\/site\/wp-content\/uploads\/2024\/05\/mercato-fc-gueugnon.jpeg\",\"keywords\":[\"effectif\",\"Mercato 2024\",\"Pr\u00e9paration - Entrainement\"],\"articleSection\":[\"News 2024\/2025\"],\"inLanguage\":\"fr-FR\"},{\"@type\":\"WebPage\",\"@id\":\"https:\/\/www.fcgueugnon.fr\/site\/mercato-2024-junior-buckman-pour-cloturer-le-mercato\/11456\",\"url\":\"https:\/\/www.fcgueugnon.fr\/site\/mercato-2024-junior-buckman-pour-cloturer-le-mercato\/11456\",\"name\":\"[Mercato 2024] Junior BUCKMAN pour cl\u00f4turer le mercato ! &#8226; FOOTBALL CLUB GUEUGNON\",\"isPartOf\":{\"@id\":\"https:\/\/www.fcgueugnon.fr\/site\/#website\"},\"primaryImageOfPage\":{\"@id\":\"https:\/\/www.fcgueugnon.fr\/site\/mercato-2024-junior-buckman-pour-cloturer-le-mercato\/11456#primaryimage\"},\"image\":{\"@id\":\"https:\/\/www.fcgueugnon.fr\/site\/mercato-2024-junior-buckman-pour-cloturer-le-mercato\/11456#primaryimage\"},\"thumbnailUrl\":\"https:\/\/www.fcgueugnon.fr\/site\/wp-content\/uploads\/2024\/05\/mercato-fc-gueugnon.jpeg\",\"datePublished\":\"2024-08-04T16:21:03+00:00\",\"dateModified\":\"2024-08-04T16:21:07+00:00\",\"breadcrumb\":{\"@id\":\"https:\/\/www.fcgueugnon.fr\/site\/mercato-2024-junior-buckman-pour-cloturer-le-mercato\/11456#breadcrumb\"},\"inLanguage\":\"fr-FR\",\"potentialAction\":[{\"@type\":\"ReadAction\",\"target\":[\"https:\/\/www.fcgueugnon.fr\/site\/mercato-2024-junior-buckman-pour-cloturer-le-mercato\/11456\"]}]},{\"@type\":\"ImageObject\",\"inLanguage\":\"fr-FR\",\"@id\":\"https:\/\/www.fcgueugnon.fr\/site\/mercato-2024-junior-buckman-pour-cloturer-le-mercato\/11456#primaryimage\",\"url\":\"https:\/\/www.fcgueugnon.fr\/site\/wp-content\/uploads\/2024\/05\/mercato-fc-gueugnon.jpeg\",\"contentUrl\":\"https:\/\/www.fcgueugnon.fr\/site\/wp-content\/uploads\/2024\/05\/mercato-fc-gueugnon.jpeg\",\"width\":1600,\"height\":900},{\"@type\":\"BreadcrumbList\",\"@id\":\"https:\/\/www.fcgueugnon.fr\/site\/mercato-2024-junior-buckman-pour-cloturer-le-mercato\/11456#breadcrumb\",\"itemListElement\":[{\"@type\":\"ListItem\",\"position\":1,\"name\":\"Accueil\",\"item\":\"https:\/\/www.fcgueugnon.fr\/site\/\"},{\"@type\":\"ListItem\",\"position\":2,\"name\":\"[Mercato 2024] Junior BUCKMAN pour cl\u00f4turer le mercato !\"}]},{\"@type\":\"WebSite\",\"@id\":\"https:\/\/www.fcgueugnon.fr\/site\/#website\",\"url\":\"https:\/\/www.fcgueugnon.fr\/site\/\",\"name\":\"FOOTBALL CLUB GUEUGNON\",\"description\":\"Le Site Officiel des Forgerons\",\"publisher\":{\"@id\":\"https:\/\/www.fcgueugnon.fr\/site\/#organization\"},\"potentialAction\":[{\"@type\":\"SearchAction\",\"target\":{\"@type\":\"EntryPoint\",\"urlTemplate\":\"https:\/\/www.fcgueugnon.fr\/site\/?s={search_term_string}\"},\"query-input\":{\"@type\":\"PropertyValueSpecification\",\"valueRequired\":true,\"valueName\":\"search_term_string\"}}],\"inLanguage\":\"fr-FR\"},{\"@type\":\"Organization\",\"@id\":\"https:\/\/www.fcgueugnon.fr\/site\/#organization\",\"name\":\"FC Gueugnon\",\"url\":\"https:\/\/www.fcgueugnon.fr\/site\/\",\"logo\":{\"@type\":\"ImageObject\",\"inLanguage\":\"fr-FR\",\"@id\":\"https:\/\/www.fcgueugnon.fr\/site\/#\/schema\/logo\/image\/\",\"url\":\"https:\/\/www.fcgueugnon.fr\/site\/wp-content\/uploads\/2022\/07\/cropped-Logo-FCGUEUGNON-low-350x350-1.png\",\"contentUrl\":\"https:\/\/www.fcgueugnon.fr\/site\/wp-content\/uploads\/2022\/07\/cropped-Logo-FCGUEUGNON-low-350x350-1.png\",\"width\":350,\"height\":350,\"caption\":\"FC Gueugnon\"},\"image\":{\"@id\":\"https:\/\/www.fcgueugnon.fr\/site\/#\/schema\/logo\/image\/\"},\"sameAs\":[\"http:\/\/facebook.com\/FCGueugnon\",\"https:\/\/x.com\/FCGueugnon_off\",\"https:\/\/www.instagram.com\/fcgueugnon\/\",\"https:\/\/www.linkedin.com\/company\/football-club-de-gueugnon\/\",\"https:\/\/www.youtube.com\/user\/FCGueugnonnais\",\"https:\/\/fr.wikipedia.org\/wiki\/Football_Club_de_Gueugnon\"]},{\"@type\":\"Person\",\"@id\":\"https:\/\/www.fcgueugnon.fr\/site\/#\/schema\/person\/f6444fbdd35fa731ee974c03508738fb\",\"name\":\"FC Gueugnon\",\"sameAs\":[\"https:\/\/www.fcgueugnon.fr\/site\"],\"url\":\"https:\/\/www.fcgueugnon.fr\/site\/author\/admin-antho\"}]}<\/script>\n<!-- \/ Yoast SEO plugin. -->","yoast_head_json":{"title":"[Mercato 2024] Junior BUCKMAN pour cl\u00f4turer le mercato ! &#8226; FOOTBALL CLUB GUEUGNON","robots":{"index":"index","follow":"follow","max-snippet":"max-snippet:-1","max-image-preview":"max-image-preview:large","max-video-preview":"max-video-preview:-1"},"canonical":"https:\/\/www.fcgueugnon.fr\/site\/mercato-2024-junior-buckman-pour-cloturer-le-mercato\/11456","og_locale":"fr_FR","og_type":"article","og_title":"[Mercato 2024] Junior BUCKMAN pour cl\u00f4turer le mercato ! &#8226; FOOTBALL CLUB GUEUGNON","og_description":"Derni\u00e8re recrue pour le groupe N3 qui voit la signature de Junior BUCKMAN de retour en Bourgogne Franche-Comt\u00e9! Voir cette publication sur Instagram Une publication partag\u00e9e par FC Gueugnon (@fcgueugnon) Alors que la pr\u00e9paration bat son plein avec d\u00e9j\u00e0 3 matchs (voir les articles suivants), le FCG officialise sa derni\u00e8re recrue de l&rsquo;intersaison et l&rsquo;arriv\u00e9e ... Lire la suite","og_url":"https:\/\/www.fcgueugnon.fr\/site\/mercato-2024-junior-buckman-pour-cloturer-le-mercato\/11456","og_site_name":"FOOTBALL CLUB GUEUGNON","article_publisher":"http:\/\/facebook.com\/FCGueugnon","article_published_time":"2024-08-04T16:21:03+00:00","article_modified_time":"2024-08-04T16:21:07+00:00","og_image":[{"width":1600,"height":900,"url":"https:\/\/www.fcgueugnon.fr\/site\/wp-content\/uploads\/2024\/05\/mercato-fc-gueugnon.jpeg","type":"image\/jpeg"}],"author":"FC Gueugnon","twitter_card":"summary_large_image","twitter_creator":"@FCGueugnon_off","twitter_site":"@FCGueugnon_off","twitter_misc":{"\u00c9crit par":"FC Gueugnon","Dur\u00e9e de lecture estim\u00e9e":"2 minutes"},"schema":{"@context":"https:\/\/schema.org","@graph":[{"@type":"Article","@id":"https:\/\/www.fcgueugnon.fr\/site\/mercato-2024-junior-buckman-pour-cloturer-le-mercato\/11456#article","isPartOf":{"@id":"https:\/\/www.fcgueugnon.fr\/site\/mercato-2024-junior-buckman-pour-cloturer-le-mercato\/11456"},"author":{"name":"FC Gueugnon","@id":"https:\/\/www.fcgueugnon.fr\/site\/#\/schema\/person\/f6444fbdd35fa731ee974c03508738fb"},"headline":"[Mercato 2024] Junior BUCKMAN pour cl\u00f4turer le mercato !","datePublished":"2024-08-04T16:21:03+00:00","dateModified":"2024-08-04T16:21:07+00:00","mainEntityOfPage":{"@id":"https:\/\/www.fcgueugnon.fr\/site\/mercato-2024-junior-buckman-pour-cloturer-le-mercato\/11456"},"wordCount":345,"publisher":{"@id":"https:\/\/www.fcgueugnon.fr\/site\/#organization"},"image":{"@id":"https:\/\/www.fcgueugnon.fr\/site\/mercato-2024-junior-buckman-pour-cloturer-le-mercato\/11456#primaryimage"},"thumbnailUrl":"https:\/\/www.fcgueugnon.fr\/site\/wp-content\/uploads\/2024\/05\/mercato-fc-gueugnon.jpeg","keywords":["effectif","Mercato 2024","Pr\u00e9paration - Entrainement"],"articleSection":["News 2024\/2025"],"inLanguage":"fr-FR"},{"@type":"WebPage","@id":"https:\/\/www.fcgueugnon.fr\/site\/mercato-2024-junior-buckman-pour-cloturer-le-mercato\/11456","url":"https:\/\/www.fcgueugnon.fr\/site\/mercato-2024-junior-buckman-pour-cloturer-le-mercato\/11456","name":"[Mercato 2024] Junior BUCKMAN pour cl\u00f4turer le mercato ! &#8226; FOOTBALL CLUB GUEUGNON","isPartOf":{"@id":"https:\/\/www.fcgueugnon.fr\/site\/#website"},"primaryImageOfPage":{"@id":"https:\/\/www.fcgueugnon.fr\/site\/mercato-2024-junior-buckman-pour-cloturer-le-mercato\/11456#primaryimage"},"image":{"@id":"https:\/\/www.fcgueugnon.fr\/site\/mercato-2024-junior-buckman-pour-cloturer-le-mercato\/11456#primaryimage"},"thumbnailUrl":"https:\/\/www.fcgueugnon.fr\/site\/wp-content\/uploads\/2024\/05\/mercato-fc-gueugnon.jpeg","datePublished":"2024-08-04T16:21:03+00:00","dateModified":"2024-08-04T16:21:07+00:00","breadcrumb":{"@id":"https:\/\/www.fcgueugnon.fr\/site\/mercato-2024-junior-buckman-pour-cloturer-le-mercato\/11456#breadcrumb"},"inLanguage":"fr-FR","potentialAction":[{"@type":"ReadAction","target":["https:\/\/www.fcgueugnon.fr\/site\/mercato-2024-junior-buckman-pour-cloturer-le-mercato\/11456"]}]},{"@type":"ImageObject","inLanguage":"fr-FR","@id":"https:\/\/www.fcgueugnon.fr\/site\/mercato-2024-junior-buckman-pour-cloturer-le-mercato\/11456#primaryimage","url":"https:\/\/www.fcgueugnon.fr\/site\/wp-content\/uploads\/2024\/05\/mercato-fc-gueugnon.jpeg","contentUrl":"https:\/\/www.fcgueugnon.fr\/site\/wp-content\/uploads\/2024\/05\/mercato-fc-gueugnon.jpeg","width":1600,"height":900},{"@type":"BreadcrumbList","@id":"https:\/\/www.fcgueugnon.fr\/site\/mercato-2024-junior-buckman-pour-cloturer-le-mercato\/11456#breadcrumb","itemListElement":[{"@type":"ListItem","position":1,"name":"Accueil","item":"https:\/\/www.fcgueugnon.fr\/site\/"},{"@type":"ListItem","position":2,"name":"[Mercato 2024] Junior BUCKMAN pour cl\u00f4turer le mercato !"}]},{"@type":"WebSite","@id":"https:\/\/www.fcgueugnon.fr\/site\/#website","url":"https:\/\/www.fcgueugnon.fr\/site\/","name":"FOOTBALL CLUB GUEUGNON","description":"Le Site Officiel des Forgerons","publisher":{"@id":"https:\/\/www.fcgueugnon.fr\/site\/#organization"},"potentialAction":[{"@type":"SearchAction","target":{"@type":"EntryPoint","urlTemplate":"https:\/\/www.fcgueugnon.fr\/site\/?s={search_term_string}"},"query-input":{"@type":"PropertyValueSpecification","valueRequired":true,"valueName":"search_term_string"}}],"inLanguage":"fr-FR"},{"@type":"Organization","@id":"https:\/\/www.fcgueugnon.fr\/site\/#organization","name":"FC Gueugnon","url":"https:\/\/www.fcgueugnon.fr\/site\/","logo":{"@type":"ImageObject","inLanguage":"fr-FR","@id":"https:\/\/www.fcgueugnon.fr\/site\/#\/schema\/logo\/image\/","url":"https:\/\/www.fcgueugnon.fr\/site\/wp-content\/uploads\/2022\/07\/cropped-Logo-FCGUEUGNON-low-350x350-1.png","contentUrl":"https:\/\/www.fcgueugnon.fr\/site\/wp-content\/uploads\/2022\/07\/cropped-Logo-FCGUEUGNON-low-350x350-1.png","width":350,"height":350,"caption":"FC Gueugnon"},"image":{"@id":"https:\/\/www.fcgueugnon.fr\/site\/#\/schema\/logo\/image\/"},"sameAs":["http:\/\/facebook.com\/FCGueugnon","https:\/\/x.com\/FCGueugnon_off","https:\/\/www.instagram.com\/fcgueugnon\/","https:\/\/www.linkedin.com\/company\/football-club-de-gueugnon\/","https:\/\/www.youtube.com\/user\/FCGueugnonnais","https:\/\/fr.wikipedia.org\/wiki\/Football_Club_de_Gueugnon"]},{"@type":"Person","@id":"https:\/\/www.fcgueugnon.fr\/site\/#\/schema\/person\/f6444fbdd35fa731ee974c03508738fb","name":"FC Gueugnon","sameAs":["https:\/\/www.fcgueugnon.fr\/site"],"url":"https:\/\/www.fcgueugnon.fr\/site\/author\/admin-antho"}]}},"rttpg_featured_image_url":{"full":["https:\/\/www.fcgueugnon.fr\/site\/wp-content\/uploads\/2024\/05\/mercato-fc-gueugnon.jpeg",1600,900,false],"landscape":["https:\/\/www.fcgueugnon.fr\/site\/wp-content\/uploads\/2024\/05\/mercato-fc-gueugnon.jpeg",1600,900,false],"portraits":["https:\/\/www.fcgueugnon.fr\/site\/wp-content\/uploads\/2024\/05\/mercato-fc-gueugnon.jpeg",1600,900,false],"thumbnail":["https:\/\/www.fcgueugnon.fr\/site\/wp-content\/uploads\/2024\/05\/mercato-fc-gueugnon-150x150.jpeg",150,150,true],"medium":["https:\/\/www.fcgueugnon.fr\/site\/wp-content\/uploads\/2024\/05\/mercato-fc-gueugnon-400x225.jpeg",400,225,true],"large":["https:\/\/www.fcgueugnon.fr\/site\/wp-content\/uploads\/2024\/05\/mercato-fc-gueugnon-1024x576.jpeg",1024,576,true],"1536x1536":["https:\/\/www.fcgueugnon.fr\/site\/wp-content\/uploads\/2024\/05\/mercato-fc-gueugnon-1536x864.jpeg",1536,864,true],"2048x2048":["https:\/\/www.fcgueugnon.fr\/site\/wp-content\/uploads\/2024\/05\/mercato-fc-gueugnon.jpeg",1600,900,false]},"rttpg_author":{"display_name":"FC Gueugnon","author_link":"https:\/\/www.fcgueugnon.fr\/site\/author\/admin-antho"},"rttpg_comment":0,"rttpg_category":"<a href=\"https:\/\/www.fcgueugnon.fr\/site\/category\/news\/news-2024-2025\" rel=\"category tag\">News 2024\/2025<\/a>","rttpg_excerpt":"Derni\u00e8re recrue pour le groupe N3 qui voit la signature de Junior BUCKMAN de retour en Bourgogne Franche-Comt\u00e9! Voir cette publication sur Instagram Une publication partag\u00e9e par FC Gueugnon (@fcgueugnon) Alors que la pr\u00e9paration bat son plein avec d\u00e9j\u00e0 3 matchs (voir les articles suivants), le FCG officialise sa derni\u00e8re recrue de l&rsquo;intersaison et l&rsquo;arriv\u00e9e\u2026","_links":{"self":[{"href":"https:\/\/www.fcgueugnon.fr\/site\/wp-json\/wp\/v2\/posts\/11456","targetHints":{"allow":["GET"]}}],"collection":[{"href":"https:\/\/www.fcgueugnon.fr\/site\/wp-json\/wp\/v2\/posts"}],"about":[{"href":"https:\/\/www.fcgueugnon.fr\/site\/wp-json\/wp\/v2\/types\/post"}],"author":[{"embeddable":true,"href":"https:\/\/www.fcgueugnon.fr\/site\/wp-json\/wp\/v2\/users\/1"}],"replies":[{"embeddable":true,"href":"https:\/\/www.fcgueugnon.fr\/site\/wp-json\/wp\/v2\/comments?post=11456"}],"version-history":[{"count":2,"href":"https:\/\/www.fcgueugnon.fr\/site\/wp-json\/wp\/v2\/posts\/11456\/revisions"}],"predecessor-version":[{"id":11458,"href":"https:\/\/www.fcgueugnon.fr\/site\/wp-json\/wp\/v2\/posts\/11456\/revisions\/11458"}],"wp:featuredmedia":[{"embeddable":true,"href":"https:\/\/www.fcgueugnon.fr\/site\/wp-json\/wp\/v2\/media\/10860"}],"wp:attachment":[{"href":"https:\/\/www.fcgueugnon.fr\/site\/wp-json\/wp\/v2\/media?parent=11456"}],"wp:term":[{"taxonomy":"category","embeddable":true,"href":"https:\/\/www.fcgueugnon.fr\/site\/wp-json\/wp\/v2\/categories?post=11456"},{"taxonomy":"post_tag","embeddable":true,"href":"https:\/\/www.fcgueugnon.fr\/site\/wp-json\/wp\/v2\/tags?post=11456"}],"curies":[{"name":"wp","href":"https:\/\/api.w.org\/{rel}","templated":true}]}}