{"id":11430,"date":"2024-08-01T17:10:00","date_gmt":"2024-08-01T15:10:00","guid":{"rendered":"https:\/\/www.fcgueugnon.fr\/site\/?p=11430"},"modified":"2024-09-06T10:14:08","modified_gmt":"2024-09-06T08:14:08","slug":"groupe-espoirs-le-groupe-regional-2-est-de-retour-sur-le-terrain","status":"publish","type":"post","link":"https:\/\/www.fcgueugnon.fr\/site\/groupe-espoirs-le-groupe-regional-2-est-de-retour-sur-le-terrain\/11430","title":{"rendered":"[Groupe Espoirs] Le groupe R\u00e9gional 2 est de retour sur le terrain !"},"content":{"rendered":"\n<h3 class=\"wp-block-heading\"><strong>Sous la conduite de Soni Mustivar et Philippe Lauvernier, le groupe Espoirs a particip\u00e9 \u00e0 sa premi\u00e8re s\u00e9ance d&rsquo;entra\u00eenement ce jeudi 1er ao\u00fbt. Un mois de pr\u00e9paration attend les joueurs avant le premier match de championnat R\u00e9gional 2 face \u00e0 Jura Sud Foot (B).<\/strong><\/h3>\n\n\n\n<div style=\"height:20px\" aria-hidden=\"true\" class=\"wp-block-spacer\"><\/div>\n\n\n\n<figure class=\"wp-block-coblocks-gallery-masonry masonry-grid has-medium-gutter\">\n<figure class=\"wp-block-image size-large\"><a href=\"https:\/\/www.fcgueugnon.fr\/site\/wp-content\/uploads\/2024\/08\/REPRISE-24-25-ESPOIRS-R2-15.png\"><img loading=\"lazy\" decoding=\"async\" width=\"1024\" height=\"682\" src=\"https:\/\/www.fcgueugnon.fr\/site\/wp-content\/uploads\/2024\/08\/REPRISE-24-25-ESPOIRS-R2-15-1024x682.png\" alt=\"Image gallery image\" class=\"wp-image-11431\" srcset=\"https:\/\/www.fcgueugnon.fr\/site\/wp-content\/uploads\/2024\/08\/REPRISE-24-25-ESPOIRS-R2-15-1024x682.png 1024w, https:\/\/www.fcgueugnon.fr\/site\/wp-content\/uploads\/2024\/08\/REPRISE-24-25-ESPOIRS-R2-15-400x267.png 400w, https:\/\/www.fcgueugnon.fr\/site\/wp-content\/uploads\/2024\/08\/REPRISE-24-25-ESPOIRS-R2-15-768x512.png 768w, https:\/\/www.fcgueugnon.fr\/site\/wp-content\/uploads\/2024\/08\/REPRISE-24-25-ESPOIRS-R2-15-1536x1024.png 1536w, https:\/\/www.fcgueugnon.fr\/site\/wp-content\/uploads\/2024\/08\/REPRISE-24-25-ESPOIRS-R2-15-1320x880.png 1320w, https:\/\/www.fcgueugnon.fr\/site\/wp-content\/uploads\/2024\/08\/REPRISE-24-25-ESPOIRS-R2-15-600x400.png 600w, https:\/\/www.fcgueugnon.fr\/site\/wp-content\/uploads\/2024\/08\/REPRISE-24-25-ESPOIRS-R2-15.png 1772w\" sizes=\"auto, (max-width: 1024px) 100vw, 1024px\" \/><\/a><\/figure>\n\n\n\n<figure class=\"wp-block-image size-large\"><a href=\"https:\/\/www.fcgueugnon.fr\/site\/wp-content\/uploads\/2024\/08\/REPRISE-24-25-ESPOIRS-R2-14.png\"><img loading=\"lazy\" decoding=\"async\" width=\"1024\" height=\"682\" src=\"https:\/\/www.fcgueugnon.fr\/site\/wp-content\/uploads\/2024\/08\/REPRISE-24-25-ESPOIRS-R2-14-1024x682.png\" alt=\"Image gallery image\" class=\"wp-image-11434\" srcset=\"https:\/\/www.fcgueugnon.fr\/site\/wp-content\/uploads\/2024\/08\/REPRISE-24-25-ESPOIRS-R2-14-1024x682.png 1024w, https:\/\/www.fcgueugnon.fr\/site\/wp-content\/uploads\/2024\/08\/REPRISE-24-25-ESPOIRS-R2-14-400x267.png 400w, https:\/\/www.fcgueugnon.fr\/site\/wp-content\/uploads\/2024\/08\/REPRISE-24-25-ESPOIRS-R2-14-768x512.png 768w, https:\/\/www.fcgueugnon.fr\/site\/wp-content\/uploads\/2024\/08\/REPRISE-24-25-ESPOIRS-R2-14-1536x1024.png 1536w, https:\/\/www.fcgueugnon.fr\/site\/wp-content\/uploads\/2024\/08\/REPRISE-24-25-ESPOIRS-R2-14-1320x880.png 1320w, https:\/\/www.fcgueugnon.fr\/site\/wp-content\/uploads\/2024\/08\/REPRISE-24-25-ESPOIRS-R2-14-600x400.png 600w, https:\/\/www.fcgueugnon.fr\/site\/wp-content\/uploads\/2024\/08\/REPRISE-24-25-ESPOIRS-R2-14.png 1772w\" sizes=\"auto, (max-width: 1024px) 100vw, 1024px\" \/><\/a><\/figure>\n\n\n\n<figure class=\"wp-block-image size-large\"><a href=\"https:\/\/www.fcgueugnon.fr\/site\/wp-content\/uploads\/2024\/08\/REPRISE-24-25-ESPOIRS-R2-13.png\"><img loading=\"lazy\" decoding=\"async\" width=\"1024\" height=\"682\" src=\"https:\/\/www.fcgueugnon.fr\/site\/wp-content\/uploads\/2024\/08\/REPRISE-24-25-ESPOIRS-R2-13-1024x682.png\" alt=\"Image gallery image\" class=\"wp-image-11433\" srcset=\"https:\/\/www.fcgueugnon.fr\/site\/wp-content\/uploads\/2024\/08\/REPRISE-24-25-ESPOIRS-R2-13-1024x682.png 1024w, https:\/\/www.fcgueugnon.fr\/site\/wp-content\/uploads\/2024\/08\/REPRISE-24-25-ESPOIRS-R2-13-400x267.png 400w, https:\/\/www.fcgueugnon.fr\/site\/wp-content\/uploads\/2024\/08\/REPRISE-24-25-ESPOIRS-R2-13-768x512.png 768w, https:\/\/www.fcgueugnon.fr\/site\/wp-content\/uploads\/2024\/08\/REPRISE-24-25-ESPOIRS-R2-13-1536x1024.png 1536w, https:\/\/www.fcgueugnon.fr\/site\/wp-content\/uploads\/2024\/08\/REPRISE-24-25-ESPOIRS-R2-13-1320x880.png 1320w, https:\/\/www.fcgueugnon.fr\/site\/wp-content\/uploads\/2024\/08\/REPRISE-24-25-ESPOIRS-R2-13-600x400.png 600w, https:\/\/www.fcgueugnon.fr\/site\/wp-content\/uploads\/2024\/08\/REPRISE-24-25-ESPOIRS-R2-13.png 1772w\" sizes=\"auto, (max-width: 1024px) 100vw, 1024px\" \/><\/a><\/figure>\n\n\n\n<figure class=\"wp-block-image size-large\"><a href=\"https:\/\/www.fcgueugnon.fr\/site\/wp-content\/uploads\/2024\/08\/REPRISE-24-25-ESPOIRS-R2-12.png\"><img loading=\"lazy\" decoding=\"async\" width=\"1024\" height=\"682\" src=\"https:\/\/www.fcgueugnon.fr\/site\/wp-content\/uploads\/2024\/08\/REPRISE-24-25-ESPOIRS-R2-12-1024x682.png\" alt=\"Image gallery image\" class=\"wp-image-11432\" srcset=\"https:\/\/www.fcgueugnon.fr\/site\/wp-content\/uploads\/2024\/08\/REPRISE-24-25-ESPOIRS-R2-12-1024x682.png 1024w, https:\/\/www.fcgueugnon.fr\/site\/wp-content\/uploads\/2024\/08\/REPRISE-24-25-ESPOIRS-R2-12-400x267.png 400w, https:\/\/www.fcgueugnon.fr\/site\/wp-content\/uploads\/2024\/08\/REPRISE-24-25-ESPOIRS-R2-12-768x512.png 768w, https:\/\/www.fcgueugnon.fr\/site\/wp-content\/uploads\/2024\/08\/REPRISE-24-25-ESPOIRS-R2-12-1536x1024.png 1536w, https:\/\/www.fcgueugnon.fr\/site\/wp-content\/uploads\/2024\/08\/REPRISE-24-25-ESPOIRS-R2-12-1320x880.png 1320w, https:\/\/www.fcgueugnon.fr\/site\/wp-content\/uploads\/2024\/08\/REPRISE-24-25-ESPOIRS-R2-12-600x400.png 600w, https:\/\/www.fcgueugnon.fr\/site\/wp-content\/uploads\/2024\/08\/REPRISE-24-25-ESPOIRS-R2-12.png 1772w\" sizes=\"auto, (max-width: 1024px) 100vw, 1024px\" \/><\/a><\/figure>\n\n\n\n<figure class=\"wp-block-image size-large\"><a href=\"https:\/\/www.fcgueugnon.fr\/site\/wp-content\/uploads\/2024\/08\/REPRISE-24-25-ESPOIRS-R2-11.png\"><img loading=\"lazy\" decoding=\"async\" width=\"1024\" height=\"682\" src=\"https:\/\/www.fcgueugnon.fr\/site\/wp-content\/uploads\/2024\/08\/REPRISE-24-25-ESPOIRS-R2-11-1024x682.png\" alt=\"Image gallery image\" class=\"wp-image-11435\" srcset=\"https:\/\/www.fcgueugnon.fr\/site\/wp-content\/uploads\/2024\/08\/REPRISE-24-25-ESPOIRS-R2-11-1024x682.png 1024w, https:\/\/www.fcgueugnon.fr\/site\/wp-content\/uploads\/2024\/08\/REPRISE-24-25-ESPOIRS-R2-11-400x267.png 400w, https:\/\/www.fcgueugnon.fr\/site\/wp-content\/uploads\/2024\/08\/REPRISE-24-25-ESPOIRS-R2-11-768x512.png 768w, https:\/\/www.fcgueugnon.fr\/site\/wp-content\/uploads\/2024\/08\/REPRISE-24-25-ESPOIRS-R2-11-1536x1024.png 1536w, https:\/\/www.fcgueugnon.fr\/site\/wp-content\/uploads\/2024\/08\/REPRISE-24-25-ESPOIRS-R2-11-1320x880.png 1320w, https:\/\/www.fcgueugnon.fr\/site\/wp-content\/uploads\/2024\/08\/REPRISE-24-25-ESPOIRS-R2-11-600x400.png 600w, https:\/\/www.fcgueugnon.fr\/site\/wp-content\/uploads\/2024\/08\/REPRISE-24-25-ESPOIRS-R2-11.png 1772w\" sizes=\"auto, (max-width: 1024px) 100vw, 1024px\" \/><\/a><\/figure>\n\n\n\n<figure class=\"wp-block-image size-large\"><a href=\"https:\/\/www.fcgueugnon.fr\/site\/wp-content\/uploads\/2024\/08\/REPRISE-24-25-ESPOIRS-R2-10.png\"><img loading=\"lazy\" decoding=\"async\" width=\"1024\" height=\"682\" src=\"https:\/\/www.fcgueugnon.fr\/site\/wp-content\/uploads\/2024\/08\/REPRISE-24-25-ESPOIRS-R2-10-1024x682.png\" alt=\"Image gallery image\" class=\"wp-image-11438\" srcset=\"https:\/\/www.fcgueugnon.fr\/site\/wp-content\/uploads\/2024\/08\/REPRISE-24-25-ESPOIRS-R2-10-1024x682.png 1024w, https:\/\/www.fcgueugnon.fr\/site\/wp-content\/uploads\/2024\/08\/REPRISE-24-25-ESPOIRS-R2-10-400x267.png 400w, https:\/\/www.fcgueugnon.fr\/site\/wp-content\/uploads\/2024\/08\/REPRISE-24-25-ESPOIRS-R2-10-768x512.png 768w, https:\/\/www.fcgueugnon.fr\/site\/wp-content\/uploads\/2024\/08\/REPRISE-24-25-ESPOIRS-R2-10-1536x1024.png 1536w, https:\/\/www.fcgueugnon.fr\/site\/wp-content\/uploads\/2024\/08\/REPRISE-24-25-ESPOIRS-R2-10-1320x880.png 1320w, https:\/\/www.fcgueugnon.fr\/site\/wp-content\/uploads\/2024\/08\/REPRISE-24-25-ESPOIRS-R2-10-600x400.png 600w, https:\/\/www.fcgueugnon.fr\/site\/wp-content\/uploads\/2024\/08\/REPRISE-24-25-ESPOIRS-R2-10.png 1772w\" sizes=\"auto, (max-width: 1024px) 100vw, 1024px\" \/><\/a><\/figure>\n\n\n\n<figure class=\"wp-block-image size-large\"><a href=\"https:\/\/www.fcgueugnon.fr\/site\/wp-content\/uploads\/2024\/08\/REPRISE-24-25-ESPOIRS-R2-9.png\"><img loading=\"lazy\" decoding=\"async\" width=\"1024\" height=\"682\" src=\"https:\/\/www.fcgueugnon.fr\/site\/wp-content\/uploads\/2024\/08\/REPRISE-24-25-ESPOIRS-R2-9-1024x682.png\" alt=\"Image gallery image\" class=\"wp-image-11437\" srcset=\"https:\/\/www.fcgueugnon.fr\/site\/wp-content\/uploads\/2024\/08\/REPRISE-24-25-ESPOIRS-R2-9-1024x682.png 1024w, https:\/\/www.fcgueugnon.fr\/site\/wp-content\/uploads\/2024\/08\/REPRISE-24-25-ESPOIRS-R2-9-400x267.png 400w, https:\/\/www.fcgueugnon.fr\/site\/wp-content\/uploads\/2024\/08\/REPRISE-24-25-ESPOIRS-R2-9-768x512.png 768w, https:\/\/www.fcgueugnon.fr\/site\/wp-content\/uploads\/2024\/08\/REPRISE-24-25-ESPOIRS-R2-9-1536x1024.png 1536w, https:\/\/www.fcgueugnon.fr\/site\/wp-content\/uploads\/2024\/08\/REPRISE-24-25-ESPOIRS-R2-9-1320x880.png 1320w, https:\/\/www.fcgueugnon.fr\/site\/wp-content\/uploads\/2024\/08\/REPRISE-24-25-ESPOIRS-R2-9-600x400.png 600w, https:\/\/www.fcgueugnon.fr\/site\/wp-content\/uploads\/2024\/08\/REPRISE-24-25-ESPOIRS-R2-9.png 1772w\" sizes=\"auto, (max-width: 1024px) 100vw, 1024px\" \/><\/a><\/figure>\n\n\n\n<figure class=\"wp-block-image size-large\"><a href=\"https:\/\/www.fcgueugnon.fr\/site\/wp-content\/uploads\/2024\/08\/REPRISE-24-25-ESPOIRS-R2-8.png\"><img loading=\"lazy\" decoding=\"async\" width=\"1024\" height=\"682\" src=\"https:\/\/www.fcgueugnon.fr\/site\/wp-content\/uploads\/2024\/08\/REPRISE-24-25-ESPOIRS-R2-8-1024x682.png\" alt=\"Image gallery image\" class=\"wp-image-11436\" srcset=\"https:\/\/www.fcgueugnon.fr\/site\/wp-content\/uploads\/2024\/08\/REPRISE-24-25-ESPOIRS-R2-8-1024x682.png 1024w, https:\/\/www.fcgueugnon.fr\/site\/wp-content\/uploads\/2024\/08\/REPRISE-24-25-ESPOIRS-R2-8-400x267.png 400w, https:\/\/www.fcgueugnon.fr\/site\/wp-content\/uploads\/2024\/08\/REPRISE-24-25-ESPOIRS-R2-8-768x512.png 768w, https:\/\/www.fcgueugnon.fr\/site\/wp-content\/uploads\/2024\/08\/REPRISE-24-25-ESPOIRS-R2-8-1536x1024.png 1536w, https:\/\/www.fcgueugnon.fr\/site\/wp-content\/uploads\/2024\/08\/REPRISE-24-25-ESPOIRS-R2-8-1320x880.png 1320w, https:\/\/www.fcgueugnon.fr\/site\/wp-content\/uploads\/2024\/08\/REPRISE-24-25-ESPOIRS-R2-8-600x400.png 600w, https:\/\/www.fcgueugnon.fr\/site\/wp-content\/uploads\/2024\/08\/REPRISE-24-25-ESPOIRS-R2-8.png 1772w\" sizes=\"auto, (max-width: 1024px) 100vw, 1024px\" \/><\/a><\/figure>\n\n\n\n<figure class=\"wp-block-image size-large\"><a href=\"https:\/\/www.fcgueugnon.fr\/site\/wp-content\/uploads\/2024\/08\/REPRISE-24-25-ESPOIRS-R2-7.png\"><img loading=\"lazy\" decoding=\"async\" width=\"1024\" height=\"682\" src=\"https:\/\/www.fcgueugnon.fr\/site\/wp-content\/uploads\/2024\/08\/REPRISE-24-25-ESPOIRS-R2-7-1024x682.png\" alt=\"Image gallery image\" class=\"wp-image-11440\" srcset=\"https:\/\/www.fcgueugnon.fr\/site\/wp-content\/uploads\/2024\/08\/REPRISE-24-25-ESPOIRS-R2-7-1024x682.png 1024w, https:\/\/www.fcgueugnon.fr\/site\/wp-content\/uploads\/2024\/08\/REPRISE-24-25-ESPOIRS-R2-7-400x267.png 400w, https:\/\/www.fcgueugnon.fr\/site\/wp-content\/uploads\/2024\/08\/REPRISE-24-25-ESPOIRS-R2-7-768x512.png 768w, https:\/\/www.fcgueugnon.fr\/site\/wp-content\/uploads\/2024\/08\/REPRISE-24-25-ESPOIRS-R2-7-1536x1024.png 1536w, https:\/\/www.fcgueugnon.fr\/site\/wp-content\/uploads\/2024\/08\/REPRISE-24-25-ESPOIRS-R2-7-1320x880.png 1320w, https:\/\/www.fcgueugnon.fr\/site\/wp-content\/uploads\/2024\/08\/REPRISE-24-25-ESPOIRS-R2-7-600x400.png 600w, https:\/\/www.fcgueugnon.fr\/site\/wp-content\/uploads\/2024\/08\/REPRISE-24-25-ESPOIRS-R2-7.png 1772w\" sizes=\"auto, (max-width: 1024px) 100vw, 1024px\" \/><\/a><\/figure>\n\n\n\n<figure class=\"wp-block-image size-large\"><a href=\"https:\/\/www.fcgueugnon.fr\/site\/wp-content\/uploads\/2024\/08\/REPRISE-24-25-ESPOIRS-R2-6.png\"><img loading=\"lazy\" decoding=\"async\" width=\"1024\" height=\"682\" src=\"https:\/\/www.fcgueugnon.fr\/site\/wp-content\/uploads\/2024\/08\/REPRISE-24-25-ESPOIRS-R2-6-1024x682.png\" alt=\"Image gallery image\" class=\"wp-image-11439\" srcset=\"https:\/\/www.fcgueugnon.fr\/site\/wp-content\/uploads\/2024\/08\/REPRISE-24-25-ESPOIRS-R2-6-1024x682.png 1024w, https:\/\/www.fcgueugnon.fr\/site\/wp-content\/uploads\/2024\/08\/REPRISE-24-25-ESPOIRS-R2-6-400x267.png 400w, https:\/\/www.fcgueugnon.fr\/site\/wp-content\/uploads\/2024\/08\/REPRISE-24-25-ESPOIRS-R2-6-768x512.png 768w, https:\/\/www.fcgueugnon.fr\/site\/wp-content\/uploads\/2024\/08\/REPRISE-24-25-ESPOIRS-R2-6-1536x1024.png 1536w, https:\/\/www.fcgueugnon.fr\/site\/wp-content\/uploads\/2024\/08\/REPRISE-24-25-ESPOIRS-R2-6-1320x880.png 1320w, https:\/\/www.fcgueugnon.fr\/site\/wp-content\/uploads\/2024\/08\/REPRISE-24-25-ESPOIRS-R2-6-600x400.png 600w, https:\/\/www.fcgueugnon.fr\/site\/wp-content\/uploads\/2024\/08\/REPRISE-24-25-ESPOIRS-R2-6.png 1772w\" sizes=\"auto, (max-width: 1024px) 100vw, 1024px\" \/><\/a><\/figure>\n\n\n\n<figure class=\"wp-block-image size-large\"><a href=\"https:\/\/www.fcgueugnon.fr\/site\/wp-content\/uploads\/2024\/08\/REPRISE-24-25-ESPOIRS-R2-5.png\"><img loading=\"lazy\" decoding=\"async\" width=\"1024\" height=\"682\" src=\"https:\/\/www.fcgueugnon.fr\/site\/wp-content\/uploads\/2024\/08\/REPRISE-24-25-ESPOIRS-R2-5-1024x682.png\" alt=\"Image gallery image\" class=\"wp-image-11441\" srcset=\"https:\/\/www.fcgueugnon.fr\/site\/wp-content\/uploads\/2024\/08\/REPRISE-24-25-ESPOIRS-R2-5-1024x682.png 1024w, https:\/\/www.fcgueugnon.fr\/site\/wp-content\/uploads\/2024\/08\/REPRISE-24-25-ESPOIRS-R2-5-400x267.png 400w, https:\/\/www.fcgueugnon.fr\/site\/wp-content\/uploads\/2024\/08\/REPRISE-24-25-ESPOIRS-R2-5-768x512.png 768w, https:\/\/www.fcgueugnon.fr\/site\/wp-content\/uploads\/2024\/08\/REPRISE-24-25-ESPOIRS-R2-5-1536x1024.png 1536w, https:\/\/www.fcgueugnon.fr\/site\/wp-content\/uploads\/2024\/08\/REPRISE-24-25-ESPOIRS-R2-5-1320x880.png 1320w, https:\/\/www.fcgueugnon.fr\/site\/wp-content\/uploads\/2024\/08\/REPRISE-24-25-ESPOIRS-R2-5-600x400.png 600w, https:\/\/www.fcgueugnon.fr\/site\/wp-content\/uploads\/2024\/08\/REPRISE-24-25-ESPOIRS-R2-5.png 1772w\" sizes=\"auto, (max-width: 1024px) 100vw, 1024px\" \/><\/a><\/figure>\n\n\n\n<figure class=\"wp-block-image size-large\"><a href=\"https:\/\/www.fcgueugnon.fr\/site\/wp-content\/uploads\/2024\/08\/REPRISE-24-25-ESPOIRS-R2-4.png\"><img loading=\"lazy\" decoding=\"async\" width=\"1024\" height=\"682\" src=\"https:\/\/www.fcgueugnon.fr\/site\/wp-content\/uploads\/2024\/08\/REPRISE-24-25-ESPOIRS-R2-4-1024x682.png\" alt=\"Image gallery image\" class=\"wp-image-11442\" srcset=\"https:\/\/www.fcgueugnon.fr\/site\/wp-content\/uploads\/2024\/08\/REPRISE-24-25-ESPOIRS-R2-4-1024x682.png 1024w, https:\/\/www.fcgueugnon.fr\/site\/wp-content\/uploads\/2024\/08\/REPRISE-24-25-ESPOIRS-R2-4-400x267.png 400w, https:\/\/www.fcgueugnon.fr\/site\/wp-content\/uploads\/2024\/08\/REPRISE-24-25-ESPOIRS-R2-4-768x512.png 768w, https:\/\/www.fcgueugnon.fr\/site\/wp-content\/uploads\/2024\/08\/REPRISE-24-25-ESPOIRS-R2-4-1536x1024.png 1536w, https:\/\/www.fcgueugnon.fr\/site\/wp-content\/uploads\/2024\/08\/REPRISE-24-25-ESPOIRS-R2-4-1320x880.png 1320w, https:\/\/www.fcgueugnon.fr\/site\/wp-content\/uploads\/2024\/08\/REPRISE-24-25-ESPOIRS-R2-4-600x400.png 600w, https:\/\/www.fcgueugnon.fr\/site\/wp-content\/uploads\/2024\/08\/REPRISE-24-25-ESPOIRS-R2-4.png 1772w\" sizes=\"auto, (max-width: 1024px) 100vw, 1024px\" \/><\/a><\/figure>\n\n\n\n<figure class=\"wp-block-image size-large\"><a href=\"https:\/\/www.fcgueugnon.fr\/site\/wp-content\/uploads\/2024\/08\/REPRISE-24-25-ESPOIRS-R2-3.png\"><img loading=\"lazy\" decoding=\"async\" width=\"1024\" height=\"682\" src=\"https:\/\/www.fcgueugnon.fr\/site\/wp-content\/uploads\/2024\/08\/REPRISE-24-25-ESPOIRS-R2-3-1024x682.png\" alt=\"Image gallery image\" class=\"wp-image-11443\" srcset=\"https:\/\/www.fcgueugnon.fr\/site\/wp-content\/uploads\/2024\/08\/REPRISE-24-25-ESPOIRS-R2-3-1024x682.png 1024w, https:\/\/www.fcgueugnon.fr\/site\/wp-content\/uploads\/2024\/08\/REPRISE-24-25-ESPOIRS-R2-3-400x267.png 400w, https:\/\/www.fcgueugnon.fr\/site\/wp-content\/uploads\/2024\/08\/REPRISE-24-25-ESPOIRS-R2-3-768x512.png 768w, https:\/\/www.fcgueugnon.fr\/site\/wp-content\/uploads\/2024\/08\/REPRISE-24-25-ESPOIRS-R2-3-1536x1024.png 1536w, https:\/\/www.fcgueugnon.fr\/site\/wp-content\/uploads\/2024\/08\/REPRISE-24-25-ESPOIRS-R2-3-1320x880.png 1320w, https:\/\/www.fcgueugnon.fr\/site\/wp-content\/uploads\/2024\/08\/REPRISE-24-25-ESPOIRS-R2-3-600x400.png 600w, https:\/\/www.fcgueugnon.fr\/site\/wp-content\/uploads\/2024\/08\/REPRISE-24-25-ESPOIRS-R2-3.png 1772w\" sizes=\"auto, (max-width: 1024px) 100vw, 1024px\" \/><\/a><\/figure>\n\n\n\n<figure class=\"wp-block-image size-large\"><a href=\"https:\/\/www.fcgueugnon.fr\/site\/wp-content\/uploads\/2024\/08\/REPRISE-24-25-ESPOIRS-R2-2.png\"><img loading=\"lazy\" decoding=\"async\" width=\"1024\" height=\"682\" src=\"https:\/\/www.fcgueugnon.fr\/site\/wp-content\/uploads\/2024\/08\/REPRISE-24-25-ESPOIRS-R2-2-1024x682.png\" alt=\"Image gallery image\" class=\"wp-image-11444\" srcset=\"https:\/\/www.fcgueugnon.fr\/site\/wp-content\/uploads\/2024\/08\/REPRISE-24-25-ESPOIRS-R2-2-1024x682.png 1024w, https:\/\/www.fcgueugnon.fr\/site\/wp-content\/uploads\/2024\/08\/REPRISE-24-25-ESPOIRS-R2-2-400x267.png 400w, https:\/\/www.fcgueugnon.fr\/site\/wp-content\/uploads\/2024\/08\/REPRISE-24-25-ESPOIRS-R2-2-768x512.png 768w, https:\/\/www.fcgueugnon.fr\/site\/wp-content\/uploads\/2024\/08\/REPRISE-24-25-ESPOIRS-R2-2-1536x1024.png 1536w, https:\/\/www.fcgueugnon.fr\/site\/wp-content\/uploads\/2024\/08\/REPRISE-24-25-ESPOIRS-R2-2-1320x880.png 1320w, https:\/\/www.fcgueugnon.fr\/site\/wp-content\/uploads\/2024\/08\/REPRISE-24-25-ESPOIRS-R2-2-600x400.png 600w, https:\/\/www.fcgueugnon.fr\/site\/wp-content\/uploads\/2024\/08\/REPRISE-24-25-ESPOIRS-R2-2.png 1772w\" sizes=\"auto, (max-width: 1024px) 100vw, 1024px\" \/><\/a><\/figure>\n\n\n\n<figure class=\"wp-block-image size-large\"><a href=\"https:\/\/www.fcgueugnon.fr\/site\/wp-content\/uploads\/2024\/08\/REPRISE-24-25-ESPOIRS-R2-1.png\"><img loading=\"lazy\" decoding=\"async\" width=\"1024\" height=\"682\" src=\"https:\/\/www.fcgueugnon.fr\/site\/wp-content\/uploads\/2024\/08\/REPRISE-24-25-ESPOIRS-R2-1-1024x682.png\" alt=\"Image gallery image\" class=\"wp-image-11445\" srcset=\"https:\/\/www.fcgueugnon.fr\/site\/wp-content\/uploads\/2024\/08\/REPRISE-24-25-ESPOIRS-R2-1-1024x682.png 1024w, https:\/\/www.fcgueugnon.fr\/site\/wp-content\/uploads\/2024\/08\/REPRISE-24-25-ESPOIRS-R2-1-400x267.png 400w, https:\/\/www.fcgueugnon.fr\/site\/wp-content\/uploads\/2024\/08\/REPRISE-24-25-ESPOIRS-R2-1-768x512.png 768w, https:\/\/www.fcgueugnon.fr\/site\/wp-content\/uploads\/2024\/08\/REPRISE-24-25-ESPOIRS-R2-1-1536x1024.png 1536w, https:\/\/www.fcgueugnon.fr\/site\/wp-content\/uploads\/2024\/08\/REPRISE-24-25-ESPOIRS-R2-1-1320x880.png 1320w, https:\/\/www.fcgueugnon.fr\/site\/wp-content\/uploads\/2024\/08\/REPRISE-24-25-ESPOIRS-R2-1-600x400.png 600w, https:\/\/www.fcgueugnon.fr\/site\/wp-content\/uploads\/2024\/08\/REPRISE-24-25-ESPOIRS-R2-1.png 1772w\" sizes=\"auto, (max-width: 1024px) 100vw, 1024px\" \/><\/a><\/figure>\n<\/figure>\n","protected":false},"excerpt":{"rendered":"<p>Sous la conduite de Soni Mustivar et Philippe Lauvernier, le groupe Espoirs a particip\u00e9 \u00e0 sa premi\u00e8re s\u00e9ance d&rsquo;entra\u00eenement ce jeudi 1er ao\u00fbt. Un mois de pr\u00e9paration attend les joueurs avant le premier match de championnat R\u00e9gional 2 face \u00e0 Jura Sud Foot (B).<\/p>\n","protected":false},"author":3,"featured_media":11440,"comment_status":"closed","ping_status":"closed","sticky":false,"template":"","format":"standard","meta":{"footnotes":""},"categories":[4,62],"tags":[10],"class_list":["post-11430","post","type-post","status-publish","format-standard","has-post-thumbnail","hentry","category-news","category-news-2024-2025","tag-preparation-entrainement","infinite-scroll-item","generate-columns","tablet-grid-50","mobile-grid-100","grid-parent","grid-25"],"yoast_head":"<!-- This site is optimized with the Yoast SEO plugin v26.6 - https:\/\/yoast.com\/wordpress\/plugins\/seo\/ -->\n<title>[Groupe Espoirs] Le groupe R\u00e9gional 2 est de retour sur le terrain ! &#8226; FOOTBALL CLUB GUEUGNON<\/title>\n<meta name=\"robots\" content=\"index, follow, max-snippet:-1, max-image-preview:large, max-video-preview:-1\" \/>\n<link rel=\"canonical\" href=\"https:\/\/www.fcgueugnon.fr\/site\/groupe-espoirs-le-groupe-regional-2-est-de-retour-sur-le-terrain\/11430\" \/>\n<meta property=\"og:locale\" content=\"fr_FR\" \/>\n<meta property=\"og:type\" content=\"article\" \/>\n<meta property=\"og:title\" content=\"[Groupe Espoirs] Le groupe R\u00e9gional 2 est de retour sur le terrain ! &#8226; FOOTBALL CLUB GUEUGNON\" \/>\n<meta property=\"og:description\" content=\"Sous la conduite de Soni Mustivar et Philippe Lauvernier, le groupe Espoirs a particip\u00e9 \u00e0 sa premi\u00e8re s\u00e9ance d&rsquo;entra\u00eenement ce jeudi 1er ao\u00fbt. Un mois de pr\u00e9paration attend les joueurs avant le premier match de championnat R\u00e9gional 2 face \u00e0 Jura Sud Foot (B).\" \/>\n<meta property=\"og:url\" content=\"https:\/\/www.fcgueugnon.fr\/site\/groupe-espoirs-le-groupe-regional-2-est-de-retour-sur-le-terrain\/11430\" \/>\n<meta property=\"og:site_name\" content=\"FOOTBALL CLUB GUEUGNON\" \/>\n<meta property=\"article:publisher\" content=\"http:\/\/facebook.com\/FCGueugnon\" \/>\n<meta property=\"article:published_time\" content=\"2024-08-01T15:10:00+00:00\" \/>\n<meta property=\"article:modified_time\" content=\"2024-09-06T08:14:08+00:00\" \/>\n<meta property=\"og:image\" content=\"https:\/\/www.fcgueugnon.fr\/site\/wp-content\/uploads\/2024\/08\/REPRISE-24-25-ESPOIRS-R2-7-1024x682.png\" \/>\n\t<meta property=\"og:image:width\" content=\"1024\" \/>\n\t<meta property=\"og:image:height\" content=\"682\" \/>\n\t<meta property=\"og:image:type\" content=\"image\/png\" \/>\n<meta name=\"author\" content=\"FC Gueugnon\" \/>\n<meta name=\"twitter:card\" content=\"summary_large_image\" \/>\n<meta name=\"twitter:creator\" content=\"@FCGueugnon_off\" \/>\n<meta name=\"twitter:site\" content=\"@FCGueugnon_off\" \/>\n<meta name=\"twitter:label1\" content=\"\u00c9crit par\" \/>\n\t<meta name=\"twitter:data1\" content=\"FC Gueugnon\" \/>\n\t<meta name=\"twitter:label2\" content=\"Dur\u00e9e de lecture estim\u00e9e\" \/>\n\t<meta name=\"twitter:data2\" content=\"4 minutes\" \/>\n<script type=\"application\/ld+json\" class=\"yoast-schema-graph\">{\"@context\":\"https:\/\/schema.org\",\"@graph\":[{\"@type\":\"Article\",\"@id\":\"https:\/\/www.fcgueugnon.fr\/site\/groupe-espoirs-le-groupe-regional-2-est-de-retour-sur-le-terrain\/11430#article\",\"isPartOf\":{\"@id\":\"https:\/\/www.fcgueugnon.fr\/site\/groupe-espoirs-le-groupe-regional-2-est-de-retour-sur-le-terrain\/11430\"},\"author\":{\"name\":\"FC Gueugnon\",\"@id\":\"https:\/\/www.fcgueugnon.fr\/site\/#\/schema\/person\/829630bfb5d6f3ebe4d296b75687c01a\"},\"headline\":\"[Groupe Espoirs] Le groupe R\u00e9gional 2 est de retour sur le terrain !\",\"datePublished\":\"2024-08-01T15:10:00+00:00\",\"dateModified\":\"2024-09-06T08:14:08+00:00\",\"mainEntityOfPage\":{\"@id\":\"https:\/\/www.fcgueugnon.fr\/site\/groupe-espoirs-le-groupe-regional-2-est-de-retour-sur-le-terrain\/11430\"},\"wordCount\":60,\"publisher\":{\"@id\":\"https:\/\/www.fcgueugnon.fr\/site\/#organization\"},\"image\":{\"@id\":\"https:\/\/www.fcgueugnon.fr\/site\/groupe-espoirs-le-groupe-regional-2-est-de-retour-sur-le-terrain\/11430#primaryimage\"},\"thumbnailUrl\":\"https:\/\/www.fcgueugnon.fr\/site\/wp-content\/uploads\/2024\/08\/REPRISE-24-25-ESPOIRS-R2-7.png\",\"keywords\":[\"Pr\u00e9paration - Entrainement\"],\"articleSection\":[\"News\",\"News 2024\/2025\"],\"inLanguage\":\"fr-FR\"},{\"@type\":\"WebPage\",\"@id\":\"https:\/\/www.fcgueugnon.fr\/site\/groupe-espoirs-le-groupe-regional-2-est-de-retour-sur-le-terrain\/11430\",\"url\":\"https:\/\/www.fcgueugnon.fr\/site\/groupe-espoirs-le-groupe-regional-2-est-de-retour-sur-le-terrain\/11430\",\"name\":\"[Groupe Espoirs] Le groupe R\u00e9gional 2 est de retour sur le terrain ! &#8226; FOOTBALL CLUB GUEUGNON\",\"isPartOf\":{\"@id\":\"https:\/\/www.fcgueugnon.fr\/site\/#website\"},\"primaryImageOfPage\":{\"@id\":\"https:\/\/www.fcgueugnon.fr\/site\/groupe-espoirs-le-groupe-regional-2-est-de-retour-sur-le-terrain\/11430#primaryimage\"},\"image\":{\"@id\":\"https:\/\/www.fcgueugnon.fr\/site\/groupe-espoirs-le-groupe-regional-2-est-de-retour-sur-le-terrain\/11430#primaryimage\"},\"thumbnailUrl\":\"https:\/\/www.fcgueugnon.fr\/site\/wp-content\/uploads\/2024\/08\/REPRISE-24-25-ESPOIRS-R2-7.png\",\"datePublished\":\"2024-08-01T15:10:00+00:00\",\"dateModified\":\"2024-09-06T08:14:08+00:00\",\"breadcrumb\":{\"@id\":\"https:\/\/www.fcgueugnon.fr\/site\/groupe-espoirs-le-groupe-regional-2-est-de-retour-sur-le-terrain\/11430#breadcrumb\"},\"inLanguage\":\"fr-FR\",\"potentialAction\":[{\"@type\":\"ReadAction\",\"target\":[\"https:\/\/www.fcgueugnon.fr\/site\/groupe-espoirs-le-groupe-regional-2-est-de-retour-sur-le-terrain\/11430\"]}]},{\"@type\":\"ImageObject\",\"inLanguage\":\"fr-FR\",\"@id\":\"https:\/\/www.fcgueugnon.fr\/site\/groupe-espoirs-le-groupe-regional-2-est-de-retour-sur-le-terrain\/11430#primaryimage\",\"url\":\"https:\/\/www.fcgueugnon.fr\/site\/wp-content\/uploads\/2024\/08\/REPRISE-24-25-ESPOIRS-R2-7.png\",\"contentUrl\":\"https:\/\/www.fcgueugnon.fr\/site\/wp-content\/uploads\/2024\/08\/REPRISE-24-25-ESPOIRS-R2-7.png\",\"width\":1772,\"height\":1181},{\"@type\":\"BreadcrumbList\",\"@id\":\"https:\/\/www.fcgueugnon.fr\/site\/groupe-espoirs-le-groupe-regional-2-est-de-retour-sur-le-terrain\/11430#breadcrumb\",\"itemListElement\":[{\"@type\":\"ListItem\",\"position\":1,\"name\":\"Accueil\",\"item\":\"https:\/\/www.fcgueugnon.fr\/site\/\"},{\"@type\":\"ListItem\",\"position\":2,\"name\":\"[Groupe Espoirs] Le groupe R\u00e9gional 2 est de retour sur le terrain !\"}]},{\"@type\":\"WebSite\",\"@id\":\"https:\/\/www.fcgueugnon.fr\/site\/#website\",\"url\":\"https:\/\/www.fcgueugnon.fr\/site\/\",\"name\":\"FOOTBALL CLUB GUEUGNON\",\"description\":\"Le Site Officiel des Forgerons\",\"publisher\":{\"@id\":\"https:\/\/www.fcgueugnon.fr\/site\/#organization\"},\"potentialAction\":[{\"@type\":\"SearchAction\",\"target\":{\"@type\":\"EntryPoint\",\"urlTemplate\":\"https:\/\/www.fcgueugnon.fr\/site\/?s={search_term_string}\"},\"query-input\":{\"@type\":\"PropertyValueSpecification\",\"valueRequired\":true,\"valueName\":\"search_term_string\"}}],\"inLanguage\":\"fr-FR\"},{\"@type\":\"Organization\",\"@id\":\"https:\/\/www.fcgueugnon.fr\/site\/#organization\",\"name\":\"FC Gueugnon\",\"url\":\"https:\/\/www.fcgueugnon.fr\/site\/\",\"logo\":{\"@type\":\"ImageObject\",\"inLanguage\":\"fr-FR\",\"@id\":\"https:\/\/www.fcgueugnon.fr\/site\/#\/schema\/logo\/image\/\",\"url\":\"https:\/\/www.fcgueugnon.fr\/site\/wp-content\/uploads\/2022\/07\/cropped-Logo-FCGUEUGNON-low-350x350-1.png\",\"contentUrl\":\"https:\/\/www.fcgueugnon.fr\/site\/wp-content\/uploads\/2022\/07\/cropped-Logo-FCGUEUGNON-low-350x350-1.png\",\"width\":350,\"height\":350,\"caption\":\"FC Gueugnon\"},\"image\":{\"@id\":\"https:\/\/www.fcgueugnon.fr\/site\/#\/schema\/logo\/image\/\"},\"sameAs\":[\"http:\/\/facebook.com\/FCGueugnon\",\"https:\/\/x.com\/FCGueugnon_off\",\"https:\/\/www.instagram.com\/fcgueugnon\/\",\"https:\/\/www.linkedin.com\/company\/football-club-de-gueugnon\/\",\"https:\/\/www.youtube.com\/user\/FCGueugnonnais\",\"https:\/\/fr.wikipedia.org\/wiki\/Football_Club_de_Gueugnon\"]},{\"@type\":\"Person\",\"@id\":\"https:\/\/www.fcgueugnon.fr\/site\/#\/schema\/person\/829630bfb5d6f3ebe4d296b75687c01a\",\"name\":\"FC Gueugnon\",\"url\":\"https:\/\/www.fcgueugnon.fr\/site\/author\/g-avin1\"}]}<\/script>\n<!-- \/ Yoast SEO plugin. -->","yoast_head_json":{"title":"[Groupe Espoirs] Le groupe R\u00e9gional 2 est de retour sur le terrain ! &#8226; FOOTBALL CLUB GUEUGNON","robots":{"index":"index","follow":"follow","max-snippet":"max-snippet:-1","max-image-preview":"max-image-preview:large","max-video-preview":"max-video-preview:-1"},"canonical":"https:\/\/www.fcgueugnon.fr\/site\/groupe-espoirs-le-groupe-regional-2-est-de-retour-sur-le-terrain\/11430","og_locale":"fr_FR","og_type":"article","og_title":"[Groupe Espoirs] Le groupe R\u00e9gional 2 est de retour sur le terrain ! &#8226; FOOTBALL CLUB GUEUGNON","og_description":"Sous la conduite de Soni Mustivar et Philippe Lauvernier, le groupe Espoirs a particip\u00e9 \u00e0 sa premi\u00e8re s\u00e9ance d&rsquo;entra\u00eenement ce jeudi 1er ao\u00fbt. Un mois de pr\u00e9paration attend les joueurs avant le premier match de championnat R\u00e9gional 2 face \u00e0 Jura Sud Foot (B).","og_url":"https:\/\/www.fcgueugnon.fr\/site\/groupe-espoirs-le-groupe-regional-2-est-de-retour-sur-le-terrain\/11430","og_site_name":"FOOTBALL CLUB GUEUGNON","article_publisher":"http:\/\/facebook.com\/FCGueugnon","article_published_time":"2024-08-01T15:10:00+00:00","article_modified_time":"2024-09-06T08:14:08+00:00","og_image":[{"width":1024,"height":682,"url":"https:\/\/www.fcgueugnon.fr\/site\/wp-content\/uploads\/2024\/08\/REPRISE-24-25-ESPOIRS-R2-7-1024x682.png","type":"image\/png"}],"author":"FC Gueugnon","twitter_card":"summary_large_image","twitter_creator":"@FCGueugnon_off","twitter_site":"@FCGueugnon_off","twitter_misc":{"\u00c9crit par":"FC Gueugnon","Dur\u00e9e de lecture estim\u00e9e":"4 minutes"},"schema":{"@context":"https:\/\/schema.org","@graph":[{"@type":"Article","@id":"https:\/\/www.fcgueugnon.fr\/site\/groupe-espoirs-le-groupe-regional-2-est-de-retour-sur-le-terrain\/11430#article","isPartOf":{"@id":"https:\/\/www.fcgueugnon.fr\/site\/groupe-espoirs-le-groupe-regional-2-est-de-retour-sur-le-terrain\/11430"},"author":{"name":"FC Gueugnon","@id":"https:\/\/www.fcgueugnon.fr\/site\/#\/schema\/person\/829630bfb5d6f3ebe4d296b75687c01a"},"headline":"[Groupe Espoirs] Le groupe R\u00e9gional 2 est de retour sur le terrain !","datePublished":"2024-08-01T15:10:00+00:00","dateModified":"2024-09-06T08:14:08+00:00","mainEntityOfPage":{"@id":"https:\/\/www.fcgueugnon.fr\/site\/groupe-espoirs-le-groupe-regional-2-est-de-retour-sur-le-terrain\/11430"},"wordCount":60,"publisher":{"@id":"https:\/\/www.fcgueugnon.fr\/site\/#organization"},"image":{"@id":"https:\/\/www.fcgueugnon.fr\/site\/groupe-espoirs-le-groupe-regional-2-est-de-retour-sur-le-terrain\/11430#primaryimage"},"thumbnailUrl":"https:\/\/www.fcgueugnon.fr\/site\/wp-content\/uploads\/2024\/08\/REPRISE-24-25-ESPOIRS-R2-7.png","keywords":["Pr\u00e9paration - Entrainement"],"articleSection":["News","News 2024\/2025"],"inLanguage":"fr-FR"},{"@type":"WebPage","@id":"https:\/\/www.fcgueugnon.fr\/site\/groupe-espoirs-le-groupe-regional-2-est-de-retour-sur-le-terrain\/11430","url":"https:\/\/www.fcgueugnon.fr\/site\/groupe-espoirs-le-groupe-regional-2-est-de-retour-sur-le-terrain\/11430","name":"[Groupe Espoirs] Le groupe R\u00e9gional 2 est de retour sur le terrain ! &#8226; FOOTBALL CLUB GUEUGNON","isPartOf":{"@id":"https:\/\/www.fcgueugnon.fr\/site\/#website"},"primaryImageOfPage":{"@id":"https:\/\/www.fcgueugnon.fr\/site\/groupe-espoirs-le-groupe-regional-2-est-de-retour-sur-le-terrain\/11430#primaryimage"},"image":{"@id":"https:\/\/www.fcgueugnon.fr\/site\/groupe-espoirs-le-groupe-regional-2-est-de-retour-sur-le-terrain\/11430#primaryimage"},"thumbnailUrl":"https:\/\/www.fcgueugnon.fr\/site\/wp-content\/uploads\/2024\/08\/REPRISE-24-25-ESPOIRS-R2-7.png","datePublished":"2024-08-01T15:10:00+00:00","dateModified":"2024-09-06T08:14:08+00:00","breadcrumb":{"@id":"https:\/\/www.fcgueugnon.fr\/site\/groupe-espoirs-le-groupe-regional-2-est-de-retour-sur-le-terrain\/11430#breadcrumb"},"inLanguage":"fr-FR","potentialAction":[{"@type":"ReadAction","target":["https:\/\/www.fcgueugnon.fr\/site\/groupe-espoirs-le-groupe-regional-2-est-de-retour-sur-le-terrain\/11430"]}]},{"@type":"ImageObject","inLanguage":"fr-FR","@id":"https:\/\/www.fcgueugnon.fr\/site\/groupe-espoirs-le-groupe-regional-2-est-de-retour-sur-le-terrain\/11430#primaryimage","url":"https:\/\/www.fcgueugnon.fr\/site\/wp-content\/uploads\/2024\/08\/REPRISE-24-25-ESPOIRS-R2-7.png","contentUrl":"https:\/\/www.fcgueugnon.fr\/site\/wp-content\/uploads\/2024\/08\/REPRISE-24-25-ESPOIRS-R2-7.png","width":1772,"height":1181},{"@type":"BreadcrumbList","@id":"https:\/\/www.fcgueugnon.fr\/site\/groupe-espoirs-le-groupe-regional-2-est-de-retour-sur-le-terrain\/11430#breadcrumb","itemListElement":[{"@type":"ListItem","position":1,"name":"Accueil","item":"https:\/\/www.fcgueugnon.fr\/site\/"},{"@type":"ListItem","position":2,"name":"[Groupe Espoirs] Le groupe R\u00e9gional 2 est de retour sur le terrain !"}]},{"@type":"WebSite","@id":"https:\/\/www.fcgueugnon.fr\/site\/#website","url":"https:\/\/www.fcgueugnon.fr\/site\/","name":"FOOTBALL CLUB GUEUGNON","description":"Le Site Officiel des Forgerons","publisher":{"@id":"https:\/\/www.fcgueugnon.fr\/site\/#organization"},"potentialAction":[{"@type":"SearchAction","target":{"@type":"EntryPoint","urlTemplate":"https:\/\/www.fcgueugnon.fr\/site\/?s={search_term_string}"},"query-input":{"@type":"PropertyValueSpecification","valueRequired":true,"valueName":"search_term_string"}}],"inLanguage":"fr-FR"},{"@type":"Organization","@id":"https:\/\/www.fcgueugnon.fr\/site\/#organization","name":"FC Gueugnon","url":"https:\/\/www.fcgueugnon.fr\/site\/","logo":{"@type":"ImageObject","inLanguage":"fr-FR","@id":"https:\/\/www.fcgueugnon.fr\/site\/#\/schema\/logo\/image\/","url":"https:\/\/www.fcgueugnon.fr\/site\/wp-content\/uploads\/2022\/07\/cropped-Logo-FCGUEUGNON-low-350x350-1.png","contentUrl":"https:\/\/www.fcgueugnon.fr\/site\/wp-content\/uploads\/2022\/07\/cropped-Logo-FCGUEUGNON-low-350x350-1.png","width":350,"height":350,"caption":"FC Gueugnon"},"image":{"@id":"https:\/\/www.fcgueugnon.fr\/site\/#\/schema\/logo\/image\/"},"sameAs":["http:\/\/facebook.com\/FCGueugnon","https:\/\/x.com\/FCGueugnon_off","https:\/\/www.instagram.com\/fcgueugnon\/","https:\/\/www.linkedin.com\/company\/football-club-de-gueugnon\/","https:\/\/www.youtube.com\/user\/FCGueugnonnais","https:\/\/fr.wikipedia.org\/wiki\/Football_Club_de_Gueugnon"]},{"@type":"Person","@id":"https:\/\/www.fcgueugnon.fr\/site\/#\/schema\/person\/829630bfb5d6f3ebe4d296b75687c01a","name":"FC Gueugnon","url":"https:\/\/www.fcgueugnon.fr\/site\/author\/g-avin1"}]}},"rttpg_featured_image_url":{"full":["https:\/\/www.fcgueugnon.fr\/site\/wp-content\/uploads\/2024\/08\/REPRISE-24-25-ESPOIRS-R2-7.png",1772,1181,false],"landscape":["https:\/\/www.fcgueugnon.fr\/site\/wp-content\/uploads\/2024\/08\/REPRISE-24-25-ESPOIRS-R2-7.png",1772,1181,false],"portraits":["https:\/\/www.fcgueugnon.fr\/site\/wp-content\/uploads\/2024\/08\/REPRISE-24-25-ESPOIRS-R2-7.png",1772,1181,false],"thumbnail":["https:\/\/www.fcgueugnon.fr\/site\/wp-content\/uploads\/2024\/08\/REPRISE-24-25-ESPOIRS-R2-7-150x150.png",150,150,true],"medium":["https:\/\/www.fcgueugnon.fr\/site\/wp-content\/uploads\/2024\/08\/REPRISE-24-25-ESPOIRS-R2-7-400x267.png",400,267,true],"large":["https:\/\/www.fcgueugnon.fr\/site\/wp-content\/uploads\/2024\/08\/REPRISE-24-25-ESPOIRS-R2-7-1024x682.png",1024,682,true],"1536x1536":["https:\/\/www.fcgueugnon.fr\/site\/wp-content\/uploads\/2024\/08\/REPRISE-24-25-ESPOIRS-R2-7-1536x1024.png",1536,1024,true],"2048x2048":["https:\/\/www.fcgueugnon.fr\/site\/wp-content\/uploads\/2024\/08\/REPRISE-24-25-ESPOIRS-R2-7.png",1772,1181,false]},"rttpg_author":{"display_name":"FC Gueugnon","author_link":"https:\/\/www.fcgueugnon.fr\/site\/author\/g-avin1"},"rttpg_comment":0,"rttpg_category":"<a href=\"https:\/\/www.fcgueugnon.fr\/site\/category\/news\" rel=\"category tag\">News<\/a> <a href=\"https:\/\/www.fcgueugnon.fr\/site\/category\/news\/news-2024-2025\" rel=\"category tag\">News 2024\/2025<\/a>","rttpg_excerpt":"Sous la conduite de Soni Mustivar et Philippe Lauvernier, le groupe Espoirs a particip\u00e9 \u00e0 sa premi\u00e8re s\u00e9ance d&rsquo;entra\u00eenement ce jeudi 1er ao\u00fbt. Un mois de pr\u00e9paration attend les joueurs avant le premier match de championnat R\u00e9gional 2 face \u00e0 Jura Sud Foot (B).","_links":{"self":[{"href":"https:\/\/www.fcgueugnon.fr\/site\/wp-json\/wp\/v2\/posts\/11430","targetHints":{"allow":["GET"]}}],"collection":[{"href":"https:\/\/www.fcgueugnon.fr\/site\/wp-json\/wp\/v2\/posts"}],"about":[{"href":"https:\/\/www.fcgueugnon.fr\/site\/wp-json\/wp\/v2\/types\/post"}],"author":[{"embeddable":true,"href":"https:\/\/www.fcgueugnon.fr\/site\/wp-json\/wp\/v2\/users\/3"}],"replies":[{"embeddable":true,"href":"https:\/\/www.fcgueugnon.fr\/site\/wp-json\/wp\/v2\/comments?post=11430"}],"version-history":[{"count":3,"href":"https:\/\/www.fcgueugnon.fr\/site\/wp-json\/wp\/v2\/posts\/11430\/revisions"}],"predecessor-version":[{"id":11448,"href":"https:\/\/www.fcgueugnon.fr\/site\/wp-json\/wp\/v2\/posts\/11430\/revisions\/11448"}],"wp:featuredmedia":[{"embeddable":true,"href":"https:\/\/www.fcgueugnon.fr\/site\/wp-json\/wp\/v2\/media\/11440"}],"wp:attachment":[{"href":"https:\/\/www.fcgueugnon.fr\/site\/wp-json\/wp\/v2\/media?parent=11430"}],"wp:term":[{"taxonomy":"category","embeddable":true,"href":"https:\/\/www.fcgueugnon.fr\/site\/wp-json\/wp\/v2\/categories?post=11430"},{"taxonomy":"post_tag","embeddable":true,"href":"https:\/\/www.fcgueugnon.fr\/site\/wp-json\/wp\/v2\/tags?post=11430"}],"curies":[{"name":"wp","href":"https:\/\/api.w.org\/{rel}","templated":true}]}}