{"id":10968,"date":"2024-06-08T18:00:00","date_gmt":"2024-06-08T16:00:00","guid":{"rendered":"https:\/\/www.fcgueugnon.fr\/site\/?p=10968"},"modified":"2024-09-06T10:14:14","modified_gmt":"2024-09-06T08:14:14","slug":"interview-le-bilan-et-perspectives-avec-le-president-bernard-canard","status":"publish","type":"post","link":"https:\/\/www.fcgueugnon.fr\/site\/interview-le-bilan-et-perspectives-avec-le-president-bernard-canard\/10968","title":{"rendered":"[Interview] Le bilan et perspectives avec le Pr\u00e9sident Bernard Canard"},"content":{"rendered":"\n<h2 class=\"wp-block-heading\"><strong><strong>Nouvelle <\/strong>interview exclusive de notre Pr\u00e9sident Bernard Canard qui dresse le bilan de la saison 2023-2024 et partage les perspectives pour l&rsquo;avenir du club. Avec des d\u00e9fis et des r\u00e9ussites, le FCG continue de se positionner comme un acteur incontournable du football r\u00e9gional.<\/strong><\/h2>\n\n\n\n<div style=\"height:60px\" aria-hidden=\"true\" class=\"wp-block-spacer\"><\/div>\n\n\n<div class=\"wp-block-image\">\n<figure class=\"aligncenter size-full is-resized\"><img loading=\"lazy\" decoding=\"async\" width=\"2560\" height=\"1707\" src=\"https:\/\/www.fcgueugnon.fr\/site\/wp-content\/uploads\/2024\/06\/Bernard-CANARD-FC-Gueugnon-1-scaled.jpg\" alt=\"\" class=\"wp-image-10976\" style=\"width:auto;height:400px\" srcset=\"https:\/\/www.fcgueugnon.fr\/site\/wp-content\/uploads\/2024\/06\/Bernard-CANARD-FC-Gueugnon-1-scaled.jpg 2560w, https:\/\/www.fcgueugnon.fr\/site\/wp-content\/uploads\/2024\/06\/Bernard-CANARD-FC-Gueugnon-1-400x267.jpg 400w, https:\/\/www.fcgueugnon.fr\/site\/wp-content\/uploads\/2024\/06\/Bernard-CANARD-FC-Gueugnon-1-1024x683.jpg 1024w, https:\/\/www.fcgueugnon.fr\/site\/wp-content\/uploads\/2024\/06\/Bernard-CANARD-FC-Gueugnon-1-768x512.jpg 768w, https:\/\/www.fcgueugnon.fr\/site\/wp-content\/uploads\/2024\/06\/Bernard-CANARD-FC-Gueugnon-1-1536x1024.jpg 1536w, https:\/\/www.fcgueugnon.fr\/site\/wp-content\/uploads\/2024\/06\/Bernard-CANARD-FC-Gueugnon-1-2048x1365.jpg 2048w, https:\/\/www.fcgueugnon.fr\/site\/wp-content\/uploads\/2024\/06\/Bernard-CANARD-FC-Gueugnon-1-1320x880.jpg 1320w, https:\/\/www.fcgueugnon.fr\/site\/wp-content\/uploads\/2024\/06\/Bernard-CANARD-FC-Gueugnon-1-600x400.jpg 600w\" sizes=\"auto, (max-width: 2560px) 100vw, 2560px\" \/><\/figure>\n<\/div>\n\n\n<div style=\"height:60px\" aria-hidden=\"true\" class=\"wp-block-spacer\"><\/div>\n\n\n\n<p><strong>Piero : Encore une saison accomplie pour le FCG qui reste positionn\u00e9 dans le territoire comme une vitrine&#8230;<\/strong><br>Bernard CANARD : \u00ab Oui, le club est une vitrine aujourd\u2019hui sur le d\u00e9partement et sur la r\u00e9gion. On voit que des clubs voisins sont en difficult\u00e9 et on a cette chance aujourd\u2019hui d\u2019avoir ce rayonnement et des infrastructures pour cela&#8230; Nos r\u00e9sultats nous permettent aujourd\u2019hui de nous maintenir en National 3 ce qui est un imp\u00e9ratif pour ce rayonnement et que l\u2019on puisse continuer sur notre lanc\u00e9e actuelle. \u00bb<\/p>\n\n\n\n<div style=\"height:50px\" aria-hidden=\"true\" class=\"wp-block-spacer\"><\/div>\n\n\n\n<h3 class=\"wp-block-heading has-text-align-center\">MERCI A NOS PARTENAIRES ET A NOS SUPPORTERS<\/h3>\n\n\n\n<p><strong>Le partenariat, qu\u2019il soit priv\u00e9 ou institutionnel, a \u00e9t\u00e9 en progression jusqu\u2019ici. Qu\u2019en est- il aujourd\u2019hui ?<\/strong><br>BC : \u00ab Malgr\u00e9&nbsp;une p\u00e9riode compliqu\u00e9e pour les entreprises priv\u00e9es ou les institutionnels, on a su fid\u00e9liser un panel important de partenaires qui nous font confiance. Ce sont des partenaires qui sont investis dans le club, qui avaient eux aussi envie qu&rsquo;on se maintienne et aujourd&rsquo;hui, on a une belle repr\u00e9sentativit\u00e9 des entreprises locales qui n\u2019h\u00e9sitent pas \u00e0 investir de fa\u00e7on raisonn\u00e9e&#8230; Au final et malgr\u00e9 des p\u00e9riodes qui peuvent \u00eatre compliqu\u00e9es, nos partenaires sont en nombre et toujours en augmentation.<\/p>\n\n\n\n<p>Pour la partie publique, le D\u00e9partement de Sa\u00f4ne et Loire a fait plus encore cette ann\u00e9e pour nous aider car ils sont conscients aujourd&rsquo;hui que des clubs de diff\u00e9rents sports et d&rsquo;un certain niveau avaient besoin de soutien et \u00e7a me donne l&rsquo;occasion de les remercier pour cela.<br>La ville de Gueugnon a maintenu \u00e9galement la subvention que l\u2019on pouvait avoir et bien s\u00fbr, on b\u00e9n\u00e9ficie des installations que l&rsquo;on a ici aujourd\u2019hui.<\/p>\n\n\n\n<p>Au global oui, je suis tr\u00e8s satisfait de la fid\u00e9lit\u00e9 et des encouragements que l&rsquo;on peut avoir aujourd\u2019hui de ces entreprises. Il est vrai qu&rsquo;il y a de la fid\u00e9lit\u00e9 mais aussi de la convivialit\u00e9 que l\u2019on retrouve dans nos soir\u00e9es mais \u00e9galement dans nos \u00e9v\u00e8nements tel que le tournoi des partenaires&#8230; On y voit cet engouement que le club g\u00e9n\u00e8re autour de lui, cela donne envie \u00e0 des partenaires de nous rejoindre et aussi de se retrouver avec d\u2019autres partenaires. \u00bb<\/p>\n\n\n\n<p><strong>Il est vrai que sur certains matchs, on a quoi presque 700 voir 1000 spectateurs&#8230; Par rapport \u00e0 d&rsquo;autres clubs de la m\u00eame division&#8230;<\/strong><br>BC : \u00ab Oui oui, alors que l&rsquo;on a v\u00e9cu deux saisons assez difficiles sportivement, on arrive malgr\u00e9 tout \u00e0 une moyenne de presque 700 \u00e0 800 spectateurs avec des pics \u00e0 1000 spectateurs&#8230;. Aujourd&rsquo;hui, il y a de l&rsquo;engouement autour du club, un engouement qui se poursuit depuis plusieurs saisons et il faut qu&rsquo;on donne de la joie aux spectateurs qui nous supportent. Je pense \u00e9galement \u00e0 nos Ultras qui font tous les d\u00e9placements ! C&rsquo;est une particularit\u00e9 qu&rsquo;on a dans ce club d&rsquo;avoir des Ultras, aussi bien \u00e0 domicile qu&rsquo;\u00e0 l\u2019ext\u00e9rieur, et je tiens \u00e0 les remercier particuli\u00e8rement car je ne sais pas si \u00e7a nous donne quelques points de plus mais en tout cas c&rsquo;est valorisant pour les joueurs. \u00bb <\/p>\n\n\n\n<div style=\"height:50px\" aria-hidden=\"true\" class=\"wp-block-spacer\"><\/div>\n\n\n\n<h3 class=\"wp-block-heading has-text-align-center\">ACTEUR DU TERRITOIRE &amp; FORCES VIVES<\/h3>\n\n\n\n<p><strong>Le FCG est un acteur du territoire ! On retrouve le club sur la formation, l\u2019emploi, les actions comme celles en EHPAD, envers les handicap\u00e9s, le sport pour tous&#8230;<\/strong> <br>BC : \u00ab Le club de Gueugnon n&rsquo;est pas qu&rsquo;un club de foot, aujourd&rsquo;hui c&rsquo;est un club associatif dont le r\u00f4le est important. On va dans les EHPAD pour donner de la joie envers nos a\u00een\u00e9s, en tout cas on essaye. Il y a aussi des actions en faveur de l&#8217;emploi avec un forum o\u00f9 nous sommes impliqu\u00e9s. Et cette ann\u00e9e, nous avons eu aussi le match de l\u2019UNICEF (<a href=\"https:\/\/www.fcgueugnon.fr\/site\/tag\/match-unicef\">\u00e0 revivre sur ce lien<\/a>) avec plusieurs milliers de personnes ! Ce sont des \u00e9v\u00e8nements qui donnent une image pas que sportif au club et offrent des moments conviviaux vraiment importants et \u00e0 partager avec tous : le public, les partenaires&#8230; \u00bb<\/p>\n\n\n\n<p><strong>Et cette position dans le territoire s&rsquo;appuie sur la vie associative et de l&rsquo;int\u00e9gration sociale&#8230;<\/strong><br>BC : \u00ab Ce pilotage des b\u00e9n\u00e9voles, des salari\u00e9s et des joueurs fonctionnent bien, on s\u2019\u00e9vertue \u00e0 ce que tout se passe bien dans ce fonctionnement de club familial. Tout le monde travaille ensemble et chacun trouve sa place&#8230; On conna\u00eet les difficult\u00e9s des associations et des clubs pour trouver des b\u00e9n\u00e9voles. Il faut reconna\u00eetre qu&rsquo;on a de la chance dans ce club car les b\u00e9n\u00e9voles se sentent bien. Ce qu&rsquo;il font, il le font tr\u00e8s bien et dans l\u2019int\u00e9r\u00eat du club et je tiens vraiment \u00e0 les remercier ! Je me f\u00e9licite de cette belle osmose entre nos salari\u00e9s, nos joueurs et nos b\u00e9n\u00e9voles. \u00bb <\/p>\n\n\n\n<p><strong>On peut m\u00eame \u00e9voquer les anciens glorieux anciens qui effectuent tous types de t\u00e2ches ! <\/strong><br>BC : \u00ab Oui, que ce soit Guy qui est omnipr\u00e9sent dans le club, Alfred, Michel ou tous les autres anciens qui sont toujours d&rsquo;un fort soutien et que je remercie&#8230; Pour moi c&rsquo;est une joie aujourd&rsquo;hui cette pr\u00e9sidence, c&rsquo;est presque un moment de d\u00e9tente tellement on se sent bien dans ce club et tellement on se sent bien entour\u00e9 ici \u00bb<\/p>\n\n\n\n<div style=\"height:50px\" aria-hidden=\"true\" class=\"wp-block-spacer\"><\/div>\n\n\n\n<h3 class=\"wp-block-heading has-text-align-center\">LES TERRAINS DE LA VF<\/h3>\n\n\n\n<p><strong>Concernant nos infrastructures et les terrains de la VF, on \u00e9galement pense au synth\u00e9tique&#8230; O\u00f9 en est-on ?<\/strong><br>BC : \u00ab C\u2019est malheureusement&nbsp;un probl\u00e8me r\u00e9curent depuis 2011. Ces fameux terrains d\u2019entra\u00eenement sont une plaie et un lourd h\u00e9ritage qu\u2019on a du mal \u00e0 g\u00e9rer. C&rsquo;est un probl\u00e8me qu&rsquo;on retrouve d\u2019ann\u00e9e en ann\u00e9e&#8230; La ville s\u2019est engag\u00e9e pour un terrain synth\u00e9tique que l&rsquo;on esp\u00e8re dans les 2, 3 \u00e0 4 ans \u00e0 venir&#8230; En tout cas le plus t\u00f4t possible. En parall\u00e8le, il y aura aussi une reprise partielle des terrains de la plaine.<br>A aujourd\u2019hui, s&rsquo;il y a des actions en cours, on peut dire qu&rsquo;on a perdu 12 ans o\u00f9 les b\u00e9n\u00e9voles ont \u00e9t\u00e9 extr\u00eamement sollicit\u00e9s pour l\u2019entretien. Le c\u00f4t\u00e9 financier du club a \u00e9t\u00e9 impact\u00e9 aussi car on a mis beaucoup d\u2019argent sur ce sujet. \u00c7a co\u00fbte entre 40.000 et 50.000 euros annuels d&rsquo;entretien et frais divers pour les 5 ou 6 terrains sans compter le temps des b\u00e9n\u00e9voles.. \u00catre propri\u00e9taire de ces terrains, c\u2019est une particularit\u00e9 \u00e0 notre niveau qui est d\u00fb \u00e0 notre histoire du club et on esp\u00e8re toujours trouver une solution viable pour les ann\u00e9es \u00e0 venir afin de se d\u00e9gager de ce poids. \u00bb<\/p>\n\n\n\n<div style=\"height:50px\" aria-hidden=\"true\" class=\"wp-block-spacer\"><\/div>\n\n\n\n<h3 class=\"wp-block-heading has-text-align-center\">LES JEUNES ET LES F\u00c9MININES DE LA SPORT E.LECLERC ACAD\u00c9MIE<\/h3>\n\n\n\n<p><strong>Le sport \u00e9tude \u00e0 l\u2019\u00e9cole est \u00e0 nouveau une institution pour le FCG&nbsp;! <\/strong><br>BC : \u00ab Oui, l\u00e0 aussi on est en progr\u00e8s constant, que ce soit sur les effectifs et \u00e0 tous les niveaux. On peut remercier tous ceux qui \u0153uvrent sous la direction de Michel Martin qui a pris ce sujet \u00e0 bras le corps. Il fait partie de ces personnes qui sont venues renforcer le club sur ce sujet qu\u2019il ma\u00eetrise.&nbsp;Quand on conna\u00eet bien les choses, on les m\u00e8ne bien et c&rsquo;est son cas. On l&rsquo;a vu au niveau des dipl\u00f4mes et cela veut prouve que le sportif et le scolaire sont compl\u00e9mentaires.&nbsp;\u00bb<\/p>\n\n\n\n<p><strong>Et justement sur le plan sportif, les jeunes continuent aussi sur leur lanc\u00e9e avec des \u00e9quipes toutes au plus haut niveau R\u00e9gional<\/strong>&nbsp;<br>BC : \u00ab C\u2019est une grande satisfaction sur l\u2019ensemble, de nos encadrants, des \u00e9ducateurs et de nos \u00e9quipes de jeunes. Toutes nos \u00e9quipes sont pass\u00e9s dans des championnats r\u00e9gionaux plus difficiles avec les m\u00eames \u00e9quipes que celle de la N3. C\u2019est le niveau sup\u00e9rieur avec des d\u00e9placements&#8230; On est dans l\u2019attente pour savoir \u00e0 quel niveau nos \u00e9quipes joueront la saison prochaine mais nous ne devons pas oublier qu\u2019on est dans une ville de 7000 habitants et que l\u2019on affronte des \u00e9quipes comme Dijon, Auxerre, Besan\u00e7on, Sochaux\u2026 des agglos bien plus importantes que nous avec des viviers et potentiels sup\u00e9rieurs&#8230; Il faut qu&rsquo;on soit plus malins. \u00bb<\/p>\n\n\n\n<p><strong><strong><strong>La section des f\u00e9minines et aussi en pleine progression ! Preuve en est avec Camille Marmillot et Kelya Figueira qui sont parties au DFCO et \u00e0 l\u2019OL et qui font parti du gotha du foot f\u00e9minin ! Notre formation est en plein essor<\/strong><\/strong>&#8230;<\/strong><br>BC : \u00ab Il y a eu une belle progression de nos \u00e9quipes f\u00e9minines et c\u2019est vrai qu\u2019on revient de loin. Il y a quelques ann\u00e9es, on avait presque pas de f\u00e9minines sur Gueugnon et aujourd\u2019hui on a&nbsp;une f\u00e9minisation qui progresse d\u2019ann\u00e9es en ann\u00e9es. L\u2019\u00e9quipe d\u2019Alexandre Lavigne booste le sujet avec des \u00e9ducateurs et des dirigeants qui connaissent&nbsp;bien le terrain et m\u00e8nent leurs actions avec beaucoup de ma\u00eetrise&#8230; Et on en voit les r\u00e9sultats aujourd\u2019hui. C\u2019est une fiert\u00e9 de voir 2 de nos f\u00e9minines qui jouent d\u00e9sormais au DFCO et \u00e0 l\u2019OL apr\u00e8s \u00eatre pass\u00e9e par Gueugnon. Cela ne peut que donner l\u2019envie aux filles de rejoindre le FCG avec nos \u00e9ducateurs et encadrants labellis\u00e9s. Car oui, l&rsquo;\u00e9cole de foot de Gueugnon est d\u00e9sormais un tremplin pour les footballeuses aussi. \u00bb<\/p>\n\n\n\n<div style=\"height:50px\" aria-hidden=\"true\" class=\"wp-block-spacer\"><\/div>\n\n\n\n<h3 class=\"wp-block-heading has-text-align-center\">L&rsquo;ARBITRAGE <\/h3>\n\n\n\n<p><strong>Qu&rsquo;en est-il du <strong>dossier de l\u2019arbitrage qui avait un certain temps pos\u00e9 probl\u00e8me ?<\/strong><\/strong><br>BC : \u00ab On n&rsquo;avait plus de difficult\u00e9 depuis quelques ann\u00e9es et on a su \u00eatre vigilant cette saison encore sur ce sujet technique afin d\u2019avoir le nombre d\u2019arbitres n\u00e9cessaire et avoir droit aux mutations (ndlr : 6 arbitres obligatoires pour 6 mutations) et ne pas subir de sanctions. Les raisons de la perte d\u2019arbitres ? Elle est due \u00e0 ceux qui changent de club ou \u00e0 ceux qui ont  tout simplement arr\u00eat\u00e9 l\u2019arbitrage&#8230; <\/p>\n\n\n\n<p>Oui, on a peut \u00eatre \u00e9t\u00e9 un peu moins vigilant derni\u00e8rement car on pensait avoir de la marge mais l\u00e0, on a besoin de reformer des jeunes et aussi des joueurs qui peuvent \u00eatre amen\u00e9 \u00e0 arbitrer&#8230; On a actuellement un jeune qui a fait la formation et qui a besoin encore de 1 match ou 2 pour pouvoir officier. On sait aussi qu\u2019\u00eatre arbitre aujourd\u2019hui c\u2019est tr\u00e8s difficile&#8230; On le voit m\u00eame \u00e0 haut niveau, c\u2019est compliqu\u00e9 m\u00eame avec la VAR ! Aujourd\u2019hui \u00eatre arbitre c\u2019est presque un sacerdoce et m\u00eame si on essaye de valoriser nos arbitres, on peut comprendre que ce soit de plus en plus compliqu\u00e9. On peut aussi regretter que certaines r\u00e8gles pour devenir arbitre ou continuer de l&rsquo;\u00eatre n&rsquo;encourage pas non plus nos jeunes&#8230; \u00bb<\/p>\n\n\n\n<div style=\"height:50px\" aria-hidden=\"true\" class=\"wp-block-spacer\"><\/div>\n\n\n\n<h3 class=\"wp-block-heading has-text-align-center\">L\u2019\u00c9QUIPE SENIORS N3<\/h3>\n\n\n\n<p><strong><strong><strong><strong>Cette saison a \u00e9t\u00e9 compliqu\u00e9e, comme la saison pass\u00e9e d\u2019ailleurs, et on ne s\u2019en est sorti que lors de l\u2019avant dernier match avec une s\u00e9rie in\u00e9dite de 4 victoires cons\u00e9cutives&#8230; Comment avez-vous v\u00e9cu cela ? <\/strong><\/strong><\/strong><\/strong><br>BC : \u00ab Effectivement cela fait 2 ans o\u00f9 c\u2019est tr\u00e8s compliqu\u00e9. On avait annonc\u00e9 au d\u00e9but de saison que celle-ci serait encore plus compliqu\u00e9e avec encore ces descentes en s\u00e9rie de 4 \u00e9quipes. On n\u2019a pas perdu notre ambition d&rsquo;il y a encore 4 ou 5 ans de monter en N2 mais il se trouve que depuis 2 ans, on assiste \u00e0 la refonte des championnats nationaux et je crois que tous les clubs se sentent confront\u00e9s \u00e0 cette nouvelle donne&#8230; Elle bouleverse tout ce que l\u2019on a mis en place et c&rsquo;est pour cela qu&rsquo;on avait annonc\u00e9 clairement l\u2019objectif du maintien, c\u2019\u00e9tait la priorit\u00e9. <br>Apr\u00e8s le match contre Cuiseaux-Louhans, c&rsquo;\u00e9tait tr\u00e8s difficile et on se demandait comment on allait pouvoir rebondir parce que ce match l\u00e0, on n\u2019aurait pas du le perdre et on nous a vol\u00e9 ce match. A ce moment-l\u00e0 pour s\u2019en sortir, il fallait alors gagner au moins 3 matchs voir 4 matchs \u00e0 5 journ\u00e9es de la fin. Les joueurs \u00e9taient sortis particuli\u00e8rement abattus de cette d\u00e9faite et il fallait savoir rebondir. Je tiens \u00e0 f\u00e9liciter aussi bien les joueurs et&nbsp;plus particuli\u00e8rement le staff pour avoir su remotiver l&rsquo;effectif avec pour cons\u00e9quence cette s\u00e9rie de 4 victoires&nbsp;: \u00e0 Cosne invaincu \u00e0 domicile, contre Jura Dolois une \u00e9quipe tr\u00e8s en vue, Moulins Yzeure chose pas ais\u00e9e pour une \u00e9quipe qui avait laiss\u00e9 tr\u00e8s peu de points \u00e0 domicile, avant de finalement gagner le match contre Vesoul&#8230; <br>Je dis bravo au staff et aux joueurs qui ont su rebondir et avoir cet \u00e9tat d\u2019esprit pour assurer cette s\u00e9rie de 4 victoires&#8230; Ces derniers matchs ont d\u00e9montr\u00e9 beaucoup de qualit\u00e9s pour cette \u00e9quipe et peut \u00eatre beaucoup de regrets car si on avait en capacit\u00e9 de faire ces matchs&#8230; Au final, je crois que l&rsquo;on a eu beaucoup de malchance cette saison et beaucoup de la r\u00e9ussite en fin de saison. Je pense que notre \u00e9quipe cette saison avait sa place en milieu de classement.<br>Et tout cela va \u00eatre encore vrai la saison prochaine o\u00f9 on nous annonce encore 4 descentes avec des clubs comme le Racing Besan\u00e7on, l&rsquo;UF M\u00e2con, Auxerre B&#8230; Cela sera encore extr\u00eamement compliqu\u00e9 et l\u00e0 encore on fera du mieux possible avec nos joueurs. \u00bb&nbsp;<\/p>\n\n\n\n<p><strong>La confiance envers le staff et la direction sportive a donc \u00e9t\u00e9 maintenue ?<\/strong><br>BC : \u00ab Je sais qu&rsquo;on peut nous reprocher d&rsquo;\u00eatre conservateur sur le staff en disant que Philippe est entra\u00eeneur depuis tr\u00e8s longtemps et qu&rsquo;aujourd&rsquo;hui on aurait peut \u00eatre besoin de passer \u00e0 autres choses. Moi je consid\u00e8re que Philippe et son staff ont su maintenir cette \u00e9quipe en N3 depuis 2 ans dans un contexte extr\u00eamement difficile et que c&rsquo;est un exploit dans une ville comme Gueugnon quand on voit les clubs adverses et leurs moyens tr\u00e8s important. Un maintien acquis difficilement mais de belle mani\u00e8re ! Et quand on voit les ann\u00e9es \u00e0 venir, on a besoin de sp\u00e9cialistes de la N3, on a besoin d&rsquo;un entra\u00eeneur qui conna\u00eet ce championnat et qui conna\u00eet bien le club, et qui mieux que Philippe et son staff ? On doit leur faire confiance. \u00bb<\/p>\n\n\n\n<div style=\"height:40px\" aria-hidden=\"true\" class=\"wp-block-spacer\"><\/div>\n\n\n\n<h3 class=\"wp-block-heading has-text-align-center\">LA DNCG<\/h3>\n\n\n\n<p><strong>O\u00f9 en est-on avec la DNCG qui contr\u00f4le tous les clubs nationaux ?<\/strong><br>BC : \u00ab On a pass\u00e9 une premi\u00e8re \u00e9tape il y a quelques mois o\u00f9 l&rsquo;on a eu le feu vert&nbsp;de la DNCG sans aucune restriction. On va passer tr\u00e8s bient\u00f4t \u00e0 la DNCG comme tous les autres clubs nationaux \u00e0 Paris (<a href=\"https:\/\/www.fcgueugnon.fr\/site\/communique-officiel-le-fc-gueugnon-valide-son-passage-devant-la-dncg-2\/10913\">ndlr: Passage valid\u00e9 depuis l&rsquo;interview !<\/a>). <br>Ce qu\u2019on veut c\u2019est que le club soit serein financi\u00e8rement et qu\u2019on puisse pr\u00e9senter des comptes \u00e0 l\u2019\u00e9quilibre. Je n\u2019ai aucune inqui\u00e9tude car, on a un bilan qui est positif ce qui n\u2019est pas le cas de nombre de clubs de N1, N2 ou N3 o\u00f9 l&rsquo;on va sur des rep\u00eachages, des clubs qui ne repartirons pas ou descendrons parce que pour certains ont voulu vivre au dessus de leurs moyens !<br>Nous, on s\u2019est maintenu sportivement sans compter sur d&rsquo;autres clubs qui seraient r\u00e9trograd\u00e9s&#8230; C\u2019est une fiert\u00e9 pour moi depuis que j\u2019ai cette pr\u00e9sidence que l&rsquo;on soit toujours pass\u00e9 sans aucun probl\u00e8me. \u00bb<\/p>\n\n\n\n<p class=\"has-text-align-left\"><strong><strong>On entend parfois dire autour de nous qu\u2019il faudrait prioriser la N3 qui est la locomotive en terme de budget. Quelle sera votre politique cette saison ? <\/strong><\/strong><br>BC : \u00ab C\u2019est un discours que j\u2019entends aussi&#8230; Cette ann\u00e9e on a un budget global qui sera l\u00e9g\u00e8rement \u00e0 la baisse, comme dans beaucoup d\u2019autre clubs. Toutefois, le budget pour la N3 ne sera pas \u00e0 la baisse&#8230; Cela veut dire que l\u2019on priorise la N3 sans pour autant bien s\u00fbr n\u00e9gliger nos \u00e9quipes de jeunes qui sont aussi importantes pour le club. J\u2019esp\u00e8re pour l\u2019ann\u00e9e prochaine que peut \u00eatre on commencera \u00e0 voir certains 18 ans frapper \u00e0 la porte de notre \u00e9quipe espoirs et pourquoi pas de notre \u00e9quipe premi\u00e8re. Ces \u00e9quipes l\u00e0 ne manqueront pas de moyens mais compte tenu du durcissement de ce championnat de National 3, on est oblig\u00e9 de tenir compte de cela. \u00bb<\/p>\n\n\n\n<div style=\"height:40px\" aria-hidden=\"true\" class=\"wp-block-spacer\"><\/div>\n\n\n\n<h3 class=\"wp-block-heading has-text-align-center\">RECRUTEMENT <\/h3>\n\n\n\n<p><strong><strong><strong>Je suppose qu\u2019actuellement les entretiens sont d\u00e9j\u00e0 en cours avec les joueurs&nbsp;? O\u00f9 en est notre barom\u00e8tre entre les d\u00e9parts et les arriv\u00e9es<\/strong><\/strong> ?<\/strong> <br>BC : \u00ab Actuellement, notre directeur sportif Richard Trivino s\u2019occupe de ce recrutement. Certains joueurs ne resteront pas, on souhaite en conserver certains, on est en discussion actuellement avec de nouveaux joueurs. Il y a encore un certain nombre de joueurs d\u2019une ann\u00e9e sur l\u2019autre parfois sur lequel&nbsp;on se trompe entre ceux qui disent vouloir partir et ne partent pas ou ceux qui disent vouloir rester et qui en fin de compte ne restent pas&#8230; Aujourd\u2019hui il est encore trop t\u00f4t pour avoir un curseur. On fait le maximum dans le raisonnable pour les conserver ceux que l\u2019on souhaite garder. \u00bb<\/p>\n\n\n\n<p><strong>Un cas particulier&nbsp;peut \u00eatre avec Seydou Diarra qui nous a \u00e9t\u00e9 pr\u00eat\u00e9 par Clermont ? <\/strong><br>BC : \u00ab C\u2019est un cas particulier qui n&rsquo;est pas r\u00e9solu pour l\u2019instant. Seydou souhaiterait rester chez nous sauf que Clermont souhaite aussi le r\u00e9cup\u00e9rer. C\u2019est un joueur qui nous a beaucoup apport\u00e9 depuis qu\u2019il nous a rejoint en Janvier. Bien s\u00fbr qu\u2019on a envie de le garder mais maintenant, cela ne d\u00e9pend pas que de nous. On fera tout pour avoir une belle \u00e9quipe la saison prochaine, une \u00e9quipe comp\u00e9titive avec l&rsquo;espoir de donner beaucoup de joie \u00e0 tous ceux qui suivent le FCG ! Qu\u2019ils nous fassent confiance pour la saison prochaine.&nbsp;\u00bb<\/p>\n\n\n\n<div class=\"wp-block-buttons is-content-justification-center is-layout-flex wp-container-core-buttons-is-layout-16018d1d wp-block-buttons-is-layout-flex\">\n<div class=\"wp-block-button is-style-shadow\"><a class=\"wp-block-button__link has-text-align-center wp-element-button\" href=\"https:\/\/www.fcgueugnon.fr\/site\/tag\/mercato-2024\">L&rsquo;actu Mercato !<\/a><\/div>\n<\/div>\n\n\n\n<div style=\"height:25px\" aria-hidden=\"true\" class=\"wp-block-spacer\"><\/div>\n\n\n\n<div style=\"height:25px\" aria-hidden=\"true\" class=\"wp-block-spacer\"><\/div>\n\n\n\n<blockquote class=\"wp-block-quote is-layout-flow wp-block-quote-is-layout-flow\">\n<p class=\"has-text-align-center has-medium-font-size\"><em>Merci Piero et merci Pr\u00e9sident ! <br><\/em><\/p>\n<\/blockquote>\n\n\n\n<div style=\"height:100px\" aria-hidden=\"true\" class=\"wp-block-spacer\"><\/div>\n\n\n\n<p><em>Retrouvez \u00e9galement l&rsquo;interview en podcast \u00e0 \u00e9couter ci-dessous <\/em><\/p>\n\n\n\n<figure class=\"wp-block-audio\"><audio controls src=\"https:\/\/www.fcgueugnon.fr\/site\/wp-content\/uploads\/2024\/06\/Total-Foot-du-06-juin-2024.mp3\"><\/audio><\/figure>\n","protected":false},"excerpt":{"rendered":"<p>Nouvelle interview exclusive de notre Pr\u00e9sident Bernard Canard qui dresse le bilan de la saison 2023-2024 et partage les perspectives pour l&rsquo;avenir du club. Avec des d\u00e9fis et des r\u00e9ussites, le FCG continue de se positionner comme un acteur incontournable du football r\u00e9gional. Piero : Encore une saison accomplie pour le FCG qui reste positionn\u00e9 &#8230; <\/p>\n<p class=\"read-more-container\"><a title=\"[Interview] Le bilan et perspectives avec le Pr\u00e9sident Bernard Canard\" class=\"read-more button\" href=\"https:\/\/www.fcgueugnon.fr\/site\/interview-le-bilan-et-perspectives-avec-le-president-bernard-canard\/10968#more-10968\" aria-label=\"Plus sur [Interview] Le bilan et perspectives avec le Pr\u00e9sident Bernard Canard\">Lire la suite<\/a><\/p>\n","protected":false},"author":1,"featured_media":10974,"comment_status":"closed","ping_status":"closed","sticky":false,"template":"","format":"standard","meta":{"footnotes":""},"categories":[4,55,62],"tags":[11],"class_list":["post-10968","post","type-post","status-publish","format-standard","has-post-thumbnail","hentry","category-news","category-news-2023-2024","category-news-2024-2025","tag-interview","infinite-scroll-item","generate-columns","tablet-grid-50","mobile-grid-100","grid-parent","grid-25"],"yoast_head":"<!-- This site is optimized with the Yoast SEO plugin v26.6 - https:\/\/yoast.com\/wordpress\/plugins\/seo\/ -->\n<title>[Interview] Le bilan et perspectives avec le Pr\u00e9sident Bernard Canard &#8226; FOOTBALL CLUB GUEUGNON<\/title>\n<meta name=\"robots\" content=\"index, follow, max-snippet:-1, max-image-preview:large, max-video-preview:-1\" \/>\n<link rel=\"canonical\" href=\"https:\/\/www.fcgueugnon.fr\/site\/interview-le-bilan-et-perspectives-avec-le-president-bernard-canard\/10968\" \/>\n<meta property=\"og:locale\" content=\"fr_FR\" \/>\n<meta property=\"og:type\" content=\"article\" \/>\n<meta property=\"og:title\" content=\"[Interview] Le bilan et perspectives avec le Pr\u00e9sident Bernard Canard &#8226; FOOTBALL CLUB GUEUGNON\" \/>\n<meta property=\"og:description\" content=\"Nouvelle interview exclusive de notre Pr\u00e9sident Bernard Canard qui dresse le bilan de la saison 2023-2024 et partage les perspectives pour l&rsquo;avenir du club. Avec des d\u00e9fis et des r\u00e9ussites, le FCG continue de se positionner comme un acteur incontournable du football r\u00e9gional. Piero : Encore une saison accomplie pour le FCG qui reste positionn\u00e9 ... Lire la suite\" \/>\n<meta property=\"og:url\" content=\"https:\/\/www.fcgueugnon.fr\/site\/interview-le-bilan-et-perspectives-avec-le-president-bernard-canard\/10968\" \/>\n<meta property=\"og:site_name\" content=\"FOOTBALL CLUB GUEUGNON\" \/>\n<meta property=\"article:publisher\" content=\"http:\/\/facebook.com\/FCGueugnon\" \/>\n<meta property=\"article:published_time\" content=\"2024-06-08T16:00:00+00:00\" \/>\n<meta property=\"article:modified_time\" content=\"2024-09-06T08:14:14+00:00\" \/>\n<meta property=\"og:image\" content=\"https:\/\/www.fcgueugnon.fr\/site\/wp-content\/uploads\/2024\/06\/Bernard-CANARD-FC-Gueugnon-3-scaled.jpg\" \/>\n\t<meta property=\"og:image:width\" content=\"2560\" \/>\n\t<meta property=\"og:image:height\" content=\"1707\" \/>\n\t<meta property=\"og:image:type\" content=\"image\/jpeg\" \/>\n<meta name=\"author\" content=\"FC Gueugnon\" \/>\n<meta name=\"twitter:card\" content=\"summary_large_image\" \/>\n<meta name=\"twitter:creator\" content=\"@FCGueugnon_off\" \/>\n<meta name=\"twitter:site\" content=\"@FCGueugnon_off\" \/>\n<meta name=\"twitter:label1\" content=\"\u00c9crit par\" \/>\n\t<meta name=\"twitter:data1\" content=\"FC Gueugnon\" \/>\n\t<meta name=\"twitter:label2\" content=\"Dur\u00e9e de lecture estim\u00e9e\" \/>\n\t<meta name=\"twitter:data2\" content=\"15 minutes\" \/>\n<script type=\"application\/ld+json\" class=\"yoast-schema-graph\">{\"@context\":\"https:\/\/schema.org\",\"@graph\":[{\"@type\":\"Article\",\"@id\":\"https:\/\/www.fcgueugnon.fr\/site\/interview-le-bilan-et-perspectives-avec-le-president-bernard-canard\/10968#article\",\"isPartOf\":{\"@id\":\"https:\/\/www.fcgueugnon.fr\/site\/interview-le-bilan-et-perspectives-avec-le-president-bernard-canard\/10968\"},\"author\":{\"name\":\"FC Gueugnon\",\"@id\":\"https:\/\/www.fcgueugnon.fr\/site\/#\/schema\/person\/f6444fbdd35fa731ee974c03508738fb\"},\"headline\":\"[Interview] Le bilan et perspectives avec le Pr\u00e9sident Bernard Canard\",\"datePublished\":\"2024-06-08T16:00:00+00:00\",\"dateModified\":\"2024-09-06T08:14:14+00:00\",\"mainEntityOfPage\":{\"@id\":\"https:\/\/www.fcgueugnon.fr\/site\/interview-le-bilan-et-perspectives-avec-le-president-bernard-canard\/10968\"},\"wordCount\":3110,\"publisher\":{\"@id\":\"https:\/\/www.fcgueugnon.fr\/site\/#organization\"},\"image\":{\"@id\":\"https:\/\/www.fcgueugnon.fr\/site\/interview-le-bilan-et-perspectives-avec-le-president-bernard-canard\/10968#primaryimage\"},\"thumbnailUrl\":\"https:\/\/www.fcgueugnon.fr\/site\/wp-content\/uploads\/2024\/06\/Bernard-CANARD-FC-Gueugnon-3-scaled.jpg\",\"keywords\":[\"Interview\"],\"articleSection\":[\"News\",\"News 2023\/2024\",\"News 2024\/2025\"],\"inLanguage\":\"fr-FR\"},{\"@type\":\"WebPage\",\"@id\":\"https:\/\/www.fcgueugnon.fr\/site\/interview-le-bilan-et-perspectives-avec-le-president-bernard-canard\/10968\",\"url\":\"https:\/\/www.fcgueugnon.fr\/site\/interview-le-bilan-et-perspectives-avec-le-president-bernard-canard\/10968\",\"name\":\"[Interview] Le bilan et perspectives avec le Pr\u00e9sident Bernard Canard &#8226; FOOTBALL CLUB GUEUGNON\",\"isPartOf\":{\"@id\":\"https:\/\/www.fcgueugnon.fr\/site\/#website\"},\"primaryImageOfPage\":{\"@id\":\"https:\/\/www.fcgueugnon.fr\/site\/interview-le-bilan-et-perspectives-avec-le-president-bernard-canard\/10968#primaryimage\"},\"image\":{\"@id\":\"https:\/\/www.fcgueugnon.fr\/site\/interview-le-bilan-et-perspectives-avec-le-president-bernard-canard\/10968#primaryimage\"},\"thumbnailUrl\":\"https:\/\/www.fcgueugnon.fr\/site\/wp-content\/uploads\/2024\/06\/Bernard-CANARD-FC-Gueugnon-3-scaled.jpg\",\"datePublished\":\"2024-06-08T16:00:00+00:00\",\"dateModified\":\"2024-09-06T08:14:14+00:00\",\"breadcrumb\":{\"@id\":\"https:\/\/www.fcgueugnon.fr\/site\/interview-le-bilan-et-perspectives-avec-le-president-bernard-canard\/10968#breadcrumb\"},\"inLanguage\":\"fr-FR\",\"potentialAction\":[{\"@type\":\"ReadAction\",\"target\":[\"https:\/\/www.fcgueugnon.fr\/site\/interview-le-bilan-et-perspectives-avec-le-president-bernard-canard\/10968\"]}]},{\"@type\":\"ImageObject\",\"inLanguage\":\"fr-FR\",\"@id\":\"https:\/\/www.fcgueugnon.fr\/site\/interview-le-bilan-et-perspectives-avec-le-president-bernard-canard\/10968#primaryimage\",\"url\":\"https:\/\/www.fcgueugnon.fr\/site\/wp-content\/uploads\/2024\/06\/Bernard-CANARD-FC-Gueugnon-3-scaled.jpg\",\"contentUrl\":\"https:\/\/www.fcgueugnon.fr\/site\/wp-content\/uploads\/2024\/06\/Bernard-CANARD-FC-Gueugnon-3-scaled.jpg\",\"width\":2560,\"height\":1707},{\"@type\":\"BreadcrumbList\",\"@id\":\"https:\/\/www.fcgueugnon.fr\/site\/interview-le-bilan-et-perspectives-avec-le-president-bernard-canard\/10968#breadcrumb\",\"itemListElement\":[{\"@type\":\"ListItem\",\"position\":1,\"name\":\"Accueil\",\"item\":\"https:\/\/www.fcgueugnon.fr\/site\/\"},{\"@type\":\"ListItem\",\"position\":2,\"name\":\"[Interview] Le bilan et perspectives avec le Pr\u00e9sident Bernard Canard\"}]},{\"@type\":\"WebSite\",\"@id\":\"https:\/\/www.fcgueugnon.fr\/site\/#website\",\"url\":\"https:\/\/www.fcgueugnon.fr\/site\/\",\"name\":\"FOOTBALL CLUB GUEUGNON\",\"description\":\"Le Site Officiel des Forgerons\",\"publisher\":{\"@id\":\"https:\/\/www.fcgueugnon.fr\/site\/#organization\"},\"potentialAction\":[{\"@type\":\"SearchAction\",\"target\":{\"@type\":\"EntryPoint\",\"urlTemplate\":\"https:\/\/www.fcgueugnon.fr\/site\/?s={search_term_string}\"},\"query-input\":{\"@type\":\"PropertyValueSpecification\",\"valueRequired\":true,\"valueName\":\"search_term_string\"}}],\"inLanguage\":\"fr-FR\"},{\"@type\":\"Organization\",\"@id\":\"https:\/\/www.fcgueugnon.fr\/site\/#organization\",\"name\":\"FC Gueugnon\",\"url\":\"https:\/\/www.fcgueugnon.fr\/site\/\",\"logo\":{\"@type\":\"ImageObject\",\"inLanguage\":\"fr-FR\",\"@id\":\"https:\/\/www.fcgueugnon.fr\/site\/#\/schema\/logo\/image\/\",\"url\":\"https:\/\/www.fcgueugnon.fr\/site\/wp-content\/uploads\/2022\/07\/cropped-Logo-FCGUEUGNON-low-350x350-1.png\",\"contentUrl\":\"https:\/\/www.fcgueugnon.fr\/site\/wp-content\/uploads\/2022\/07\/cropped-Logo-FCGUEUGNON-low-350x350-1.png\",\"width\":350,\"height\":350,\"caption\":\"FC Gueugnon\"},\"image\":{\"@id\":\"https:\/\/www.fcgueugnon.fr\/site\/#\/schema\/logo\/image\/\"},\"sameAs\":[\"http:\/\/facebook.com\/FCGueugnon\",\"https:\/\/x.com\/FCGueugnon_off\",\"https:\/\/www.instagram.com\/fcgueugnon\/\",\"https:\/\/www.linkedin.com\/company\/football-club-de-gueugnon\/\",\"https:\/\/www.youtube.com\/user\/FCGueugnonnais\",\"https:\/\/fr.wikipedia.org\/wiki\/Football_Club_de_Gueugnon\"]},{\"@type\":\"Person\",\"@id\":\"https:\/\/www.fcgueugnon.fr\/site\/#\/schema\/person\/f6444fbdd35fa731ee974c03508738fb\",\"name\":\"FC Gueugnon\",\"sameAs\":[\"https:\/\/www.fcgueugnon.fr\/site\"],\"url\":\"https:\/\/www.fcgueugnon.fr\/site\/author\/admin-antho\"}]}<\/script>\n<!-- \/ Yoast SEO plugin. -->","yoast_head_json":{"title":"[Interview] Le bilan et perspectives avec le Pr\u00e9sident Bernard Canard &#8226; FOOTBALL CLUB GUEUGNON","robots":{"index":"index","follow":"follow","max-snippet":"max-snippet:-1","max-image-preview":"max-image-preview:large","max-video-preview":"max-video-preview:-1"},"canonical":"https:\/\/www.fcgueugnon.fr\/site\/interview-le-bilan-et-perspectives-avec-le-president-bernard-canard\/10968","og_locale":"fr_FR","og_type":"article","og_title":"[Interview] Le bilan et perspectives avec le Pr\u00e9sident Bernard Canard &#8226; FOOTBALL CLUB GUEUGNON","og_description":"Nouvelle interview exclusive de notre Pr\u00e9sident Bernard Canard qui dresse le bilan de la saison 2023-2024 et partage les perspectives pour l&rsquo;avenir du club. Avec des d\u00e9fis et des r\u00e9ussites, le FCG continue de se positionner comme un acteur incontournable du football r\u00e9gional. Piero : Encore une saison accomplie pour le FCG qui reste positionn\u00e9 ... Lire la suite","og_url":"https:\/\/www.fcgueugnon.fr\/site\/interview-le-bilan-et-perspectives-avec-le-president-bernard-canard\/10968","og_site_name":"FOOTBALL CLUB GUEUGNON","article_publisher":"http:\/\/facebook.com\/FCGueugnon","article_published_time":"2024-06-08T16:00:00+00:00","article_modified_time":"2024-09-06T08:14:14+00:00","og_image":[{"width":2560,"height":1707,"url":"https:\/\/www.fcgueugnon.fr\/site\/wp-content\/uploads\/2024\/06\/Bernard-CANARD-FC-Gueugnon-3-scaled.jpg","type":"image\/jpeg"}],"author":"FC Gueugnon","twitter_card":"summary_large_image","twitter_creator":"@FCGueugnon_off","twitter_site":"@FCGueugnon_off","twitter_misc":{"\u00c9crit par":"FC Gueugnon","Dur\u00e9e de lecture estim\u00e9e":"15 minutes"},"schema":{"@context":"https:\/\/schema.org","@graph":[{"@type":"Article","@id":"https:\/\/www.fcgueugnon.fr\/site\/interview-le-bilan-et-perspectives-avec-le-president-bernard-canard\/10968#article","isPartOf":{"@id":"https:\/\/www.fcgueugnon.fr\/site\/interview-le-bilan-et-perspectives-avec-le-president-bernard-canard\/10968"},"author":{"name":"FC Gueugnon","@id":"https:\/\/www.fcgueugnon.fr\/site\/#\/schema\/person\/f6444fbdd35fa731ee974c03508738fb"},"headline":"[Interview] Le bilan et perspectives avec le Pr\u00e9sident Bernard Canard","datePublished":"2024-06-08T16:00:00+00:00","dateModified":"2024-09-06T08:14:14+00:00","mainEntityOfPage":{"@id":"https:\/\/www.fcgueugnon.fr\/site\/interview-le-bilan-et-perspectives-avec-le-president-bernard-canard\/10968"},"wordCount":3110,"publisher":{"@id":"https:\/\/www.fcgueugnon.fr\/site\/#organization"},"image":{"@id":"https:\/\/www.fcgueugnon.fr\/site\/interview-le-bilan-et-perspectives-avec-le-president-bernard-canard\/10968#primaryimage"},"thumbnailUrl":"https:\/\/www.fcgueugnon.fr\/site\/wp-content\/uploads\/2024\/06\/Bernard-CANARD-FC-Gueugnon-3-scaled.jpg","keywords":["Interview"],"articleSection":["News","News 2023\/2024","News 2024\/2025"],"inLanguage":"fr-FR"},{"@type":"WebPage","@id":"https:\/\/www.fcgueugnon.fr\/site\/interview-le-bilan-et-perspectives-avec-le-president-bernard-canard\/10968","url":"https:\/\/www.fcgueugnon.fr\/site\/interview-le-bilan-et-perspectives-avec-le-president-bernard-canard\/10968","name":"[Interview] Le bilan et perspectives avec le Pr\u00e9sident Bernard Canard &#8226; FOOTBALL CLUB GUEUGNON","isPartOf":{"@id":"https:\/\/www.fcgueugnon.fr\/site\/#website"},"primaryImageOfPage":{"@id":"https:\/\/www.fcgueugnon.fr\/site\/interview-le-bilan-et-perspectives-avec-le-president-bernard-canard\/10968#primaryimage"},"image":{"@id":"https:\/\/www.fcgueugnon.fr\/site\/interview-le-bilan-et-perspectives-avec-le-president-bernard-canard\/10968#primaryimage"},"thumbnailUrl":"https:\/\/www.fcgueugnon.fr\/site\/wp-content\/uploads\/2024\/06\/Bernard-CANARD-FC-Gueugnon-3-scaled.jpg","datePublished":"2024-06-08T16:00:00+00:00","dateModified":"2024-09-06T08:14:14+00:00","breadcrumb":{"@id":"https:\/\/www.fcgueugnon.fr\/site\/interview-le-bilan-et-perspectives-avec-le-president-bernard-canard\/10968#breadcrumb"},"inLanguage":"fr-FR","potentialAction":[{"@type":"ReadAction","target":["https:\/\/www.fcgueugnon.fr\/site\/interview-le-bilan-et-perspectives-avec-le-president-bernard-canard\/10968"]}]},{"@type":"ImageObject","inLanguage":"fr-FR","@id":"https:\/\/www.fcgueugnon.fr\/site\/interview-le-bilan-et-perspectives-avec-le-president-bernard-canard\/10968#primaryimage","url":"https:\/\/www.fcgueugnon.fr\/site\/wp-content\/uploads\/2024\/06\/Bernard-CANARD-FC-Gueugnon-3-scaled.jpg","contentUrl":"https:\/\/www.fcgueugnon.fr\/site\/wp-content\/uploads\/2024\/06\/Bernard-CANARD-FC-Gueugnon-3-scaled.jpg","width":2560,"height":1707},{"@type":"BreadcrumbList","@id":"https:\/\/www.fcgueugnon.fr\/site\/interview-le-bilan-et-perspectives-avec-le-president-bernard-canard\/10968#breadcrumb","itemListElement":[{"@type":"ListItem","position":1,"name":"Accueil","item":"https:\/\/www.fcgueugnon.fr\/site\/"},{"@type":"ListItem","position":2,"name":"[Interview] Le bilan et perspectives avec le Pr\u00e9sident Bernard Canard"}]},{"@type":"WebSite","@id":"https:\/\/www.fcgueugnon.fr\/site\/#website","url":"https:\/\/www.fcgueugnon.fr\/site\/","name":"FOOTBALL CLUB GUEUGNON","description":"Le Site Officiel des Forgerons","publisher":{"@id":"https:\/\/www.fcgueugnon.fr\/site\/#organization"},"potentialAction":[{"@type":"SearchAction","target":{"@type":"EntryPoint","urlTemplate":"https:\/\/www.fcgueugnon.fr\/site\/?s={search_term_string}"},"query-input":{"@type":"PropertyValueSpecification","valueRequired":true,"valueName":"search_term_string"}}],"inLanguage":"fr-FR"},{"@type":"Organization","@id":"https:\/\/www.fcgueugnon.fr\/site\/#organization","name":"FC Gueugnon","url":"https:\/\/www.fcgueugnon.fr\/site\/","logo":{"@type":"ImageObject","inLanguage":"fr-FR","@id":"https:\/\/www.fcgueugnon.fr\/site\/#\/schema\/logo\/image\/","url":"https:\/\/www.fcgueugnon.fr\/site\/wp-content\/uploads\/2022\/07\/cropped-Logo-FCGUEUGNON-low-350x350-1.png","contentUrl":"https:\/\/www.fcgueugnon.fr\/site\/wp-content\/uploads\/2022\/07\/cropped-Logo-FCGUEUGNON-low-350x350-1.png","width":350,"height":350,"caption":"FC Gueugnon"},"image":{"@id":"https:\/\/www.fcgueugnon.fr\/site\/#\/schema\/logo\/image\/"},"sameAs":["http:\/\/facebook.com\/FCGueugnon","https:\/\/x.com\/FCGueugnon_off","https:\/\/www.instagram.com\/fcgueugnon\/","https:\/\/www.linkedin.com\/company\/football-club-de-gueugnon\/","https:\/\/www.youtube.com\/user\/FCGueugnonnais","https:\/\/fr.wikipedia.org\/wiki\/Football_Club_de_Gueugnon"]},{"@type":"Person","@id":"https:\/\/www.fcgueugnon.fr\/site\/#\/schema\/person\/f6444fbdd35fa731ee974c03508738fb","name":"FC Gueugnon","sameAs":["https:\/\/www.fcgueugnon.fr\/site"],"url":"https:\/\/www.fcgueugnon.fr\/site\/author\/admin-antho"}]}},"rttpg_featured_image_url":{"full":["https:\/\/www.fcgueugnon.fr\/site\/wp-content\/uploads\/2024\/06\/Bernard-CANARD-FC-Gueugnon-3-scaled.jpg",2560,1707,false],"landscape":["https:\/\/www.fcgueugnon.fr\/site\/wp-content\/uploads\/2024\/06\/Bernard-CANARD-FC-Gueugnon-3-scaled.jpg",2560,1707,false],"portraits":["https:\/\/www.fcgueugnon.fr\/site\/wp-content\/uploads\/2024\/06\/Bernard-CANARD-FC-Gueugnon-3-scaled.jpg",2560,1707,false],"thumbnail":["https:\/\/www.fcgueugnon.fr\/site\/wp-content\/uploads\/2024\/06\/Bernard-CANARD-FC-Gueugnon-3-150x150.jpg",150,150,true],"medium":["https:\/\/www.fcgueugnon.fr\/site\/wp-content\/uploads\/2024\/06\/Bernard-CANARD-FC-Gueugnon-3-400x267.jpg",400,267,true],"large":["https:\/\/www.fcgueugnon.fr\/site\/wp-content\/uploads\/2024\/06\/Bernard-CANARD-FC-Gueugnon-3-1024x683.jpg",1024,683,true],"1536x1536":["https:\/\/www.fcgueugnon.fr\/site\/wp-content\/uploads\/2024\/06\/Bernard-CANARD-FC-Gueugnon-3-1536x1024.jpg",1536,1024,true],"2048x2048":["https:\/\/www.fcgueugnon.fr\/site\/wp-content\/uploads\/2024\/06\/Bernard-CANARD-FC-Gueugnon-3-2048x1365.jpg",2048,1365,true]},"rttpg_author":{"display_name":"FC Gueugnon","author_link":"https:\/\/www.fcgueugnon.fr\/site\/author\/admin-antho"},"rttpg_comment":0,"rttpg_category":"<a href=\"https:\/\/www.fcgueugnon.fr\/site\/category\/news\" rel=\"category tag\">News<\/a> <a href=\"https:\/\/www.fcgueugnon.fr\/site\/category\/news\/news-2023-2024\" rel=\"category tag\">News 2023\/2024<\/a> <a href=\"https:\/\/www.fcgueugnon.fr\/site\/category\/news\/news-2024-2025\" rel=\"category tag\">News 2024\/2025<\/a>","rttpg_excerpt":"Nouvelle interview exclusive de notre Pr\u00e9sident Bernard Canard qui dresse le bilan de la saison 2023-2024 et partage les perspectives pour l&rsquo;avenir du club. Avec des d\u00e9fis et des r\u00e9ussites, le FCG continue de se positionner comme un acteur incontournable du football r\u00e9gional. Piero : Encore une saison accomplie pour le FCG qui reste positionn\u00e9\u2026","_links":{"self":[{"href":"https:\/\/www.fcgueugnon.fr\/site\/wp-json\/wp\/v2\/posts\/10968","targetHints":{"allow":["GET"]}}],"collection":[{"href":"https:\/\/www.fcgueugnon.fr\/site\/wp-json\/wp\/v2\/posts"}],"about":[{"href":"https:\/\/www.fcgueugnon.fr\/site\/wp-json\/wp\/v2\/types\/post"}],"author":[{"embeddable":true,"href":"https:\/\/www.fcgueugnon.fr\/site\/wp-json\/wp\/v2\/users\/1"}],"replies":[{"embeddable":true,"href":"https:\/\/www.fcgueugnon.fr\/site\/wp-json\/wp\/v2\/comments?post=10968"}],"version-history":[{"count":8,"href":"https:\/\/www.fcgueugnon.fr\/site\/wp-json\/wp\/v2\/posts\/10968\/revisions"}],"predecessor-version":[{"id":10982,"href":"https:\/\/www.fcgueugnon.fr\/site\/wp-json\/wp\/v2\/posts\/10968\/revisions\/10982"}],"wp:featuredmedia":[{"embeddable":true,"href":"https:\/\/www.fcgueugnon.fr\/site\/wp-json\/wp\/v2\/media\/10974"}],"wp:attachment":[{"href":"https:\/\/www.fcgueugnon.fr\/site\/wp-json\/wp\/v2\/media?parent=10968"}],"wp:term":[{"taxonomy":"category","embeddable":true,"href":"https:\/\/www.fcgueugnon.fr\/site\/wp-json\/wp\/v2\/categories?post=10968"},{"taxonomy":"post_tag","embeddable":true,"href":"https:\/\/www.fcgueugnon.fr\/site\/wp-json\/wp\/v2\/tags?post=10968"}],"curies":[{"name":"wp","href":"https:\/\/api.w.org\/{rel}","templated":true}]}}