{"id":10130,"date":"2024-05-27T11:50:00","date_gmt":"2024-05-27T09:50:00","guid":{"rendered":"https:\/\/www.fcgueugnon.fr\/site\/?p=10130"},"modified":"2024-05-27T09:38:37","modified_gmt":"2024-05-27T07:38:37","slug":"agenda-resultats-du-week-end-du-25-et-26-mai-2024","status":"publish","type":"post","link":"https:\/\/www.fcgueugnon.fr\/site\/agenda-resultats-du-week-end-du-25-et-26-mai-2024\/10130","title":{"rendered":"[Agenda] R\u00e9sultats du week-end du 25 et 26 Mai 2024"},"content":{"rendered":"\n<h2 class=\"wp-block-heading\">Les r\u00e9sultats de nos forgerons ce week-end :<\/h2>\n\n\n\n<div style=\"height:35px\" aria-hidden=\"true\" class=\"wp-block-spacer\"><\/div>\n\n\n\n<h3 class=\"wp-block-heading blue-underline-title\">S\u00e9niors<\/h3>\n\n\n\n<p><em>Groupe Espoirs \u2013 R1 J21 <em style=\"box-sizing: inherit; white-space-collapse: collapse;\"><img decoding=\"async\" draggable=\"false\" role=\"img\" class=\"emoji\" style=\"box-sizing: inherit;\" src=\"https:\/\/s.w.org\/images\/core\/emoji\/15.0.3\/svg\/2705.svg\" alt=\"\u2705\"><\/em><br><\/em>Dimanche 26\/05 \u2013 15h00<br><strong>US Saint-Sernin \/ FC Gueugnon<\/strong> : 0-1<\/p>\n\n\n\n<div style=\"height:19px\" aria-hidden=\"true\" class=\"wp-block-spacer\"><\/div>\n\n\n<div class=\"wp-block-image\">\n<figure class=\"aligncenter size-full is-resized\"><img loading=\"lazy\" decoding=\"async\" width=\"960\" height=\"720\" src=\"https:\/\/www.fcgueugnon.fr\/site\/wp-content\/uploads\/2024\/05\/R1.jpg\" alt=\"\" class=\"wp-image-10150\" style=\"width:547px;height:auto\" srcset=\"https:\/\/www.fcgueugnon.fr\/site\/wp-content\/uploads\/2024\/05\/R1.jpg 960w, https:\/\/www.fcgueugnon.fr\/site\/wp-content\/uploads\/2024\/05\/R1-400x300.jpg 400w, https:\/\/www.fcgueugnon.fr\/site\/wp-content\/uploads\/2024\/05\/R1-768x576.jpg 768w, https:\/\/www.fcgueugnon.fr\/site\/wp-content\/uploads\/2024\/05\/R1-600x450.jpg 600w\" sizes=\"auto, (max-width: 960px) 100vw, 960px\" \/><\/figure>\n<\/div>\n\n\n<div style=\"height:19px\" aria-hidden=\"true\" class=\"wp-block-spacer\"><\/div>\n\n\n\n<h3 class=\"wp-block-heading blue-underline-title\">Sport E.Leclerc Acad\u00e9mie<br><\/h3>\n\n\n\n<p><em>U18 \u2013 R1 J25<\/em> <img decoding=\"async\" draggable=\"false\" role=\"img\" class=\"emoji\" style=\"box-sizing: inherit;\" src=\"https:\/\/s.w.org\/images\/core\/emoji\/15.0.3\/svg\/2705.svg\" alt=\"\u2705\"><br>Samedi 25\/05 &#8211; 14h00<br><strong>FC Gueugnon \/ JS Cr\u00e8ches<\/strong> : 4-2<\/p>\n\n\n\n<div style=\"height:19px\" aria-hidden=\"true\" class=\"wp-block-spacer\"><\/div>\n\n\n<div class=\"wp-block-image\">\n<figure class=\"aligncenter size-large is-resized\"><img loading=\"lazy\" decoding=\"async\" width=\"1024\" height=\"768\" src=\"https:\/\/www.fcgueugnon.fr\/site\/wp-content\/uploads\/2024\/05\/U18-R1-1024x768.jpg\" alt=\"\" class=\"wp-image-10152\" style=\"width:600px;height:auto\" srcset=\"https:\/\/www.fcgueugnon.fr\/site\/wp-content\/uploads\/2024\/05\/U18-R1-1024x768.jpg 1024w, https:\/\/www.fcgueugnon.fr\/site\/wp-content\/uploads\/2024\/05\/U18-R1-400x300.jpg 400w, https:\/\/www.fcgueugnon.fr\/site\/wp-content\/uploads\/2024\/05\/U18-R1-768x576.jpg 768w, https:\/\/www.fcgueugnon.fr\/site\/wp-content\/uploads\/2024\/05\/U18-R1-600x450.jpg 600w, https:\/\/www.fcgueugnon.fr\/site\/wp-content\/uploads\/2024\/05\/U18-R1.jpg 1170w\" sizes=\"auto, (max-width: 1024px) 100vw, 1024px\" \/><\/figure>\n<\/div>\n\n\n<div style=\"height:19px\" aria-hidden=\"true\" class=\"wp-block-spacer\"><\/div>\n\n\n\n<p><em>U16 \u2013 R1 J21<\/em> <em style=\"box-sizing: inherit; white-space-collapse: collapse;\"><img decoding=\"async\" draggable=\"false\" role=\"img\" class=\"emoji\" style=\"box-sizing: inherit;\" src=\"https:\/\/s.w.org\/images\/core\/emoji\/15.0.3\/svg\/2705.svg\" alt=\"\u2705\"><\/em><br>Samedi 25\/05 &#8211; 15h30<br><strong>FC Gueugnon \/ AJ Auxerre<\/strong> : 3-0<\/p>\n\n\n\n<div style=\"height:19px\" aria-hidden=\"true\" class=\"wp-block-spacer\"><\/div>\n\n\n\n<figure class=\"wp-block-gallery has-nested-images columns-default is-cropped wp-block-gallery-1 is-layout-flex wp-block-gallery-is-layout-flex\">\n<figure class=\"wp-block-image size-large\"><img loading=\"lazy\" decoding=\"async\" width=\"1024\" height=\"768\" data-id=\"10131\" src=\"https:\/\/www.fcgueugnon.fr\/site\/wp-content\/uploads\/2024\/05\/U16-AJA-1024x768.jpeg\" alt=\"\" class=\"wp-image-10131\" srcset=\"https:\/\/www.fcgueugnon.fr\/site\/wp-content\/uploads\/2024\/05\/U16-AJA-1024x768.jpeg 1024w, https:\/\/www.fcgueugnon.fr\/site\/wp-content\/uploads\/2024\/05\/U16-AJA-400x300.jpeg 400w, https:\/\/www.fcgueugnon.fr\/site\/wp-content\/uploads\/2024\/05\/U16-AJA-768x576.jpeg 768w, https:\/\/www.fcgueugnon.fr\/site\/wp-content\/uploads\/2024\/05\/U16-AJA-1536x1152.jpeg 1536w, https:\/\/www.fcgueugnon.fr\/site\/wp-content\/uploads\/2024\/05\/U16-AJA-1320x990.jpeg 1320w, https:\/\/www.fcgueugnon.fr\/site\/wp-content\/uploads\/2024\/05\/U16-AJA-600x450.jpeg 600w, https:\/\/www.fcgueugnon.fr\/site\/wp-content\/uploads\/2024\/05\/U16-AJA.jpeg 1600w\" sizes=\"auto, (max-width: 1024px) 100vw, 1024px\" \/><\/figure>\n\n\n\n<figure class=\"wp-block-image size-large\"><img loading=\"lazy\" decoding=\"async\" width=\"1024\" height=\"639\" data-id=\"10133\" src=\"https:\/\/www.fcgueugnon.fr\/site\/wp-content\/uploads\/2024\/05\/U16-AJA-1-1024x639.jpeg\" alt=\"\" class=\"wp-image-10133\" srcset=\"https:\/\/www.fcgueugnon.fr\/site\/wp-content\/uploads\/2024\/05\/U16-AJA-1-1024x639.jpeg 1024w, https:\/\/www.fcgueugnon.fr\/site\/wp-content\/uploads\/2024\/05\/U16-AJA-1-400x250.jpeg 400w, https:\/\/www.fcgueugnon.fr\/site\/wp-content\/uploads\/2024\/05\/U16-AJA-1-768x479.jpeg 768w, https:\/\/www.fcgueugnon.fr\/site\/wp-content\/uploads\/2024\/05\/U16-AJA-1-1536x958.jpeg 1536w, https:\/\/www.fcgueugnon.fr\/site\/wp-content\/uploads\/2024\/05\/U16-AJA-1-1320x823.jpeg 1320w, https:\/\/www.fcgueugnon.fr\/site\/wp-content\/uploads\/2024\/05\/U16-AJA-1-600x374.jpeg 600w, https:\/\/www.fcgueugnon.fr\/site\/wp-content\/uploads\/2024\/05\/U16-AJA-1.jpeg 1600w\" sizes=\"auto, (max-width: 1024px) 100vw, 1024px\" \/><\/figure>\n\n\n\n<figure class=\"wp-block-image size-large\"><img loading=\"lazy\" decoding=\"async\" width=\"1024\" height=\"645\" data-id=\"10132\" src=\"https:\/\/www.fcgueugnon.fr\/site\/wp-content\/uploads\/2024\/05\/U16-AJA-2-1024x645.jpeg\" alt=\"\" class=\"wp-image-10132\" srcset=\"https:\/\/www.fcgueugnon.fr\/site\/wp-content\/uploads\/2024\/05\/U16-AJA-2-1024x645.jpeg 1024w, https:\/\/www.fcgueugnon.fr\/site\/wp-content\/uploads\/2024\/05\/U16-AJA-2-400x252.jpeg 400w, https:\/\/www.fcgueugnon.fr\/site\/wp-content\/uploads\/2024\/05\/U16-AJA-2-768x484.jpeg 768w, https:\/\/www.fcgueugnon.fr\/site\/wp-content\/uploads\/2024\/05\/U16-AJA-2-1536x968.jpeg 1536w, https:\/\/www.fcgueugnon.fr\/site\/wp-content\/uploads\/2024\/05\/U16-AJA-2-1320x832.jpeg 1320w, https:\/\/www.fcgueugnon.fr\/site\/wp-content\/uploads\/2024\/05\/U16-AJA-2-600x378.jpeg 600w, https:\/\/www.fcgueugnon.fr\/site\/wp-content\/uploads\/2024\/05\/U16-AJA-2.jpeg 1600w\" sizes=\"auto, (max-width: 1024px) 100vw, 1024px\" \/><\/figure>\n<\/figure>\n\n\n\n<div style=\"height:19px\" aria-hidden=\"true\" class=\"wp-block-spacer\"><\/div>\n\n\n\n<p><em>U15 \u2013 R1 J9<\/em> <strong>\u2611<\/strong><br>Samedi 25\/05 &#8211; 16h00<br><strong>FC Gueugnon \/ Jura Dolois<\/strong> : 0-1<\/p>\n\n\n\n<p class=\"has-contrast-color has-text-color has-link-color wp-elements-658bc42825be54c9e5a908f56cbc7ef9\"><em>U15F<\/em> <em style=\"box-sizing: inherit; white-space-collapse: collapse;\"><img decoding=\"async\" draggable=\"false\" role=\"img\" class=\"emoji\" style=\"box-sizing: inherit;\" src=\"https:\/\/s.w.org\/images\/core\/emoji\/15.0.3\/svg\/2705.svg\" alt=\"\u2705\"><\/em><br>Samedi 25\/05 &#8211; 13h30<br><strong>Crit\u00e9rium \u00e0 Louhans<\/strong><\/p>\n\n\n\n<div style=\"height:19px\" aria-hidden=\"true\" class=\"wp-block-spacer\"><\/div>\n\n\n<div class=\"wp-block-image\">\n<figure class=\"aligncenter size-large is-resized\"><img loading=\"lazy\" decoding=\"async\" width=\"1024\" height=\"768\" src=\"https:\/\/www.fcgueugnon.fr\/site\/wp-content\/uploads\/2024\/05\/U15F-2-1024x768.jpeg\" alt=\"\" class=\"wp-image-10134\" style=\"width:628px;height:auto\" srcset=\"https:\/\/www.fcgueugnon.fr\/site\/wp-content\/uploads\/2024\/05\/U15F-2-1024x768.jpeg 1024w, https:\/\/www.fcgueugnon.fr\/site\/wp-content\/uploads\/2024\/05\/U15F-2-400x300.jpeg 400w, https:\/\/www.fcgueugnon.fr\/site\/wp-content\/uploads\/2024\/05\/U15F-2-768x576.jpeg 768w, https:\/\/www.fcgueugnon.fr\/site\/wp-content\/uploads\/2024\/05\/U15F-2-1536x1152.jpeg 1536w, https:\/\/www.fcgueugnon.fr\/site\/wp-content\/uploads\/2024\/05\/U15F-2-1320x990.jpeg 1320w, https:\/\/www.fcgueugnon.fr\/site\/wp-content\/uploads\/2024\/05\/U15F-2-600x450.jpeg 600w, https:\/\/www.fcgueugnon.fr\/site\/wp-content\/uploads\/2024\/05\/U15F-2.jpeg 1600w\" sizes=\"auto, (max-width: 1024px) 100vw, 1024px\" \/><\/figure>\n<\/div>\n\n\n<div style=\"height:19px\" aria-hidden=\"true\" class=\"wp-block-spacer\"><\/div>\n\n\n\n<p><em>U14 \u2013 R1 J9<\/em> \ud83d\udfe7<br>Samedi 25\/05 &#8211; 12h00<br><strong>ASPTT Dijon \/ FC Gueugnon<\/strong> : 3-3<\/p>\n\n\n\n<p class=\"has-contrast-color has-text-color has-link-color wp-elements-ea32840db146c2e9faad559c7e409f5f\"><em>U13 \u2013 Inter Secteurs<\/em><strong> \u2611<br><\/strong>Samedi 25\/05 &#8211; J9 &#8211; 15h00 <br><strong>FC Gueugnon \/ ASPTT Dijon<\/strong> : 1-5<\/p>\n\n\n\n<p class=\"has-contrast-color has-text-color has-link-color wp-elements-a5e2c20cd754df2b8d87b47b598dac72\"><em>U13 \u2013 D2<\/em> <em style=\"box-sizing: inherit; white-space-collapse: collapse;\"><img decoding=\"async\" draggable=\"false\" role=\"img\" class=\"emoji\" style=\"box-sizing: inherit;\" src=\"https:\/\/s.w.org\/images\/core\/emoji\/15.0.3\/svg\/2705.svg\" alt=\"\u2705\"><\/em><br>Samedi 25\/05 &#8211; 11h00<br><strong>FC Gueugnon \/ FC Montceau Bourgogne<\/strong> : 3-1<\/p>\n\n\n\n<div style=\"height:19px\" aria-hidden=\"true\" class=\"wp-block-spacer\"><\/div>\n\n\n<div class=\"wp-block-image\">\n<figure class=\"aligncenter size-large is-resized\"><img loading=\"lazy\" decoding=\"async\" width=\"1024\" height=\"768\" src=\"https:\/\/www.fcgueugnon.fr\/site\/wp-content\/uploads\/2024\/05\/U13-D2-MONTCEAU-1024x768.jpeg\" alt=\"\" class=\"wp-image-10135\" style=\"width:672px;height:auto\" srcset=\"https:\/\/www.fcgueugnon.fr\/site\/wp-content\/uploads\/2024\/05\/U13-D2-MONTCEAU-1024x768.jpeg 1024w, https:\/\/www.fcgueugnon.fr\/site\/wp-content\/uploads\/2024\/05\/U13-D2-MONTCEAU-400x300.jpeg 400w, https:\/\/www.fcgueugnon.fr\/site\/wp-content\/uploads\/2024\/05\/U13-D2-MONTCEAU-768x576.jpeg 768w, https:\/\/www.fcgueugnon.fr\/site\/wp-content\/uploads\/2024\/05\/U13-D2-MONTCEAU-1536x1152.jpeg 1536w, https:\/\/www.fcgueugnon.fr\/site\/wp-content\/uploads\/2024\/05\/U13-D2-MONTCEAU-1320x990.jpeg 1320w, https:\/\/www.fcgueugnon.fr\/site\/wp-content\/uploads\/2024\/05\/U13-D2-MONTCEAU-600x450.jpeg 600w, https:\/\/www.fcgueugnon.fr\/site\/wp-content\/uploads\/2024\/05\/U13-D2-MONTCEAU.jpeg 2048w\" sizes=\"auto, (max-width: 1024px) 100vw, 1024px\" \/><\/figure>\n<\/div>\n\n\n<div style=\"height:19px\" aria-hidden=\"true\" class=\"wp-block-spacer\"><\/div>\n\n\n\n<p class=\"has-contrast-color has-text-color has-link-color wp-elements-fd6c145a9b079d131fa3b32b0b846ac7\"><em>U11 \u2013 Niveau 1<\/em><br>Samedi 25\/05 &#8211; 13h30<br><strong>FC Gueugnon \/ Paray Foot<\/strong> <\/p>\n\n\n\n<p class=\"has-contrast-color has-text-color has-link-color wp-elements-e65372ab88dd370c43a609111aa19c22\"><em>U11 \u2013 Niveau 2<\/em><br>Samedi 25\/05 &#8211; 13h30<br><strong>FC Gueugnon \/ RCGM Saint-Agnan<\/strong><\/p>\n\n\n\n<div style=\"height:19px\" aria-hidden=\"true\" class=\"wp-block-spacer\"><\/div>\n\n\n<div class=\"wp-block-image\">\n<figure class=\"aligncenter size-large is-resized\"><img loading=\"lazy\" decoding=\"async\" width=\"771\" height=\"1024\" src=\"https:\/\/www.fcgueugnon.fr\/site\/wp-content\/uploads\/2024\/05\/U10-U11-RCGM-771x1024.jpeg\" alt=\"\" class=\"wp-image-10136\" style=\"width:519px;height:auto\" srcset=\"https:\/\/www.fcgueugnon.fr\/site\/wp-content\/uploads\/2024\/05\/U10-U11-RCGM-771x1024.jpeg 771w, https:\/\/www.fcgueugnon.fr\/site\/wp-content\/uploads\/2024\/05\/U10-U11-RCGM-301x400.jpeg 301w, https:\/\/www.fcgueugnon.fr\/site\/wp-content\/uploads\/2024\/05\/U10-U11-RCGM-768x1021.jpeg 768w, https:\/\/www.fcgueugnon.fr\/site\/wp-content\/uploads\/2024\/05\/U10-U11-RCGM-1156x1536.jpeg 1156w, https:\/\/www.fcgueugnon.fr\/site\/wp-content\/uploads\/2024\/05\/U10-U11-RCGM-600x797.jpeg 600w, https:\/\/www.fcgueugnon.fr\/site\/wp-content\/uploads\/2024\/05\/U10-U11-RCGM.jpeg 1204w\" sizes=\"auto, (max-width: 771px) 100vw, 771px\" \/><\/figure>\n<\/div>\n\n\n<div style=\"height:19px\" aria-hidden=\"true\" class=\"wp-block-spacer\"><\/div>\n\n\n\n<p><em>U11 \u2013 Niveau 3<\/em><br>Samedi 25\/05 &#8211; 13h30<br><strong>CS Orions \/ FC Gueugnon<\/strong><\/p>\n\n\n\n<p class=\"has-contrast-color has-text-color has-link-color wp-elements-823a1ffc836bd787b279ff0ba067dad8\"><em>U08-U09<\/em><br>Samedi 25\/05 -10h30<br><strong>Plateau \u00e0 Bourbon-Lancy<\/strong><\/p>\n\n\n\n<p class=\"has-contrast-color has-text-color has-link-color wp-elements-4cefb08bfb55fc9ae014957492025a19\"><em>U09F<\/em><br>Samedi 25\/05 -10h00<br><strong>Plateau \u00e0 Champforgeuil<\/strong><\/p>\n\n\n\n<div style=\"height:19px\" aria-hidden=\"true\" class=\"wp-block-spacer\"><\/div>\n\n\n<div class=\"wp-block-image\">\n<figure class=\"aligncenter size-large is-resized\"><img loading=\"lazy\" decoding=\"async\" width=\"768\" height=\"1024\" src=\"https:\/\/www.fcgueugnon.fr\/site\/wp-content\/uploads\/2024\/05\/U9F-BLANZY-768x1024.jpeg\" alt=\"\" class=\"wp-image-10148\" style=\"width:516px;height:auto\" srcset=\"https:\/\/www.fcgueugnon.fr\/site\/wp-content\/uploads\/2024\/05\/U9F-BLANZY-768x1024.jpeg 768w, https:\/\/www.fcgueugnon.fr\/site\/wp-content\/uploads\/2024\/05\/U9F-BLANZY-300x400.jpeg 300w, https:\/\/www.fcgueugnon.fr\/site\/wp-content\/uploads\/2024\/05\/U9F-BLANZY-1152x1536.jpeg 1152w, https:\/\/www.fcgueugnon.fr\/site\/wp-content\/uploads\/2024\/05\/U9F-BLANZY-600x800.jpeg 600w, https:\/\/www.fcgueugnon.fr\/site\/wp-content\/uploads\/2024\/05\/U9F-BLANZY.jpeg 1200w\" sizes=\"auto, (max-width: 768px) 100vw, 768px\" \/><\/figure>\n<\/div>\n\n\n<div style=\"height:19px\" aria-hidden=\"true\" class=\"wp-block-spacer\"><\/div>\n\n\n\n<p class=\"has-contrast-color has-text-color has-link-color wp-elements-eb6b17e360c3c5f46c61ccf932c18a38\"><em>U06-U07<\/em><br>Samedi 25\/05 -10h30<br><strong>Plateau \u00e0 Gueugnon<\/strong><\/p>\n\n\n\n<div style=\"height:19px\" aria-hidden=\"true\" class=\"wp-block-spacer\"><\/div>\n\n\n\n<figure class=\"wp-block-gallery has-nested-images columns-default is-cropped wp-block-gallery-2 is-layout-flex wp-block-gallery-is-layout-flex\">\n<figure class=\"wp-block-image size-large\"><img loading=\"lazy\" decoding=\"async\" width=\"1024\" height=\"768\" data-id=\"10137\" src=\"https:\/\/www.fcgueugnon.fr\/site\/wp-content\/uploads\/2024\/05\/U6-U7-GUEUGNON-2-1024x768.jpeg\" alt=\"\" class=\"wp-image-10137\" srcset=\"https:\/\/www.fcgueugnon.fr\/site\/wp-content\/uploads\/2024\/05\/U6-U7-GUEUGNON-2-1024x768.jpeg 1024w, https:\/\/www.fcgueugnon.fr\/site\/wp-content\/uploads\/2024\/05\/U6-U7-GUEUGNON-2-400x300.jpeg 400w, https:\/\/www.fcgueugnon.fr\/site\/wp-content\/uploads\/2024\/05\/U6-U7-GUEUGNON-2-768x576.jpeg 768w, https:\/\/www.fcgueugnon.fr\/site\/wp-content\/uploads\/2024\/05\/U6-U7-GUEUGNON-2-1536x1152.jpeg 1536w, https:\/\/www.fcgueugnon.fr\/site\/wp-content\/uploads\/2024\/05\/U6-U7-GUEUGNON-2-1320x990.jpeg 1320w, https:\/\/www.fcgueugnon.fr\/site\/wp-content\/uploads\/2024\/05\/U6-U7-GUEUGNON-2-600x450.jpeg 600w, https:\/\/www.fcgueugnon.fr\/site\/wp-content\/uploads\/2024\/05\/U6-U7-GUEUGNON-2.jpeg 1600w\" sizes=\"auto, (max-width: 1024px) 100vw, 1024px\" \/><\/figure>\n\n\n\n<figure class=\"wp-block-image size-large\"><img loading=\"lazy\" decoding=\"async\" width=\"1024\" height=\"768\" data-id=\"10142\" src=\"https:\/\/www.fcgueugnon.fr\/site\/wp-content\/uploads\/2024\/05\/U6-U7-GUEUGNON-5-1024x768.jpeg\" alt=\"\" class=\"wp-image-10142\" srcset=\"https:\/\/www.fcgueugnon.fr\/site\/wp-content\/uploads\/2024\/05\/U6-U7-GUEUGNON-5-1024x768.jpeg 1024w, https:\/\/www.fcgueugnon.fr\/site\/wp-content\/uploads\/2024\/05\/U6-U7-GUEUGNON-5-400x300.jpeg 400w, https:\/\/www.fcgueugnon.fr\/site\/wp-content\/uploads\/2024\/05\/U6-U7-GUEUGNON-5-768x576.jpeg 768w, https:\/\/www.fcgueugnon.fr\/site\/wp-content\/uploads\/2024\/05\/U6-U7-GUEUGNON-5-1536x1152.jpeg 1536w, https:\/\/www.fcgueugnon.fr\/site\/wp-content\/uploads\/2024\/05\/U6-U7-GUEUGNON-5-1320x990.jpeg 1320w, https:\/\/www.fcgueugnon.fr\/site\/wp-content\/uploads\/2024\/05\/U6-U7-GUEUGNON-5-600x450.jpeg 600w, https:\/\/www.fcgueugnon.fr\/site\/wp-content\/uploads\/2024\/05\/U6-U7-GUEUGNON-5.jpeg 1600w\" sizes=\"auto, (max-width: 1024px) 100vw, 1024px\" \/><\/figure>\n\n\n\n<figure class=\"wp-block-image size-large\"><img loading=\"lazy\" decoding=\"async\" width=\"1024\" height=\"768\" data-id=\"10139\" src=\"https:\/\/www.fcgueugnon.fr\/site\/wp-content\/uploads\/2024\/05\/U6-U7-GUEUGNON-4-1024x768.jpeg\" alt=\"\" class=\"wp-image-10139\" srcset=\"https:\/\/www.fcgueugnon.fr\/site\/wp-content\/uploads\/2024\/05\/U6-U7-GUEUGNON-4-1024x768.jpeg 1024w, https:\/\/www.fcgueugnon.fr\/site\/wp-content\/uploads\/2024\/05\/U6-U7-GUEUGNON-4-400x300.jpeg 400w, https:\/\/www.fcgueugnon.fr\/site\/wp-content\/uploads\/2024\/05\/U6-U7-GUEUGNON-4-768x576.jpeg 768w, https:\/\/www.fcgueugnon.fr\/site\/wp-content\/uploads\/2024\/05\/U6-U7-GUEUGNON-4-1536x1152.jpeg 1536w, https:\/\/www.fcgueugnon.fr\/site\/wp-content\/uploads\/2024\/05\/U6-U7-GUEUGNON-4-1320x990.jpeg 1320w, https:\/\/www.fcgueugnon.fr\/site\/wp-content\/uploads\/2024\/05\/U6-U7-GUEUGNON-4-600x450.jpeg 600w, https:\/\/www.fcgueugnon.fr\/site\/wp-content\/uploads\/2024\/05\/U6-U7-GUEUGNON-4.jpeg 1600w\" sizes=\"auto, (max-width: 1024px) 100vw, 1024px\" \/><\/figure>\n\n\n\n<figure class=\"wp-block-image size-large\"><img loading=\"lazy\" decoding=\"async\" width=\"1024\" height=\"768\" data-id=\"10144\" src=\"https:\/\/www.fcgueugnon.fr\/site\/wp-content\/uploads\/2024\/05\/U6-U7-GUEUGNON-1-1024x768.jpeg\" alt=\"\" class=\"wp-image-10144\" srcset=\"https:\/\/www.fcgueugnon.fr\/site\/wp-content\/uploads\/2024\/05\/U6-U7-GUEUGNON-1-1024x768.jpeg 1024w, https:\/\/www.fcgueugnon.fr\/site\/wp-content\/uploads\/2024\/05\/U6-U7-GUEUGNON-1-400x300.jpeg 400w, https:\/\/www.fcgueugnon.fr\/site\/wp-content\/uploads\/2024\/05\/U6-U7-GUEUGNON-1-768x576.jpeg 768w, https:\/\/www.fcgueugnon.fr\/site\/wp-content\/uploads\/2024\/05\/U6-U7-GUEUGNON-1-1536x1152.jpeg 1536w, https:\/\/www.fcgueugnon.fr\/site\/wp-content\/uploads\/2024\/05\/U6-U7-GUEUGNON-1-1320x990.jpeg 1320w, https:\/\/www.fcgueugnon.fr\/site\/wp-content\/uploads\/2024\/05\/U6-U7-GUEUGNON-1-600x450.jpeg 600w, https:\/\/www.fcgueugnon.fr\/site\/wp-content\/uploads\/2024\/05\/U6-U7-GUEUGNON-1.jpeg 1600w\" sizes=\"auto, (max-width: 1024px) 100vw, 1024px\" \/><\/figure>\n\n\n\n<figure class=\"wp-block-image size-large\"><img loading=\"lazy\" decoding=\"async\" width=\"1024\" height=\"768\" data-id=\"10140\" src=\"https:\/\/www.fcgueugnon.fr\/site\/wp-content\/uploads\/2024\/05\/U6-U7-GUEUGNON-3-1024x768.jpeg\" alt=\"\" class=\"wp-image-10140\" srcset=\"https:\/\/www.fcgueugnon.fr\/site\/wp-content\/uploads\/2024\/05\/U6-U7-GUEUGNON-3-1024x768.jpeg 1024w, https:\/\/www.fcgueugnon.fr\/site\/wp-content\/uploads\/2024\/05\/U6-U7-GUEUGNON-3-400x300.jpeg 400w, https:\/\/www.fcgueugnon.fr\/site\/wp-content\/uploads\/2024\/05\/U6-U7-GUEUGNON-3-768x576.jpeg 768w, https:\/\/www.fcgueugnon.fr\/site\/wp-content\/uploads\/2024\/05\/U6-U7-GUEUGNON-3-1536x1152.jpeg 1536w, https:\/\/www.fcgueugnon.fr\/site\/wp-content\/uploads\/2024\/05\/U6-U7-GUEUGNON-3-1320x990.jpeg 1320w, https:\/\/www.fcgueugnon.fr\/site\/wp-content\/uploads\/2024\/05\/U6-U7-GUEUGNON-3-600x450.jpeg 600w, https:\/\/www.fcgueugnon.fr\/site\/wp-content\/uploads\/2024\/05\/U6-U7-GUEUGNON-3.jpeg 1600w\" sizes=\"auto, (max-width: 1024px) 100vw, 1024px\" \/><\/figure>\n\n\n\n<figure class=\"wp-block-image size-large\"><img loading=\"lazy\" decoding=\"async\" width=\"1024\" height=\"768\" data-id=\"10143\" src=\"https:\/\/www.fcgueugnon.fr\/site\/wp-content\/uploads\/2024\/05\/U6-U7-GUEUGNON-7-1024x768.jpeg\" alt=\"\" class=\"wp-image-10143\" srcset=\"https:\/\/www.fcgueugnon.fr\/site\/wp-content\/uploads\/2024\/05\/U6-U7-GUEUGNON-7-1024x768.jpeg 1024w, https:\/\/www.fcgueugnon.fr\/site\/wp-content\/uploads\/2024\/05\/U6-U7-GUEUGNON-7-400x300.jpeg 400w, https:\/\/www.fcgueugnon.fr\/site\/wp-content\/uploads\/2024\/05\/U6-U7-GUEUGNON-7-768x576.jpeg 768w, https:\/\/www.fcgueugnon.fr\/site\/wp-content\/uploads\/2024\/05\/U6-U7-GUEUGNON-7-1536x1152.jpeg 1536w, https:\/\/www.fcgueugnon.fr\/site\/wp-content\/uploads\/2024\/05\/U6-U7-GUEUGNON-7-1320x990.jpeg 1320w, https:\/\/www.fcgueugnon.fr\/site\/wp-content\/uploads\/2024\/05\/U6-U7-GUEUGNON-7-600x450.jpeg 600w, https:\/\/www.fcgueugnon.fr\/site\/wp-content\/uploads\/2024\/05\/U6-U7-GUEUGNON-7.jpeg 1600w\" sizes=\"auto, (max-width: 1024px) 100vw, 1024px\" \/><\/figure>\n\n\n\n<figure class=\"wp-block-image size-large\"><img loading=\"lazy\" decoding=\"async\" width=\"1024\" height=\"768\" data-id=\"10138\" src=\"https:\/\/www.fcgueugnon.fr\/site\/wp-content\/uploads\/2024\/05\/U6-U7-GUEUGNON-6-1024x768.jpeg\" alt=\"\" class=\"wp-image-10138\" srcset=\"https:\/\/www.fcgueugnon.fr\/site\/wp-content\/uploads\/2024\/05\/U6-U7-GUEUGNON-6-1024x768.jpeg 1024w, https:\/\/www.fcgueugnon.fr\/site\/wp-content\/uploads\/2024\/05\/U6-U7-GUEUGNON-6-400x300.jpeg 400w, https:\/\/www.fcgueugnon.fr\/site\/wp-content\/uploads\/2024\/05\/U6-U7-GUEUGNON-6-768x576.jpeg 768w, https:\/\/www.fcgueugnon.fr\/site\/wp-content\/uploads\/2024\/05\/U6-U7-GUEUGNON-6-1536x1152.jpeg 1536w, https:\/\/www.fcgueugnon.fr\/site\/wp-content\/uploads\/2024\/05\/U6-U7-GUEUGNON-6-1320x990.jpeg 1320w, https:\/\/www.fcgueugnon.fr\/site\/wp-content\/uploads\/2024\/05\/U6-U7-GUEUGNON-6-600x450.jpeg 600w, https:\/\/www.fcgueugnon.fr\/site\/wp-content\/uploads\/2024\/05\/U6-U7-GUEUGNON-6.jpeg 1600w\" sizes=\"auto, (max-width: 1024px) 100vw, 1024px\" \/><\/figure>\n\n\n\n<figure class=\"wp-block-image size-large\"><img loading=\"lazy\" decoding=\"async\" width=\"1024\" height=\"768\" data-id=\"10141\" src=\"https:\/\/www.fcgueugnon.fr\/site\/wp-content\/uploads\/2024\/05\/U6-U7-GUEUGNON-8-1024x768.jpeg\" alt=\"\" class=\"wp-image-10141\" srcset=\"https:\/\/www.fcgueugnon.fr\/site\/wp-content\/uploads\/2024\/05\/U6-U7-GUEUGNON-8-1024x768.jpeg 1024w, https:\/\/www.fcgueugnon.fr\/site\/wp-content\/uploads\/2024\/05\/U6-U7-GUEUGNON-8-400x300.jpeg 400w, https:\/\/www.fcgueugnon.fr\/site\/wp-content\/uploads\/2024\/05\/U6-U7-GUEUGNON-8-768x576.jpeg 768w, https:\/\/www.fcgueugnon.fr\/site\/wp-content\/uploads\/2024\/05\/U6-U7-GUEUGNON-8-1536x1152.jpeg 1536w, https:\/\/www.fcgueugnon.fr\/site\/wp-content\/uploads\/2024\/05\/U6-U7-GUEUGNON-8-1320x990.jpeg 1320w, https:\/\/www.fcgueugnon.fr\/site\/wp-content\/uploads\/2024\/05\/U6-U7-GUEUGNON-8-600x450.jpeg 600w, https:\/\/www.fcgueugnon.fr\/site\/wp-content\/uploads\/2024\/05\/U6-U7-GUEUGNON-8.jpeg 1600w\" sizes=\"auto, (max-width: 1024px) 100vw, 1024px\" \/><\/figure>\n\n\n\n<figure class=\"wp-block-image size-large\"><img loading=\"lazy\" decoding=\"async\" width=\"1024\" height=\"768\" data-id=\"10146\" src=\"https:\/\/www.fcgueugnon.fr\/site\/wp-content\/uploads\/2024\/05\/U6-U7-GUEUGNON-9-1024x768.jpeg\" alt=\"\" class=\"wp-image-10146\" srcset=\"https:\/\/www.fcgueugnon.fr\/site\/wp-content\/uploads\/2024\/05\/U6-U7-GUEUGNON-9-1024x768.jpeg 1024w, https:\/\/www.fcgueugnon.fr\/site\/wp-content\/uploads\/2024\/05\/U6-U7-GUEUGNON-9-400x300.jpeg 400w, https:\/\/www.fcgueugnon.fr\/site\/wp-content\/uploads\/2024\/05\/U6-U7-GUEUGNON-9-768x576.jpeg 768w, https:\/\/www.fcgueugnon.fr\/site\/wp-content\/uploads\/2024\/05\/U6-U7-GUEUGNON-9-1536x1152.jpeg 1536w, https:\/\/www.fcgueugnon.fr\/site\/wp-content\/uploads\/2024\/05\/U6-U7-GUEUGNON-9-1320x990.jpeg 1320w, https:\/\/www.fcgueugnon.fr\/site\/wp-content\/uploads\/2024\/05\/U6-U7-GUEUGNON-9-600x450.jpeg 600w, https:\/\/www.fcgueugnon.fr\/site\/wp-content\/uploads\/2024\/05\/U6-U7-GUEUGNON-9.jpeg 1600w\" sizes=\"auto, (max-width: 1024px) 100vw, 1024px\" \/><\/figure>\n\n\n\n<figure class=\"wp-block-image size-large\"><img loading=\"lazy\" decoding=\"async\" width=\"1024\" height=\"768\" data-id=\"10145\" src=\"https:\/\/www.fcgueugnon.fr\/site\/wp-content\/uploads\/2024\/05\/U6-U7-GUEUGNON-10-1024x768.jpeg\" alt=\"\" class=\"wp-image-10145\" srcset=\"https:\/\/www.fcgueugnon.fr\/site\/wp-content\/uploads\/2024\/05\/U6-U7-GUEUGNON-10-1024x768.jpeg 1024w, https:\/\/www.fcgueugnon.fr\/site\/wp-content\/uploads\/2024\/05\/U6-U7-GUEUGNON-10-400x300.jpeg 400w, https:\/\/www.fcgueugnon.fr\/site\/wp-content\/uploads\/2024\/05\/U6-U7-GUEUGNON-10-768x576.jpeg 768w, https:\/\/www.fcgueugnon.fr\/site\/wp-content\/uploads\/2024\/05\/U6-U7-GUEUGNON-10-1536x1152.jpeg 1536w, https:\/\/www.fcgueugnon.fr\/site\/wp-content\/uploads\/2024\/05\/U6-U7-GUEUGNON-10-1320x990.jpeg 1320w, https:\/\/www.fcgueugnon.fr\/site\/wp-content\/uploads\/2024\/05\/U6-U7-GUEUGNON-10-600x450.jpeg 600w, https:\/\/www.fcgueugnon.fr\/site\/wp-content\/uploads\/2024\/05\/U6-U7-GUEUGNON-10.jpeg 1600w\" sizes=\"auto, (max-width: 1024px) 100vw, 1024px\" \/><\/figure>\n\n\n\n<figure class=\"wp-block-image size-large\"><img loading=\"lazy\" decoding=\"async\" width=\"1024\" height=\"768\" data-id=\"10147\" src=\"https:\/\/www.fcgueugnon.fr\/site\/wp-content\/uploads\/2024\/05\/U6-U7-GUEUGNON-11-1024x768.jpeg\" alt=\"\" class=\"wp-image-10147\" srcset=\"https:\/\/www.fcgueugnon.fr\/site\/wp-content\/uploads\/2024\/05\/U6-U7-GUEUGNON-11-1024x768.jpeg 1024w, https:\/\/www.fcgueugnon.fr\/site\/wp-content\/uploads\/2024\/05\/U6-U7-GUEUGNON-11-400x300.jpeg 400w, https:\/\/www.fcgueugnon.fr\/site\/wp-content\/uploads\/2024\/05\/U6-U7-GUEUGNON-11-768x576.jpeg 768w, https:\/\/www.fcgueugnon.fr\/site\/wp-content\/uploads\/2024\/05\/U6-U7-GUEUGNON-11-1536x1152.jpeg 1536w, https:\/\/www.fcgueugnon.fr\/site\/wp-content\/uploads\/2024\/05\/U6-U7-GUEUGNON-11-1320x990.jpeg 1320w, https:\/\/www.fcgueugnon.fr\/site\/wp-content\/uploads\/2024\/05\/U6-U7-GUEUGNON-11-600x450.jpeg 600w, https:\/\/www.fcgueugnon.fr\/site\/wp-content\/uploads\/2024\/05\/U6-U7-GUEUGNON-11.jpeg 1600w\" sizes=\"auto, (max-width: 1024px) 100vw, 1024px\" \/><\/figure>\n<\/figure>\n\n\n\n<div style=\"height:15px\" aria-hidden=\"true\" class=\"wp-block-spacer\"><\/div>\n\n\n\n<div style=\"height:15px\" aria-hidden=\"true\" class=\"wp-block-spacer\"><\/div>\n\n\n\n<h3 class=\"wp-block-heading blue-underline-title\">Arbitres<a id=\"\" href=\"https:\/\/footclubs.fff.fr\/extrafoot\/EX_DESIGNATIONS.DesignListe?CL_NO=2968&amp;IN_NO=&amp;CP_NO=&amp;PH_NO=&amp;PJ_DAT_DEB=03\/11\/2023&amp;PJ_DAT_FIN=17\/11\/2023&amp;LC_COD=&amp;CTXT=1&amp;SYMID=%04%24HAB%05IUD%04%24HAB2%05UID%04%24IMGPATH%05\/f2000\/img\/%04USR_NO%05289565%04USR_ORA%05GRICHELET%04%24LGC%051%04UTE_TYP_USR%05G%04PRF_NO%05173%04PRF_GESTION%05CELOP%04MULTIPROF%05O%04%24VIAM%05O%04APP_NOM%05EXTRA%04%24APP%05EXTRA%04CL_COD%05506791%04CL_NO%052968%04CG_NO%0530%04CG_NO_SUP%0551%04CG_NO_LIG%0551%04CS_DAT_DEB%0501\/07\/2023%04CS_DAT_FIN%0530\/06\/2024%04SA_NO%052023%04%24STT%05EXTRA%04%24CKICTXT%05FOOTCLUBS_CONTEXTE%04%24FIFA%05O%04%24ORG%05E%04%24NAV%05FF%04%24MSIE%050%04%24SCR%052%04%24%24TMPC%0520231107095625%04%24AJAX%05O%04%24OS%05Win32%04%24PROCTITRE%05Comp%E9titions%20%3E%20Arbitres%20d%E9sign%E9s%04%24POP%05N%04&amp;STRUCTGRD3=#\"><\/a><\/h3>\n\n\n\n<p style=\"text-decoration:underline\">Samedi 25\/05<\/p>\n\n\n\n<p><strong><strong>Yanis PETILLOT<\/strong><\/strong><br>U15 D2 : Vitry\/Molinet\/Ascl 1 &#8211; Paray U.S.C. 2<\/p>\n\n\n\n<p><strong><strong>Fabrice MUET<\/strong><\/strong><br>U18 D2 : Digoin F.C.A. 21 &#8211; St Serninoise Us 21<\/p>\n\n\n\n<p style=\"text-decoration:underline\">Dimanche 26\/05<\/p>\n\n\n\n<p><strong>Lucas MENAGER <\/strong><br>R3 : Macon Fc 1 &#8211; Cluny U.S. 1<\/p>\n\n\n\n<p><strong><strong>Fabrice MUET<\/strong><\/strong><br>D2 : St Bonnet La Guiche 2 &#8211; Us Charolles 1<\/p>\n\n\n\n<p><strong><strong>Mehdi OTMANI<\/strong><\/strong><br>D2 : Neuvy 2 &#8211; La Roche 1<\/p>\n\n\n\n<div style=\"height:47px\" aria-hidden=\"true\" class=\"wp-block-spacer mb-0\"><\/div>\n\n\n\n<h1 class=\"wp-block-heading has-text-align-center\">#ForgeronFamily<\/h1>\n","protected":false},"excerpt":{"rendered":"<p>Les r\u00e9sultats de nos forgerons ce week-end : S\u00e9niors Groupe Espoirs \u2013 R1 J21 Dimanche 26\/05 \u2013 15h00US Saint-Sernin \/ FC Gueugnon : 0-1 Sport E.Leclerc Acad\u00e9mie U18 \u2013 R1 J25 Samedi 25\/05 &#8211; 14h00FC Gueugnon \/ JS Cr\u00e8ches : 4-2 U16 \u2013 R1 J21 Samedi 25\/05 &#8211; 15h30FC Gueugnon \/ AJ Auxerre : 3-0 &#8230; <\/p>\n<p class=\"read-more-container\"><a title=\"[Agenda] R\u00e9sultats du week-end du 25 et 26 Mai 2024\" class=\"read-more button\" href=\"https:\/\/www.fcgueugnon.fr\/site\/agenda-resultats-du-week-end-du-25-et-26-mai-2024\/10130#more-10130\" aria-label=\"Plus sur [Agenda] R\u00e9sultats du week-end du 25 et 26 Mai 2024\">Lire la suite<\/a><\/p>\n","protected":false},"author":4,"featured_media":6061,"comment_status":"closed","ping_status":"closed","sticky":false,"template":"","format":"standard","meta":{"footnotes":""},"categories":[4,55],"tags":[33,14],"class_list":["post-10130","post","type-post","status-publish","format-standard","has-post-thumbnail","hentry","category-news","category-news-2023-2024","tag-agenda","tag-sport-e-leclerc-academie-jeunes-formation","infinite-scroll-item","generate-columns","tablet-grid-50","mobile-grid-100","grid-parent","grid-25","resize-featured-image"],"yoast_head":"<!-- This site is optimized with the Yoast SEO plugin v26.6 - https:\/\/yoast.com\/wordpress\/plugins\/seo\/ -->\n<title>[Agenda] R\u00e9sultats du week-end du 25 et 26 Mai 2024 &#8226; FOOTBALL CLUB GUEUGNON<\/title>\n<meta name=\"robots\" content=\"index, follow, max-snippet:-1, max-image-preview:large, max-video-preview:-1\" \/>\n<link rel=\"canonical\" href=\"https:\/\/www.fcgueugnon.fr\/site\/agenda-resultats-du-week-end-du-25-et-26-mai-2024\/10130\" \/>\n<meta property=\"og:locale\" content=\"fr_FR\" \/>\n<meta property=\"og:type\" content=\"article\" \/>\n<meta property=\"og:title\" content=\"[Agenda] R\u00e9sultats du week-end du 25 et 26 Mai 2024 &#8226; FOOTBALL CLUB GUEUGNON\" \/>\n<meta property=\"og:description\" content=\"Les r\u00e9sultats de nos forgerons ce week-end : S\u00e9niors Groupe Espoirs \u2013 R1 J21 Dimanche 26\/05 \u2013 15h00US Saint-Sernin \/ FC Gueugnon : 0-1 Sport E.Leclerc Acad\u00e9mie U18 \u2013 R1 J25 Samedi 25\/05 &#8211; 14h00FC Gueugnon \/ JS Cr\u00e8ches : 4-2 U16 \u2013 R1 J21 Samedi 25\/05 &#8211; 15h30FC Gueugnon \/ AJ Auxerre : 3-0 ... Lire la suite\" \/>\n<meta property=\"og:url\" content=\"https:\/\/www.fcgueugnon.fr\/site\/agenda-resultats-du-week-end-du-25-et-26-mai-2024\/10130\" \/>\n<meta property=\"og:site_name\" content=\"FOOTBALL CLUB GUEUGNON\" \/>\n<meta property=\"article:publisher\" content=\"http:\/\/facebook.com\/FCGueugnon\" \/>\n<meta property=\"article:published_time\" content=\"2024-05-27T09:50:00+00:00\" \/>\n<meta property=\"og:image\" content=\"https:\/\/www.fcgueugnon.fr\/site\/wp-content\/uploads\/2023\/09\/resultats-visu.png\" \/>\n\t<meta property=\"og:image:width\" content=\"1564\" \/>\n\t<meta property=\"og:image:height\" content=\"880\" \/>\n\t<meta property=\"og:image:type\" content=\"image\/png\" \/>\n<meta name=\"author\" content=\"FC Gueugnon\" \/>\n<meta name=\"twitter:card\" content=\"summary_large_image\" \/>\n<meta name=\"twitter:creator\" content=\"@FCGueugnon_off\" \/>\n<meta name=\"twitter:site\" content=\"@FCGueugnon_off\" \/>\n<meta name=\"twitter:label1\" content=\"\u00c9crit par\" \/>\n\t<meta name=\"twitter:data1\" content=\"FC Gueugnon\" \/>\n\t<meta name=\"twitter:label2\" content=\"Dur\u00e9e de lecture estim\u00e9e\" \/>\n\t<meta name=\"twitter:data2\" content=\"7 minutes\" \/>\n<script type=\"application\/ld+json\" class=\"yoast-schema-graph\">{\"@context\":\"https:\/\/schema.org\",\"@graph\":[{\"@type\":\"Article\",\"@id\":\"https:\/\/www.fcgueugnon.fr\/site\/agenda-resultats-du-week-end-du-25-et-26-mai-2024\/10130#article\",\"isPartOf\":{\"@id\":\"https:\/\/www.fcgueugnon.fr\/site\/agenda-resultats-du-week-end-du-25-et-26-mai-2024\/10130\"},\"author\":{\"name\":\"FC Gueugnon\",\"@id\":\"https:\/\/www.fcgueugnon.fr\/site\/#\/schema\/person\/6b88acb9354d23e86675fc81c54ed359\"},\"headline\":\"[Agenda] R\u00e9sultats du week-end du 25 et 26 Mai 2024\",\"datePublished\":\"2024-05-27T09:50:00+00:00\",\"mainEntityOfPage\":{\"@id\":\"https:\/\/www.fcgueugnon.fr\/site\/agenda-resultats-du-week-end-du-25-et-26-mai-2024\/10130\"},\"wordCount\":213,\"publisher\":{\"@id\":\"https:\/\/www.fcgueugnon.fr\/site\/#organization\"},\"image\":{\"@id\":\"https:\/\/www.fcgueugnon.fr\/site\/agenda-resultats-du-week-end-du-25-et-26-mai-2024\/10130#primaryimage\"},\"thumbnailUrl\":\"https:\/\/www.fcgueugnon.fr\/site\/wp-content\/uploads\/2023\/09\/resultats-visu.png\",\"keywords\":[\"Agenda\",\"Sport E.Leclerc Acad\u00e9mie : Jeunes \/ Formation\"],\"articleSection\":[\"News\",\"News 2023\/2024\"],\"inLanguage\":\"fr-FR\"},{\"@type\":\"WebPage\",\"@id\":\"https:\/\/www.fcgueugnon.fr\/site\/agenda-resultats-du-week-end-du-25-et-26-mai-2024\/10130\",\"url\":\"https:\/\/www.fcgueugnon.fr\/site\/agenda-resultats-du-week-end-du-25-et-26-mai-2024\/10130\",\"name\":\"[Agenda] R\u00e9sultats du week-end du 25 et 26 Mai 2024 &#8226; FOOTBALL CLUB GUEUGNON\",\"isPartOf\":{\"@id\":\"https:\/\/www.fcgueugnon.fr\/site\/#website\"},\"primaryImageOfPage\":{\"@id\":\"https:\/\/www.fcgueugnon.fr\/site\/agenda-resultats-du-week-end-du-25-et-26-mai-2024\/10130#primaryimage\"},\"image\":{\"@id\":\"https:\/\/www.fcgueugnon.fr\/site\/agenda-resultats-du-week-end-du-25-et-26-mai-2024\/10130#primaryimage\"},\"thumbnailUrl\":\"https:\/\/www.fcgueugnon.fr\/site\/wp-content\/uploads\/2023\/09\/resultats-visu.png\",\"datePublished\":\"2024-05-27T09:50:00+00:00\",\"breadcrumb\":{\"@id\":\"https:\/\/www.fcgueugnon.fr\/site\/agenda-resultats-du-week-end-du-25-et-26-mai-2024\/10130#breadcrumb\"},\"inLanguage\":\"fr-FR\",\"potentialAction\":[{\"@type\":\"ReadAction\",\"target\":[\"https:\/\/www.fcgueugnon.fr\/site\/agenda-resultats-du-week-end-du-25-et-26-mai-2024\/10130\"]}]},{\"@type\":\"ImageObject\",\"inLanguage\":\"fr-FR\",\"@id\":\"https:\/\/www.fcgueugnon.fr\/site\/agenda-resultats-du-week-end-du-25-et-26-mai-2024\/10130#primaryimage\",\"url\":\"https:\/\/www.fcgueugnon.fr\/site\/wp-content\/uploads\/2023\/09\/resultats-visu.png\",\"contentUrl\":\"https:\/\/www.fcgueugnon.fr\/site\/wp-content\/uploads\/2023\/09\/resultats-visu.png\",\"width\":1564,\"height\":880},{\"@type\":\"BreadcrumbList\",\"@id\":\"https:\/\/www.fcgueugnon.fr\/site\/agenda-resultats-du-week-end-du-25-et-26-mai-2024\/10130#breadcrumb\",\"itemListElement\":[{\"@type\":\"ListItem\",\"position\":1,\"name\":\"Accueil\",\"item\":\"https:\/\/www.fcgueugnon.fr\/site\/\"},{\"@type\":\"ListItem\",\"position\":2,\"name\":\"[Agenda] R\u00e9sultats du week-end du 25 et 26 Mai 2024\"}]},{\"@type\":\"WebSite\",\"@id\":\"https:\/\/www.fcgueugnon.fr\/site\/#website\",\"url\":\"https:\/\/www.fcgueugnon.fr\/site\/\",\"name\":\"FOOTBALL CLUB GUEUGNON\",\"description\":\"Le Site Officiel des Forgerons\",\"publisher\":{\"@id\":\"https:\/\/www.fcgueugnon.fr\/site\/#organization\"},\"potentialAction\":[{\"@type\":\"SearchAction\",\"target\":{\"@type\":\"EntryPoint\",\"urlTemplate\":\"https:\/\/www.fcgueugnon.fr\/site\/?s={search_term_string}\"},\"query-input\":{\"@type\":\"PropertyValueSpecification\",\"valueRequired\":true,\"valueName\":\"search_term_string\"}}],\"inLanguage\":\"fr-FR\"},{\"@type\":\"Organization\",\"@id\":\"https:\/\/www.fcgueugnon.fr\/site\/#organization\",\"name\":\"FC Gueugnon\",\"url\":\"https:\/\/www.fcgueugnon.fr\/site\/\",\"logo\":{\"@type\":\"ImageObject\",\"inLanguage\":\"fr-FR\",\"@id\":\"https:\/\/www.fcgueugnon.fr\/site\/#\/schema\/logo\/image\/\",\"url\":\"https:\/\/www.fcgueugnon.fr\/site\/wp-content\/uploads\/2022\/07\/cropped-Logo-FCGUEUGNON-low-350x350-1.png\",\"contentUrl\":\"https:\/\/www.fcgueugnon.fr\/site\/wp-content\/uploads\/2022\/07\/cropped-Logo-FCGUEUGNON-low-350x350-1.png\",\"width\":350,\"height\":350,\"caption\":\"FC Gueugnon\"},\"image\":{\"@id\":\"https:\/\/www.fcgueugnon.fr\/site\/#\/schema\/logo\/image\/\"},\"sameAs\":[\"http:\/\/facebook.com\/FCGueugnon\",\"https:\/\/x.com\/FCGueugnon_off\",\"https:\/\/www.instagram.com\/fcgueugnon\/\",\"https:\/\/www.linkedin.com\/company\/football-club-de-gueugnon\/\",\"https:\/\/www.youtube.com\/user\/FCGueugnonnais\",\"https:\/\/fr.wikipedia.org\/wiki\/Football_Club_de_Gueugnon\"]},{\"@type\":\"Person\",\"@id\":\"https:\/\/www.fcgueugnon.fr\/site\/#\/schema\/person\/6b88acb9354d23e86675fc81c54ed359\",\"name\":\"FC Gueugnon\",\"url\":\"https:\/\/www.fcgueugnon.fr\/site\/author\/man-antu\"}]}<\/script>\n<!-- \/ Yoast SEO plugin. -->","yoast_head_json":{"title":"[Agenda] R\u00e9sultats du week-end du 25 et 26 Mai 2024 &#8226; FOOTBALL CLUB GUEUGNON","robots":{"index":"index","follow":"follow","max-snippet":"max-snippet:-1","max-image-preview":"max-image-preview:large","max-video-preview":"max-video-preview:-1"},"canonical":"https:\/\/www.fcgueugnon.fr\/site\/agenda-resultats-du-week-end-du-25-et-26-mai-2024\/10130","og_locale":"fr_FR","og_type":"article","og_title":"[Agenda] R\u00e9sultats du week-end du 25 et 26 Mai 2024 &#8226; FOOTBALL CLUB GUEUGNON","og_description":"Les r\u00e9sultats de nos forgerons ce week-end : S\u00e9niors Groupe Espoirs \u2013 R1 J21 Dimanche 26\/05 \u2013 15h00US Saint-Sernin \/ FC Gueugnon : 0-1 Sport E.Leclerc Acad\u00e9mie U18 \u2013 R1 J25 Samedi 25\/05 &#8211; 14h00FC Gueugnon \/ JS Cr\u00e8ches : 4-2 U16 \u2013 R1 J21 Samedi 25\/05 &#8211; 15h30FC Gueugnon \/ AJ Auxerre : 3-0 ... Lire la suite","og_url":"https:\/\/www.fcgueugnon.fr\/site\/agenda-resultats-du-week-end-du-25-et-26-mai-2024\/10130","og_site_name":"FOOTBALL CLUB GUEUGNON","article_publisher":"http:\/\/facebook.com\/FCGueugnon","article_published_time":"2024-05-27T09:50:00+00:00","og_image":[{"width":1564,"height":880,"url":"https:\/\/www.fcgueugnon.fr\/site\/wp-content\/uploads\/2023\/09\/resultats-visu.png","type":"image\/png"}],"author":"FC Gueugnon","twitter_card":"summary_large_image","twitter_creator":"@FCGueugnon_off","twitter_site":"@FCGueugnon_off","twitter_misc":{"\u00c9crit par":"FC Gueugnon","Dur\u00e9e de lecture estim\u00e9e":"7 minutes"},"schema":{"@context":"https:\/\/schema.org","@graph":[{"@type":"Article","@id":"https:\/\/www.fcgueugnon.fr\/site\/agenda-resultats-du-week-end-du-25-et-26-mai-2024\/10130#article","isPartOf":{"@id":"https:\/\/www.fcgueugnon.fr\/site\/agenda-resultats-du-week-end-du-25-et-26-mai-2024\/10130"},"author":{"name":"FC Gueugnon","@id":"https:\/\/www.fcgueugnon.fr\/site\/#\/schema\/person\/6b88acb9354d23e86675fc81c54ed359"},"headline":"[Agenda] R\u00e9sultats du week-end du 25 et 26 Mai 2024","datePublished":"2024-05-27T09:50:00+00:00","mainEntityOfPage":{"@id":"https:\/\/www.fcgueugnon.fr\/site\/agenda-resultats-du-week-end-du-25-et-26-mai-2024\/10130"},"wordCount":213,"publisher":{"@id":"https:\/\/www.fcgueugnon.fr\/site\/#organization"},"image":{"@id":"https:\/\/www.fcgueugnon.fr\/site\/agenda-resultats-du-week-end-du-25-et-26-mai-2024\/10130#primaryimage"},"thumbnailUrl":"https:\/\/www.fcgueugnon.fr\/site\/wp-content\/uploads\/2023\/09\/resultats-visu.png","keywords":["Agenda","Sport E.Leclerc Acad\u00e9mie : Jeunes \/ Formation"],"articleSection":["News","News 2023\/2024"],"inLanguage":"fr-FR"},{"@type":"WebPage","@id":"https:\/\/www.fcgueugnon.fr\/site\/agenda-resultats-du-week-end-du-25-et-26-mai-2024\/10130","url":"https:\/\/www.fcgueugnon.fr\/site\/agenda-resultats-du-week-end-du-25-et-26-mai-2024\/10130","name":"[Agenda] R\u00e9sultats du week-end du 25 et 26 Mai 2024 &#8226; FOOTBALL CLUB GUEUGNON","isPartOf":{"@id":"https:\/\/www.fcgueugnon.fr\/site\/#website"},"primaryImageOfPage":{"@id":"https:\/\/www.fcgueugnon.fr\/site\/agenda-resultats-du-week-end-du-25-et-26-mai-2024\/10130#primaryimage"},"image":{"@id":"https:\/\/www.fcgueugnon.fr\/site\/agenda-resultats-du-week-end-du-25-et-26-mai-2024\/10130#primaryimage"},"thumbnailUrl":"https:\/\/www.fcgueugnon.fr\/site\/wp-content\/uploads\/2023\/09\/resultats-visu.png","datePublished":"2024-05-27T09:50:00+00:00","breadcrumb":{"@id":"https:\/\/www.fcgueugnon.fr\/site\/agenda-resultats-du-week-end-du-25-et-26-mai-2024\/10130#breadcrumb"},"inLanguage":"fr-FR","potentialAction":[{"@type":"ReadAction","target":["https:\/\/www.fcgueugnon.fr\/site\/agenda-resultats-du-week-end-du-25-et-26-mai-2024\/10130"]}]},{"@type":"ImageObject","inLanguage":"fr-FR","@id":"https:\/\/www.fcgueugnon.fr\/site\/agenda-resultats-du-week-end-du-25-et-26-mai-2024\/10130#primaryimage","url":"https:\/\/www.fcgueugnon.fr\/site\/wp-content\/uploads\/2023\/09\/resultats-visu.png","contentUrl":"https:\/\/www.fcgueugnon.fr\/site\/wp-content\/uploads\/2023\/09\/resultats-visu.png","width":1564,"height":880},{"@type":"BreadcrumbList","@id":"https:\/\/www.fcgueugnon.fr\/site\/agenda-resultats-du-week-end-du-25-et-26-mai-2024\/10130#breadcrumb","itemListElement":[{"@type":"ListItem","position":1,"name":"Accueil","item":"https:\/\/www.fcgueugnon.fr\/site\/"},{"@type":"ListItem","position":2,"name":"[Agenda] R\u00e9sultats du week-end du 25 et 26 Mai 2024"}]},{"@type":"WebSite","@id":"https:\/\/www.fcgueugnon.fr\/site\/#website","url":"https:\/\/www.fcgueugnon.fr\/site\/","name":"FOOTBALL CLUB GUEUGNON","description":"Le Site Officiel des Forgerons","publisher":{"@id":"https:\/\/www.fcgueugnon.fr\/site\/#organization"},"potentialAction":[{"@type":"SearchAction","target":{"@type":"EntryPoint","urlTemplate":"https:\/\/www.fcgueugnon.fr\/site\/?s={search_term_string}"},"query-input":{"@type":"PropertyValueSpecification","valueRequired":true,"valueName":"search_term_string"}}],"inLanguage":"fr-FR"},{"@type":"Organization","@id":"https:\/\/www.fcgueugnon.fr\/site\/#organization","name":"FC Gueugnon","url":"https:\/\/www.fcgueugnon.fr\/site\/","logo":{"@type":"ImageObject","inLanguage":"fr-FR","@id":"https:\/\/www.fcgueugnon.fr\/site\/#\/schema\/logo\/image\/","url":"https:\/\/www.fcgueugnon.fr\/site\/wp-content\/uploads\/2022\/07\/cropped-Logo-FCGUEUGNON-low-350x350-1.png","contentUrl":"https:\/\/www.fcgueugnon.fr\/site\/wp-content\/uploads\/2022\/07\/cropped-Logo-FCGUEUGNON-low-350x350-1.png","width":350,"height":350,"caption":"FC Gueugnon"},"image":{"@id":"https:\/\/www.fcgueugnon.fr\/site\/#\/schema\/logo\/image\/"},"sameAs":["http:\/\/facebook.com\/FCGueugnon","https:\/\/x.com\/FCGueugnon_off","https:\/\/www.instagram.com\/fcgueugnon\/","https:\/\/www.linkedin.com\/company\/football-club-de-gueugnon\/","https:\/\/www.youtube.com\/user\/FCGueugnonnais","https:\/\/fr.wikipedia.org\/wiki\/Football_Club_de_Gueugnon"]},{"@type":"Person","@id":"https:\/\/www.fcgueugnon.fr\/site\/#\/schema\/person\/6b88acb9354d23e86675fc81c54ed359","name":"FC Gueugnon","url":"https:\/\/www.fcgueugnon.fr\/site\/author\/man-antu"}]}},"rttpg_featured_image_url":{"full":["https:\/\/www.fcgueugnon.fr\/site\/wp-content\/uploads\/2023\/09\/resultats-visu.png",1564,880,false],"landscape":["https:\/\/www.fcgueugnon.fr\/site\/wp-content\/uploads\/2023\/09\/resultats-visu.png",1564,880,false],"portraits":["https:\/\/www.fcgueugnon.fr\/site\/wp-content\/uploads\/2023\/09\/resultats-visu.png",1564,880,false],"thumbnail":["https:\/\/www.fcgueugnon.fr\/site\/wp-content\/uploads\/2023\/09\/resultats-visu-150x150.png",150,150,true],"medium":["https:\/\/www.fcgueugnon.fr\/site\/wp-content\/uploads\/2023\/09\/resultats-visu-400x225.png",400,225,true],"large":["https:\/\/www.fcgueugnon.fr\/site\/wp-content\/uploads\/2023\/09\/resultats-visu-1024x576.png",1024,576,true],"1536x1536":["https:\/\/www.fcgueugnon.fr\/site\/wp-content\/uploads\/2023\/09\/resultats-visu-1536x864.png",1536,864,true],"2048x2048":["https:\/\/www.fcgueugnon.fr\/site\/wp-content\/uploads\/2023\/09\/resultats-visu.png",1564,880,false]},"rttpg_author":{"display_name":"FC Gueugnon","author_link":"https:\/\/www.fcgueugnon.fr\/site\/author\/man-antu"},"rttpg_comment":0,"rttpg_category":"<a href=\"https:\/\/www.fcgueugnon.fr\/site\/category\/news\" rel=\"category tag\">News<\/a> <a href=\"https:\/\/www.fcgueugnon.fr\/site\/category\/news\/news-2023-2024\" rel=\"category tag\">News 2023\/2024<\/a>","rttpg_excerpt":"Les r\u00e9sultats de nos forgerons ce week-end : S\u00e9niors Groupe Espoirs \u2013 R1 J21 Dimanche 26\/05 \u2013 15h00US Saint-Sernin \/ FC Gueugnon : 0-1 Sport E.Leclerc Acad\u00e9mie U18 \u2013 R1 J25 Samedi 25\/05 &#8211; 14h00FC Gueugnon \/ JS Cr\u00e8ches : 4-2 U16 \u2013 R1 J21 Samedi 25\/05 &#8211; 15h30FC Gueugnon \/ AJ Auxerre : 3-0\u2026","_links":{"self":[{"href":"https:\/\/www.fcgueugnon.fr\/site\/wp-json\/wp\/v2\/posts\/10130","targetHints":{"allow":["GET"]}}],"collection":[{"href":"https:\/\/www.fcgueugnon.fr\/site\/wp-json\/wp\/v2\/posts"}],"about":[{"href":"https:\/\/www.fcgueugnon.fr\/site\/wp-json\/wp\/v2\/types\/post"}],"author":[{"embeddable":true,"href":"https:\/\/www.fcgueugnon.fr\/site\/wp-json\/wp\/v2\/users\/4"}],"replies":[{"embeddable":true,"href":"https:\/\/www.fcgueugnon.fr\/site\/wp-json\/wp\/v2\/comments?post=10130"}],"version-history":[{"count":4,"href":"https:\/\/www.fcgueugnon.fr\/site\/wp-json\/wp\/v2\/posts\/10130\/revisions"}],"predecessor-version":[{"id":10154,"href":"https:\/\/www.fcgueugnon.fr\/site\/wp-json\/wp\/v2\/posts\/10130\/revisions\/10154"}],"wp:featuredmedia":[{"embeddable":true,"href":"https:\/\/www.fcgueugnon.fr\/site\/wp-json\/wp\/v2\/media\/6061"}],"wp:attachment":[{"href":"https:\/\/www.fcgueugnon.fr\/site\/wp-json\/wp\/v2\/media?parent=10130"}],"wp:term":[{"taxonomy":"category","embeddable":true,"href":"https:\/\/www.fcgueugnon.fr\/site\/wp-json\/wp\/v2\/categories?post=10130"},{"taxonomy":"post_tag","embeddable":true,"href":"https:\/\/www.fcgueugnon.fr\/site\/wp-json\/wp\/v2\/tags?post=10130"}],"curies":[{"name":"wp","href":"https:\/\/api.w.org\/{rel}","templated":true}]}}