{"id":10108,"date":"2024-05-23T11:06:28","date_gmt":"2024-05-23T09:06:28","guid":{"rendered":"https:\/\/www.fcgueugnon.fr\/site\/?p=10108"},"modified":"2024-09-06T10:14:15","modified_gmt":"2024-09-06T08:14:15","slug":"sport-e-leclerc-academie-lecole-de-foot-et-la-section-feminine-du-fc-gueugnon-ouvrent-leurs-portes","status":"publish","type":"post","link":"https:\/\/www.fcgueugnon.fr\/site\/sport-e-leclerc-academie-lecole-de-foot-et-la-section-feminine-du-fc-gueugnon-ouvrent-leurs-portes\/10108","title":{"rendered":"[Sport E.Leclerc Acad\u00e9mie] L&rsquo;\u00c9cole de Foot et la section f\u00e9minine du FC Gueugnon ouvrent leurs portes !"},"content":{"rendered":"\n<h4 class=\"wp-block-heading\"><strong>L&rsquo;\u00c9cole de Foot et la section f\u00e9minine du FC Gueugnon ouvrent leurs portes !<\/strong><\/h4>\n\n\n\n<div style=\"height:20px\" aria-hidden=\"true\" class=\"wp-block-spacer\"><\/div>\n\n\n\n<p>L&rsquo;\u00c9cole de Football ouvre ses portes pour les enfants, gar\u00e7ons et filles, n\u00e9s entre 2013 et 2020 sur tout le mois de JUIN \u00a0!<\/p>\n\n\n\n<ul class=\"wp-block-list\">\n<li>Section Baby Ballon &#8211; (2019\/2020), Le dimanche de 10H30 \u00e0 11H30<\/li>\n\n\n\n<li>Cat\u00e9gorie U6\/U7 &#8211; (2017\/2018), Le mercredi de 10H30 \u00e0 11H45.<\/li>\n\n\n\n<li>Cat\u00e9gorie U8\/U9 &#8211; (2015\/2016), Le mercredi de 14H \u00e0 15H30<\/li>\n\n\n\n<li>Cat\u00e9gorie U10\/U11 &#8211; (2013\/2014), Le mercredi de 16H30 \u00e0 18H<\/li>\n<\/ul>\n\n\n\n<p>\ud83c\udfdf Plaine Vieux Fresne \ud83d\udccd Gueugnon<\/p>\n\n\n\n<p><strong>Nouveaut\u00e9 cette ann\u00e9e : l&rsquo;Ecole de Foot lance une \u00e9quipe f\u00e9minine U11 en foot \u00e0 8 !  <\/strong><\/p>\n\n\n\n<p>N&rsquo;h\u00e9sitez pas \u00e0 contacter notre \u00e9ducateur \ud835\uddda\ud835\uddf2\ud835\uddfc\ud835\uddf3\ud835\uddf3\ud835\uddff\ud835\uddee\ud835\ude06 \ud835\udde5\ud835\uddf6\ud835\uddf0\ud835\uddf5\ud835\uddf2\ud835\uddf9\ud835\uddf2\ud835\ude01 pour participer \u00e0 une s\u00e9ance de d\u00e9couverte gratuite. \ud83d\udcf1 06.08.11.03.22.<\/p>\n\n\n\n<div style=\"height:25px\" aria-hidden=\"true\" class=\"wp-block-spacer\"><\/div>\n\n\n<div class=\"wp-block-image\">\n<figure class=\"aligncenter size-large\"><img loading=\"lazy\" decoding=\"async\" width=\"1024\" height=\"576\" src=\"https:\/\/www.fcgueugnon.fr\/site\/wp-content\/uploads\/2024\/05\/PORTES-OUVERTES-ECOLE-DE-FOOT-23.24-1-1024x576.png\" alt=\"\" class=\"wp-image-10111\" srcset=\"https:\/\/www.fcgueugnon.fr\/site\/wp-content\/uploads\/2024\/05\/PORTES-OUVERTES-ECOLE-DE-FOOT-23.24-1-1024x576.png 1024w, https:\/\/www.fcgueugnon.fr\/site\/wp-content\/uploads\/2024\/05\/PORTES-OUVERTES-ECOLE-DE-FOOT-23.24-1-400x225.png 400w, https:\/\/www.fcgueugnon.fr\/site\/wp-content\/uploads\/2024\/05\/PORTES-OUVERTES-ECOLE-DE-FOOT-23.24-1-768x432.png 768w, https:\/\/www.fcgueugnon.fr\/site\/wp-content\/uploads\/2024\/05\/PORTES-OUVERTES-ECOLE-DE-FOOT-23.24-1-1536x864.png 1536w, https:\/\/www.fcgueugnon.fr\/site\/wp-content\/uploads\/2024\/05\/PORTES-OUVERTES-ECOLE-DE-FOOT-23.24-1-1320x743.png 1320w, https:\/\/www.fcgueugnon.fr\/site\/wp-content\/uploads\/2024\/05\/PORTES-OUVERTES-ECOLE-DE-FOOT-23.24-1-600x338.png 600w, https:\/\/www.fcgueugnon.fr\/site\/wp-content\/uploads\/2024\/05\/PORTES-OUVERTES-ECOLE-DE-FOOT-23.24-1.png 1920w\" sizes=\"auto, (max-width: 1024px) 100vw, 1024px\" \/><\/figure>\n<\/div>\n\n\n<div style=\"height:25px\" aria-hidden=\"true\" class=\"wp-block-spacer\"><\/div>\n\n\n\n<hr class=\"wp-block-separator has-alpha-channel-opacity\"\/>\n\n\n\n<div style=\"height:25px\" aria-hidden=\"true\" class=\"wp-block-spacer\"><\/div>\n\n\n\n<p>Le FC Gueugnon organise des portes ouvertes football f\u00e9minin pour les cat\u00e9gories U14F \u00e0 U18F en vue de pr\u00e9parer la saison 2024 2025. Ces portes ouvertes sont accessibles \u00e0 toutes les filles, licenci\u00e9es ou non, et \u00e9galement \u00e0 celles qui n&rsquo;ont jamais pratiqu\u00e9 le football.<\/p>\n\n\n\n<p>Les s\u00e9ances auront lieu tout les jeudis du mois de juin de 18h30 \u00e0 20h30.<\/p>\n\n\n\n<p>\ud83c\udfdf Plaine Vieux Fresne \ud83d\udccd Gueugnon<\/p>\n\n\n\n<p>N&rsquo;h\u00e9sitez pas \u00e0 contacter notre \u00e9ducateur <strong>Alexandre Lavigne<\/strong> pour plus de renseignements. \ud83d\udcf1 06.87.80.13.19.<\/p>\n\n\n\n<div style=\"height:25px\" aria-hidden=\"true\" class=\"wp-block-spacer\"><\/div>\n\n\n<div class=\"wp-block-image\">\n<figure class=\"aligncenter size-large\"><img loading=\"lazy\" decoding=\"async\" width=\"1024\" height=\"576\" src=\"https:\/\/www.fcgueugnon.fr\/site\/wp-content\/uploads\/2024\/05\/PORTES-OUVERTES-FOOT-FEMININ-U14F-U18F-23.24-1024x576.png\" alt=\"\" class=\"wp-image-10112\" srcset=\"https:\/\/www.fcgueugnon.fr\/site\/wp-content\/uploads\/2024\/05\/PORTES-OUVERTES-FOOT-FEMININ-U14F-U18F-23.24-1024x576.png 1024w, https:\/\/www.fcgueugnon.fr\/site\/wp-content\/uploads\/2024\/05\/PORTES-OUVERTES-FOOT-FEMININ-U14F-U18F-23.24-400x225.png 400w, https:\/\/www.fcgueugnon.fr\/site\/wp-content\/uploads\/2024\/05\/PORTES-OUVERTES-FOOT-FEMININ-U14F-U18F-23.24-768x432.png 768w, https:\/\/www.fcgueugnon.fr\/site\/wp-content\/uploads\/2024\/05\/PORTES-OUVERTES-FOOT-FEMININ-U14F-U18F-23.24-1536x864.png 1536w, https:\/\/www.fcgueugnon.fr\/site\/wp-content\/uploads\/2024\/05\/PORTES-OUVERTES-FOOT-FEMININ-U14F-U18F-23.24-1320x743.png 1320w, https:\/\/www.fcgueugnon.fr\/site\/wp-content\/uploads\/2024\/05\/PORTES-OUVERTES-FOOT-FEMININ-U14F-U18F-23.24-600x338.png 600w, https:\/\/www.fcgueugnon.fr\/site\/wp-content\/uploads\/2024\/05\/PORTES-OUVERTES-FOOT-FEMININ-U14F-U18F-23.24.png 1920w\" sizes=\"auto, (max-width: 1024px) 100vw, 1024px\" \/><\/figure>\n<\/div>","protected":false},"excerpt":{"rendered":"<p>L&rsquo;\u00c9cole de Foot et la section f\u00e9minine du FC Gueugnon ouvrent leurs portes ! L&rsquo;\u00c9cole de Football ouvre ses portes pour les enfants, gar\u00e7ons et filles, n\u00e9s entre 2013 et 2020 sur tout le mois de JUIN \u00a0! \ud83c\udfdf Plaine Vieux Fresne \ud83d\udccd Gueugnon Nouveaut\u00e9 cette ann\u00e9e : l&rsquo;Ecole de Foot lance une \u00e9quipe f\u00e9minine &#8230; <\/p>\n<p class=\"read-more-container\"><a title=\"[Sport E.Leclerc Acad\u00e9mie] L&rsquo;\u00c9cole de Foot et la section f\u00e9minine du FC Gueugnon ouvrent leurs portes !\" class=\"read-more button\" href=\"https:\/\/www.fcgueugnon.fr\/site\/sport-e-leclerc-academie-lecole-de-foot-et-la-section-feminine-du-fc-gueugnon-ouvrent-leurs-portes\/10108#more-10108\" aria-label=\"Plus sur [Sport E.Leclerc Acad\u00e9mie] L&rsquo;\u00c9cole de Foot et la section f\u00e9minine du FC Gueugnon ouvrent leurs portes !\">Lire la suite<\/a><\/p>\n","protected":false},"author":3,"featured_media":10109,"comment_status":"closed","ping_status":"closed","sticky":false,"template":"","format":"standard","meta":{"footnotes":""},"categories":[4,55],"tags":[14],"class_list":["post-10108","post","type-post","status-publish","format-standard","has-post-thumbnail","hentry","category-news","category-news-2023-2024","tag-sport-e-leclerc-academie-jeunes-formation","infinite-scroll-item","generate-columns","tablet-grid-50","mobile-grid-100","grid-parent","grid-25","resize-featured-image"],"yoast_head":"<!-- This site is optimized with the Yoast SEO plugin v26.6 - https:\/\/yoast.com\/wordpress\/plugins\/seo\/ -->\n<title>[Sport E.Leclerc Acad\u00e9mie] L&#039;\u00c9cole de Foot et la section f\u00e9minine du FC Gueugnon ouvrent leurs portes ! &#8226; FOOTBALL CLUB GUEUGNON<\/title>\n<meta name=\"robots\" content=\"index, follow, max-snippet:-1, max-image-preview:large, max-video-preview:-1\" \/>\n<link rel=\"canonical\" href=\"https:\/\/www.fcgueugnon.fr\/site\/sport-e-leclerc-academie-lecole-de-foot-et-la-section-feminine-du-fc-gueugnon-ouvrent-leurs-portes\/10108\" \/>\n<meta property=\"og:locale\" content=\"fr_FR\" \/>\n<meta property=\"og:type\" content=\"article\" \/>\n<meta property=\"og:title\" content=\"[Sport E.Leclerc Acad\u00e9mie] L&#039;\u00c9cole de Foot et la section f\u00e9minine du FC Gueugnon ouvrent leurs portes ! &#8226; FOOTBALL CLUB GUEUGNON\" \/>\n<meta property=\"og:description\" content=\"L&rsquo;\u00c9cole de Foot et la section f\u00e9minine du FC Gueugnon ouvrent leurs portes ! L&rsquo;\u00c9cole de Football ouvre ses portes pour les enfants, gar\u00e7ons et filles, n\u00e9s entre 2013 et 2020 sur tout le mois de JUIN \u00a0! \ud83c\udfdf Plaine Vieux Fresne \ud83d\udccd Gueugnon Nouveaut\u00e9 cette ann\u00e9e : l&rsquo;Ecole de Foot lance une \u00e9quipe f\u00e9minine ... Lire la suite\" \/>\n<meta property=\"og:url\" content=\"https:\/\/www.fcgueugnon.fr\/site\/sport-e-leclerc-academie-lecole-de-foot-et-la-section-feminine-du-fc-gueugnon-ouvrent-leurs-portes\/10108\" \/>\n<meta property=\"og:site_name\" content=\"FOOTBALL CLUB GUEUGNON\" \/>\n<meta property=\"article:publisher\" content=\"http:\/\/facebook.com\/FCGueugnon\" \/>\n<meta property=\"article:published_time\" content=\"2024-05-23T09:06:28+00:00\" \/>\n<meta property=\"article:modified_time\" content=\"2024-09-06T08:14:15+00:00\" \/>\n<meta property=\"og:image\" content=\"https:\/\/www.fcgueugnon.fr\/site\/wp-content\/uploads\/2024\/05\/PORTES-OUVERTES-JUIN-2024-894x1024.png\" \/>\n\t<meta property=\"og:image:width\" content=\"894\" \/>\n\t<meta property=\"og:image:height\" content=\"1024\" \/>\n\t<meta property=\"og:image:type\" content=\"image\/png\" \/>\n<meta name=\"author\" content=\"FC Gueugnon\" \/>\n<meta name=\"twitter:card\" content=\"summary_large_image\" \/>\n<meta name=\"twitter:creator\" content=\"@FCGueugnon_off\" \/>\n<meta name=\"twitter:site\" content=\"@FCGueugnon_off\" \/>\n<meta name=\"twitter:label1\" content=\"\u00c9crit par\" \/>\n\t<meta name=\"twitter:data1\" content=\"FC Gueugnon\" \/>\n\t<meta name=\"twitter:label2\" content=\"Dur\u00e9e de lecture estim\u00e9e\" \/>\n\t<meta name=\"twitter:data2\" content=\"2 minutes\" \/>\n<script type=\"application\/ld+json\" class=\"yoast-schema-graph\">{\"@context\":\"https:\/\/schema.org\",\"@graph\":[{\"@type\":\"Article\",\"@id\":\"https:\/\/www.fcgueugnon.fr\/site\/sport-e-leclerc-academie-lecole-de-foot-et-la-section-feminine-du-fc-gueugnon-ouvrent-leurs-portes\/10108#article\",\"isPartOf\":{\"@id\":\"https:\/\/www.fcgueugnon.fr\/site\/sport-e-leclerc-academie-lecole-de-foot-et-la-section-feminine-du-fc-gueugnon-ouvrent-leurs-portes\/10108\"},\"author\":{\"name\":\"FC Gueugnon\",\"@id\":\"https:\/\/www.fcgueugnon.fr\/site\/#\/schema\/person\/829630bfb5d6f3ebe4d296b75687c01a\"},\"headline\":\"[Sport E.Leclerc Acad\u00e9mie] L&rsquo;\u00c9cole de Foot et la section f\u00e9minine du FC Gueugnon ouvrent leurs portes !\",\"datePublished\":\"2024-05-23T09:06:28+00:00\",\"dateModified\":\"2024-09-06T08:14:15+00:00\",\"mainEntityOfPage\":{\"@id\":\"https:\/\/www.fcgueugnon.fr\/site\/sport-e-leclerc-academie-lecole-de-foot-et-la-section-feminine-du-fc-gueugnon-ouvrent-leurs-portes\/10108\"},\"wordCount\":213,\"publisher\":{\"@id\":\"https:\/\/www.fcgueugnon.fr\/site\/#organization\"},\"image\":{\"@id\":\"https:\/\/www.fcgueugnon.fr\/site\/sport-e-leclerc-academie-lecole-de-foot-et-la-section-feminine-du-fc-gueugnon-ouvrent-leurs-portes\/10108#primaryimage\"},\"thumbnailUrl\":\"https:\/\/www.fcgueugnon.fr\/site\/wp-content\/uploads\/2024\/05\/PORTES-OUVERTES-JUIN-2024.png\",\"keywords\":[\"Sport E.Leclerc Acad\u00e9mie : Jeunes \/ Formation\"],\"articleSection\":[\"News\",\"News 2023\/2024\"],\"inLanguage\":\"fr-FR\"},{\"@type\":\"WebPage\",\"@id\":\"https:\/\/www.fcgueugnon.fr\/site\/sport-e-leclerc-academie-lecole-de-foot-et-la-section-feminine-du-fc-gueugnon-ouvrent-leurs-portes\/10108\",\"url\":\"https:\/\/www.fcgueugnon.fr\/site\/sport-e-leclerc-academie-lecole-de-foot-et-la-section-feminine-du-fc-gueugnon-ouvrent-leurs-portes\/10108\",\"name\":\"[Sport E.Leclerc Acad\u00e9mie] L'\u00c9cole de Foot et la section f\u00e9minine du FC Gueugnon ouvrent leurs portes ! &#8226; FOOTBALL CLUB GUEUGNON\",\"isPartOf\":{\"@id\":\"https:\/\/www.fcgueugnon.fr\/site\/#website\"},\"primaryImageOfPage\":{\"@id\":\"https:\/\/www.fcgueugnon.fr\/site\/sport-e-leclerc-academie-lecole-de-foot-et-la-section-feminine-du-fc-gueugnon-ouvrent-leurs-portes\/10108#primaryimage\"},\"image\":{\"@id\":\"https:\/\/www.fcgueugnon.fr\/site\/sport-e-leclerc-academie-lecole-de-foot-et-la-section-feminine-du-fc-gueugnon-ouvrent-leurs-portes\/10108#primaryimage\"},\"thumbnailUrl\":\"https:\/\/www.fcgueugnon.fr\/site\/wp-content\/uploads\/2024\/05\/PORTES-OUVERTES-JUIN-2024.png\",\"datePublished\":\"2024-05-23T09:06:28+00:00\",\"dateModified\":\"2024-09-06T08:14:15+00:00\",\"breadcrumb\":{\"@id\":\"https:\/\/www.fcgueugnon.fr\/site\/sport-e-leclerc-academie-lecole-de-foot-et-la-section-feminine-du-fc-gueugnon-ouvrent-leurs-portes\/10108#breadcrumb\"},\"inLanguage\":\"fr-FR\",\"potentialAction\":[{\"@type\":\"ReadAction\",\"target\":[\"https:\/\/www.fcgueugnon.fr\/site\/sport-e-leclerc-academie-lecole-de-foot-et-la-section-feminine-du-fc-gueugnon-ouvrent-leurs-portes\/10108\"]}]},{\"@type\":\"ImageObject\",\"inLanguage\":\"fr-FR\",\"@id\":\"https:\/\/www.fcgueugnon.fr\/site\/sport-e-leclerc-academie-lecole-de-foot-et-la-section-feminine-du-fc-gueugnon-ouvrent-leurs-portes\/10108#primaryimage\",\"url\":\"https:\/\/www.fcgueugnon.fr\/site\/wp-content\/uploads\/2024\/05\/PORTES-OUVERTES-JUIN-2024.png\",\"contentUrl\":\"https:\/\/www.fcgueugnon.fr\/site\/wp-content\/uploads\/2024\/05\/PORTES-OUVERTES-JUIN-2024.png\",\"width\":1920,\"height\":2200},{\"@type\":\"BreadcrumbList\",\"@id\":\"https:\/\/www.fcgueugnon.fr\/site\/sport-e-leclerc-academie-lecole-de-foot-et-la-section-feminine-du-fc-gueugnon-ouvrent-leurs-portes\/10108#breadcrumb\",\"itemListElement\":[{\"@type\":\"ListItem\",\"position\":1,\"name\":\"Accueil\",\"item\":\"https:\/\/www.fcgueugnon.fr\/site\/\"},{\"@type\":\"ListItem\",\"position\":2,\"name\":\"[Sport E.Leclerc Acad\u00e9mie] L&rsquo;\u00c9cole de Foot et la section f\u00e9minine du FC Gueugnon ouvrent leurs portes !\"}]},{\"@type\":\"WebSite\",\"@id\":\"https:\/\/www.fcgueugnon.fr\/site\/#website\",\"url\":\"https:\/\/www.fcgueugnon.fr\/site\/\",\"name\":\"FOOTBALL CLUB GUEUGNON\",\"description\":\"Le Site Officiel des Forgerons\",\"publisher\":{\"@id\":\"https:\/\/www.fcgueugnon.fr\/site\/#organization\"},\"potentialAction\":[{\"@type\":\"SearchAction\",\"target\":{\"@type\":\"EntryPoint\",\"urlTemplate\":\"https:\/\/www.fcgueugnon.fr\/site\/?s={search_term_string}\"},\"query-input\":{\"@type\":\"PropertyValueSpecification\",\"valueRequired\":true,\"valueName\":\"search_term_string\"}}],\"inLanguage\":\"fr-FR\"},{\"@type\":\"Organization\",\"@id\":\"https:\/\/www.fcgueugnon.fr\/site\/#organization\",\"name\":\"FC Gueugnon\",\"url\":\"https:\/\/www.fcgueugnon.fr\/site\/\",\"logo\":{\"@type\":\"ImageObject\",\"inLanguage\":\"fr-FR\",\"@id\":\"https:\/\/www.fcgueugnon.fr\/site\/#\/schema\/logo\/image\/\",\"url\":\"https:\/\/www.fcgueugnon.fr\/site\/wp-content\/uploads\/2022\/07\/cropped-Logo-FCGUEUGNON-low-350x350-1.png\",\"contentUrl\":\"https:\/\/www.fcgueugnon.fr\/site\/wp-content\/uploads\/2022\/07\/cropped-Logo-FCGUEUGNON-low-350x350-1.png\",\"width\":350,\"height\":350,\"caption\":\"FC Gueugnon\"},\"image\":{\"@id\":\"https:\/\/www.fcgueugnon.fr\/site\/#\/schema\/logo\/image\/\"},\"sameAs\":[\"http:\/\/facebook.com\/FCGueugnon\",\"https:\/\/x.com\/FCGueugnon_off\",\"https:\/\/www.instagram.com\/fcgueugnon\/\",\"https:\/\/www.linkedin.com\/company\/football-club-de-gueugnon\/\",\"https:\/\/www.youtube.com\/user\/FCGueugnonnais\",\"https:\/\/fr.wikipedia.org\/wiki\/Football_Club_de_Gueugnon\"]},{\"@type\":\"Person\",\"@id\":\"https:\/\/www.fcgueugnon.fr\/site\/#\/schema\/person\/829630bfb5d6f3ebe4d296b75687c01a\",\"name\":\"FC Gueugnon\",\"url\":\"https:\/\/www.fcgueugnon.fr\/site\/author\/g-avin1\"}]}<\/script>\n<!-- \/ Yoast SEO plugin. -->","yoast_head_json":{"title":"[Sport E.Leclerc Acad\u00e9mie] L'\u00c9cole de Foot et la section f\u00e9minine du FC Gueugnon ouvrent leurs portes ! &#8226; FOOTBALL CLUB GUEUGNON","robots":{"index":"index","follow":"follow","max-snippet":"max-snippet:-1","max-image-preview":"max-image-preview:large","max-video-preview":"max-video-preview:-1"},"canonical":"https:\/\/www.fcgueugnon.fr\/site\/sport-e-leclerc-academie-lecole-de-foot-et-la-section-feminine-du-fc-gueugnon-ouvrent-leurs-portes\/10108","og_locale":"fr_FR","og_type":"article","og_title":"[Sport E.Leclerc Acad\u00e9mie] L'\u00c9cole de Foot et la section f\u00e9minine du FC Gueugnon ouvrent leurs portes ! &#8226; FOOTBALL CLUB GUEUGNON","og_description":"L&rsquo;\u00c9cole de Foot et la section f\u00e9minine du FC Gueugnon ouvrent leurs portes ! L&rsquo;\u00c9cole de Football ouvre ses portes pour les enfants, gar\u00e7ons et filles, n\u00e9s entre 2013 et 2020 sur tout le mois de JUIN \u00a0! \ud83c\udfdf Plaine Vieux Fresne \ud83d\udccd Gueugnon Nouveaut\u00e9 cette ann\u00e9e : l&rsquo;Ecole de Foot lance une \u00e9quipe f\u00e9minine ... Lire la suite","og_url":"https:\/\/www.fcgueugnon.fr\/site\/sport-e-leclerc-academie-lecole-de-foot-et-la-section-feminine-du-fc-gueugnon-ouvrent-leurs-portes\/10108","og_site_name":"FOOTBALL CLUB GUEUGNON","article_publisher":"http:\/\/facebook.com\/FCGueugnon","article_published_time":"2024-05-23T09:06:28+00:00","article_modified_time":"2024-09-06T08:14:15+00:00","og_image":[{"width":894,"height":1024,"url":"https:\/\/www.fcgueugnon.fr\/site\/wp-content\/uploads\/2024\/05\/PORTES-OUVERTES-JUIN-2024-894x1024.png","type":"image\/png"}],"author":"FC Gueugnon","twitter_card":"summary_large_image","twitter_creator":"@FCGueugnon_off","twitter_site":"@FCGueugnon_off","twitter_misc":{"\u00c9crit par":"FC Gueugnon","Dur\u00e9e de lecture estim\u00e9e":"2 minutes"},"schema":{"@context":"https:\/\/schema.org","@graph":[{"@type":"Article","@id":"https:\/\/www.fcgueugnon.fr\/site\/sport-e-leclerc-academie-lecole-de-foot-et-la-section-feminine-du-fc-gueugnon-ouvrent-leurs-portes\/10108#article","isPartOf":{"@id":"https:\/\/www.fcgueugnon.fr\/site\/sport-e-leclerc-academie-lecole-de-foot-et-la-section-feminine-du-fc-gueugnon-ouvrent-leurs-portes\/10108"},"author":{"name":"FC Gueugnon","@id":"https:\/\/www.fcgueugnon.fr\/site\/#\/schema\/person\/829630bfb5d6f3ebe4d296b75687c01a"},"headline":"[Sport E.Leclerc Acad\u00e9mie] L&rsquo;\u00c9cole de Foot et la section f\u00e9minine du FC Gueugnon ouvrent leurs portes !","datePublished":"2024-05-23T09:06:28+00:00","dateModified":"2024-09-06T08:14:15+00:00","mainEntityOfPage":{"@id":"https:\/\/www.fcgueugnon.fr\/site\/sport-e-leclerc-academie-lecole-de-foot-et-la-section-feminine-du-fc-gueugnon-ouvrent-leurs-portes\/10108"},"wordCount":213,"publisher":{"@id":"https:\/\/www.fcgueugnon.fr\/site\/#organization"},"image":{"@id":"https:\/\/www.fcgueugnon.fr\/site\/sport-e-leclerc-academie-lecole-de-foot-et-la-section-feminine-du-fc-gueugnon-ouvrent-leurs-portes\/10108#primaryimage"},"thumbnailUrl":"https:\/\/www.fcgueugnon.fr\/site\/wp-content\/uploads\/2024\/05\/PORTES-OUVERTES-JUIN-2024.png","keywords":["Sport E.Leclerc Acad\u00e9mie : Jeunes \/ Formation"],"articleSection":["News","News 2023\/2024"],"inLanguage":"fr-FR"},{"@type":"WebPage","@id":"https:\/\/www.fcgueugnon.fr\/site\/sport-e-leclerc-academie-lecole-de-foot-et-la-section-feminine-du-fc-gueugnon-ouvrent-leurs-portes\/10108","url":"https:\/\/www.fcgueugnon.fr\/site\/sport-e-leclerc-academie-lecole-de-foot-et-la-section-feminine-du-fc-gueugnon-ouvrent-leurs-portes\/10108","name":"[Sport E.Leclerc Acad\u00e9mie] L'\u00c9cole de Foot et la section f\u00e9minine du FC Gueugnon ouvrent leurs portes ! &#8226; FOOTBALL CLUB GUEUGNON","isPartOf":{"@id":"https:\/\/www.fcgueugnon.fr\/site\/#website"},"primaryImageOfPage":{"@id":"https:\/\/www.fcgueugnon.fr\/site\/sport-e-leclerc-academie-lecole-de-foot-et-la-section-feminine-du-fc-gueugnon-ouvrent-leurs-portes\/10108#primaryimage"},"image":{"@id":"https:\/\/www.fcgueugnon.fr\/site\/sport-e-leclerc-academie-lecole-de-foot-et-la-section-feminine-du-fc-gueugnon-ouvrent-leurs-portes\/10108#primaryimage"},"thumbnailUrl":"https:\/\/www.fcgueugnon.fr\/site\/wp-content\/uploads\/2024\/05\/PORTES-OUVERTES-JUIN-2024.png","datePublished":"2024-05-23T09:06:28+00:00","dateModified":"2024-09-06T08:14:15+00:00","breadcrumb":{"@id":"https:\/\/www.fcgueugnon.fr\/site\/sport-e-leclerc-academie-lecole-de-foot-et-la-section-feminine-du-fc-gueugnon-ouvrent-leurs-portes\/10108#breadcrumb"},"inLanguage":"fr-FR","potentialAction":[{"@type":"ReadAction","target":["https:\/\/www.fcgueugnon.fr\/site\/sport-e-leclerc-academie-lecole-de-foot-et-la-section-feminine-du-fc-gueugnon-ouvrent-leurs-portes\/10108"]}]},{"@type":"ImageObject","inLanguage":"fr-FR","@id":"https:\/\/www.fcgueugnon.fr\/site\/sport-e-leclerc-academie-lecole-de-foot-et-la-section-feminine-du-fc-gueugnon-ouvrent-leurs-portes\/10108#primaryimage","url":"https:\/\/www.fcgueugnon.fr\/site\/wp-content\/uploads\/2024\/05\/PORTES-OUVERTES-JUIN-2024.png","contentUrl":"https:\/\/www.fcgueugnon.fr\/site\/wp-content\/uploads\/2024\/05\/PORTES-OUVERTES-JUIN-2024.png","width":1920,"height":2200},{"@type":"BreadcrumbList","@id":"https:\/\/www.fcgueugnon.fr\/site\/sport-e-leclerc-academie-lecole-de-foot-et-la-section-feminine-du-fc-gueugnon-ouvrent-leurs-portes\/10108#breadcrumb","itemListElement":[{"@type":"ListItem","position":1,"name":"Accueil","item":"https:\/\/www.fcgueugnon.fr\/site\/"},{"@type":"ListItem","position":2,"name":"[Sport E.Leclerc Acad\u00e9mie] L&rsquo;\u00c9cole de Foot et la section f\u00e9minine du FC Gueugnon ouvrent leurs portes !"}]},{"@type":"WebSite","@id":"https:\/\/www.fcgueugnon.fr\/site\/#website","url":"https:\/\/www.fcgueugnon.fr\/site\/","name":"FOOTBALL CLUB GUEUGNON","description":"Le Site Officiel des Forgerons","publisher":{"@id":"https:\/\/www.fcgueugnon.fr\/site\/#organization"},"potentialAction":[{"@type":"SearchAction","target":{"@type":"EntryPoint","urlTemplate":"https:\/\/www.fcgueugnon.fr\/site\/?s={search_term_string}"},"query-input":{"@type":"PropertyValueSpecification","valueRequired":true,"valueName":"search_term_string"}}],"inLanguage":"fr-FR"},{"@type":"Organization","@id":"https:\/\/www.fcgueugnon.fr\/site\/#organization","name":"FC Gueugnon","url":"https:\/\/www.fcgueugnon.fr\/site\/","logo":{"@type":"ImageObject","inLanguage":"fr-FR","@id":"https:\/\/www.fcgueugnon.fr\/site\/#\/schema\/logo\/image\/","url":"https:\/\/www.fcgueugnon.fr\/site\/wp-content\/uploads\/2022\/07\/cropped-Logo-FCGUEUGNON-low-350x350-1.png","contentUrl":"https:\/\/www.fcgueugnon.fr\/site\/wp-content\/uploads\/2022\/07\/cropped-Logo-FCGUEUGNON-low-350x350-1.png","width":350,"height":350,"caption":"FC Gueugnon"},"image":{"@id":"https:\/\/www.fcgueugnon.fr\/site\/#\/schema\/logo\/image\/"},"sameAs":["http:\/\/facebook.com\/FCGueugnon","https:\/\/x.com\/FCGueugnon_off","https:\/\/www.instagram.com\/fcgueugnon\/","https:\/\/www.linkedin.com\/company\/football-club-de-gueugnon\/","https:\/\/www.youtube.com\/user\/FCGueugnonnais","https:\/\/fr.wikipedia.org\/wiki\/Football_Club_de_Gueugnon"]},{"@type":"Person","@id":"https:\/\/www.fcgueugnon.fr\/site\/#\/schema\/person\/829630bfb5d6f3ebe4d296b75687c01a","name":"FC Gueugnon","url":"https:\/\/www.fcgueugnon.fr\/site\/author\/g-avin1"}]}},"rttpg_featured_image_url":{"full":["https:\/\/www.fcgueugnon.fr\/site\/wp-content\/uploads\/2024\/05\/PORTES-OUVERTES-JUIN-2024.png",1920,2200,false],"landscape":["https:\/\/www.fcgueugnon.fr\/site\/wp-content\/uploads\/2024\/05\/PORTES-OUVERTES-JUIN-2024.png",1920,2200,false],"portraits":["https:\/\/www.fcgueugnon.fr\/site\/wp-content\/uploads\/2024\/05\/PORTES-OUVERTES-JUIN-2024.png",1920,2200,false],"thumbnail":["https:\/\/www.fcgueugnon.fr\/site\/wp-content\/uploads\/2024\/05\/PORTES-OUVERTES-JUIN-2024-150x150.png",150,150,true],"medium":["https:\/\/www.fcgueugnon.fr\/site\/wp-content\/uploads\/2024\/05\/PORTES-OUVERTES-JUIN-2024-349x400.png",349,400,true],"large":["https:\/\/www.fcgueugnon.fr\/site\/wp-content\/uploads\/2024\/05\/PORTES-OUVERTES-JUIN-2024-894x1024.png",894,1024,true],"1536x1536":["https:\/\/www.fcgueugnon.fr\/site\/wp-content\/uploads\/2024\/05\/PORTES-OUVERTES-JUIN-2024-1341x1536.png",1341,1536,true],"2048x2048":["https:\/\/www.fcgueugnon.fr\/site\/wp-content\/uploads\/2024\/05\/PORTES-OUVERTES-JUIN-2024-1787x2048.png",1787,2048,true]},"rttpg_author":{"display_name":"FC Gueugnon","author_link":"https:\/\/www.fcgueugnon.fr\/site\/author\/g-avin1"},"rttpg_comment":0,"rttpg_category":"<a href=\"https:\/\/www.fcgueugnon.fr\/site\/category\/news\" rel=\"category tag\">News<\/a> <a href=\"https:\/\/www.fcgueugnon.fr\/site\/category\/news\/news-2023-2024\" rel=\"category tag\">News 2023\/2024<\/a>","rttpg_excerpt":"L&rsquo;\u00c9cole de Foot et la section f\u00e9minine du FC Gueugnon ouvrent leurs portes ! L&rsquo;\u00c9cole de Football ouvre ses portes pour les enfants, gar\u00e7ons et filles, n\u00e9s entre 2013 et 2020 sur tout le mois de JUIN \u00a0! \ud83c\udfdf Plaine Vieux Fresne \ud83d\udccd Gueugnon Nouveaut\u00e9 cette ann\u00e9e : l&rsquo;Ecole de Foot lance une \u00e9quipe f\u00e9minine\u2026","_links":{"self":[{"href":"https:\/\/www.fcgueugnon.fr\/site\/wp-json\/wp\/v2\/posts\/10108","targetHints":{"allow":["GET"]}}],"collection":[{"href":"https:\/\/www.fcgueugnon.fr\/site\/wp-json\/wp\/v2\/posts"}],"about":[{"href":"https:\/\/www.fcgueugnon.fr\/site\/wp-json\/wp\/v2\/types\/post"}],"author":[{"embeddable":true,"href":"https:\/\/www.fcgueugnon.fr\/site\/wp-json\/wp\/v2\/users\/3"}],"replies":[{"embeddable":true,"href":"https:\/\/www.fcgueugnon.fr\/site\/wp-json\/wp\/v2\/comments?post=10108"}],"version-history":[{"count":3,"href":"https:\/\/www.fcgueugnon.fr\/site\/wp-json\/wp\/v2\/posts\/10108\/revisions"}],"predecessor-version":[{"id":10114,"href":"https:\/\/www.fcgueugnon.fr\/site\/wp-json\/wp\/v2\/posts\/10108\/revisions\/10114"}],"wp:featuredmedia":[{"embeddable":true,"href":"https:\/\/www.fcgueugnon.fr\/site\/wp-json\/wp\/v2\/media\/10109"}],"wp:attachment":[{"href":"https:\/\/www.fcgueugnon.fr\/site\/wp-json\/wp\/v2\/media?parent=10108"}],"wp:term":[{"taxonomy":"category","embeddable":true,"href":"https:\/\/www.fcgueugnon.fr\/site\/wp-json\/wp\/v2\/categories?post=10108"},{"taxonomy":"post_tag","embeddable":true,"href":"https:\/\/www.fcgueugnon.fr\/site\/wp-json\/wp\/v2\/tags?post=10108"}],"curies":[{"name":"wp","href":"https:\/\/api.w.org\/{rel}","templated":true}]}}