{"id":10102,"date":"2024-05-22T16:17:54","date_gmt":"2024-05-22T14:17:54","guid":{"rendered":"https:\/\/www.fcgueugnon.fr\/site\/?p=10102"},"modified":"2024-05-22T16:17:57","modified_gmt":"2024-05-22T14:17:57","slug":"agenda-week-end-du-25-et-26-mai-2024","status":"publish","type":"post","link":"https:\/\/www.fcgueugnon.fr\/site\/agenda-week-end-du-25-et-26-mai-2024\/10102","title":{"rendered":"[Agenda] Week-end du 25 et 26 Mai 2024"},"content":{"rendered":"\n<h2 class=\"wp-block-heading\">Au programme de nos forgerons ce week-end :<\/h2>\n\n\n\n<div style=\"height:35px\" aria-hidden=\"true\" class=\"wp-block-spacer\"><\/div>\n\n\n\n<h3 class=\"wp-block-heading blue-underline-title\">S\u00e9niors<\/h3>\n\n\n\n<p><em>Groupe Espoirs \u2013 R1 J21<br><\/em>Dimanche 26\/05 \u2013 15h00<br><strong>US Saint-Sernin \/ FC Gueugnon<\/strong><\/p>\n\n\n\n<div style=\"height:19px\" aria-hidden=\"true\" class=\"wp-block-spacer\"><\/div>\n\n\n\n<h3 class=\"wp-block-heading blue-underline-title\">Sport E.Leclerc Acad\u00e9mie<br><\/h3>\n\n\n\n<p><em>U18 \u2013 R1 J25<\/em><br>Samedi 25\/05 &#8211; 14h00<br><strong>FC Gueugnon \/ JS Cr\u00e8ches<\/strong><\/p>\n\n\n\n<p><em>U16 \u2013 R1 J21<\/em><br>Samedi 25\/05 &#8211; 15h30<br><strong>FC Gueugnon \/ AJ Auxerre<\/strong><\/p>\n\n\n\n<p><em>U15 \u2013 R1 J9<\/em><br>Samedi 25\/05 &#8211; 16h00<br><strong>FC Gueugnon \/ Jura Dolois<\/strong><\/p>\n\n\n\n<p class=\"has-contrast-color has-text-color has-link-color wp-elements-67174d307904b1407fb011404e3a7a53\"><em>U15F<\/em><br>Samedi 25\/05 &#8211; 13h30<br><strong>Crit\u00e9rium \u00e0 Louhans<\/strong><\/p>\n\n\n\n<p><em>U14 \u2013 R1 J9<\/em><br>Samedi 25\/05 &#8211; 12h00<br><strong>ASPTT Dijon \/ FC Gueugnon<\/strong><\/p>\n\n\n\n<p class=\"has-contrast-color has-text-color has-link-color wp-elements-1b5bb188c636a40b92f5935e79b5abd4\"><em>U13 \u2013 Inter Secteurs<\/em><strong><br><\/strong>Samedi 25\/05 &#8211; J9 &#8211; 15h00 <br><strong>FC Gueugnon \/ ASPTT Dijon<\/strong><\/p>\n\n\n\n<p class=\"has-contrast-color has-text-color has-link-color wp-elements-e812e22933c6f51ea7c9a0fffc4f2c08\"><em>U13 \u2013 D2<\/em><br>Samedi 25\/05 &#8211; 11h00<br><strong>FC Gueugnon \/ FC Montceau Bourgogne<\/strong><\/p>\n\n\n\n<p class=\"has-contrast-color has-text-color has-link-color wp-elements-1bf5bbe0789eae9952aac475a0dc44c1\"><em>U11 \u2013 Niveau 1<\/em><br>Samedi 25\/05 &#8211; 13h30<br><strong>FC Gueugnon \/ Paray Foot<\/strong><\/p>\n\n\n\n<p class=\"has-contrast-color has-text-color has-link-color wp-elements-e65372ab88dd370c43a609111aa19c22\"><em>U11 \u2013 Niveau 2<\/em><br>Samedi 25\/05 &#8211; 13h30<br><strong>FC Gueugnon \/ RCGM Saint-Agnan<\/strong><\/p>\n\n\n\n<p><em>U11 \u2013 Niveau 3<\/em><br>Samedi 25\/05 &#8211; 13h30<br><strong>CS Orions \/ FC Gueugnon<\/strong><\/p>\n\n\n\n<p class=\"has-contrast-color has-text-color has-link-color wp-elements-823a1ffc836bd787b279ff0ba067dad8\"><em>U08-U09<\/em><br>Samedi 25\/05 -10h30<br><strong>Plateau \u00e0 Bourbon-Lancy<\/strong><\/p>\n\n\n\n<p class=\"has-contrast-color has-text-color has-link-color wp-elements-4cefb08bfb55fc9ae014957492025a19\"><em>U09F<\/em><br>Samedi 25\/05 -10h00<br><strong>Plateau \u00e0 Champforgeuil<\/strong><\/p>\n\n\n\n<p class=\"has-contrast-color has-text-color has-link-color wp-elements-eb6b17e360c3c5f46c61ccf932c18a38\"><em>U06-U07<\/em><br>Samedi 25\/05 -10h30<br><strong>Plateau \u00e0 Gueugnon<\/strong><\/p>\n\n\n\n<div style=\"height:15px\" aria-hidden=\"true\" class=\"wp-block-spacer\"><\/div>\n\n\n\n<div style=\"height:15px\" aria-hidden=\"true\" class=\"wp-block-spacer\"><\/div>\n\n\n\n<h3 class=\"wp-block-heading blue-underline-title\">Arbitres<a id=\"\" href=\"https:\/\/footclubs.fff.fr\/extrafoot\/EX_DESIGNATIONS.DesignListe?CL_NO=2968&amp;IN_NO=&amp;CP_NO=&amp;PH_NO=&amp;PJ_DAT_DEB=03\/11\/2023&amp;PJ_DAT_FIN=17\/11\/2023&amp;LC_COD=&amp;CTXT=1&amp;SYMID=%04%24HAB%05IUD%04%24HAB2%05UID%04%24IMGPATH%05\/f2000\/img\/%04USR_NO%05289565%04USR_ORA%05GRICHELET%04%24LGC%051%04UTE_TYP_USR%05G%04PRF_NO%05173%04PRF_GESTION%05CELOP%04MULTIPROF%05O%04%24VIAM%05O%04APP_NOM%05EXTRA%04%24APP%05EXTRA%04CL_COD%05506791%04CL_NO%052968%04CG_NO%0530%04CG_NO_SUP%0551%04CG_NO_LIG%0551%04CS_DAT_DEB%0501\/07\/2023%04CS_DAT_FIN%0530\/06\/2024%04SA_NO%052023%04%24STT%05EXTRA%04%24CKICTXT%05FOOTCLUBS_CONTEXTE%04%24FIFA%05O%04%24ORG%05E%04%24NAV%05FF%04%24MSIE%050%04%24SCR%052%04%24%24TMPC%0520231107095625%04%24AJAX%05O%04%24OS%05Win32%04%24PROCTITRE%05Comp%E9titions%20%3E%20Arbitres%20d%E9sign%E9s%04%24POP%05N%04&amp;STRUCTGRD3=#\"><\/a><\/h3>\n\n\n\n<p style=\"text-decoration:underline\">Samedi 25\/05<\/p>\n\n\n\n<p><strong><strong>Yanis PETILLOT<\/strong><\/strong><br>U15 D2 : Vitry\/Molinet\/Ascl 1 &#8211; Paray U.S.C. 2<\/p>\n\n\n\n<p><strong><strong>Fabrice MUET<\/strong><\/strong><br>U18 D2 : Digoin F.C.A. 21 &#8211; St Serninoise Us 21<\/p>\n\n\n\n<p style=\"text-decoration:underline\">Dimanche 26\/05<\/p>\n\n\n\n<p><strong>Lucas MENAGER <\/strong><br>R3 : Macon Fc 1 &#8211; Cluny U.S. 1<\/p>\n\n\n\n<p><strong><strong>Fabrice MUET<\/strong><\/strong><br>D2 : St Bonnet La Guiche 2 &#8211; Us Charolles 1<\/p>\n\n\n\n<p><strong><strong>Mehdi OTMANI<\/strong><\/strong><br>D2 : Neuvy 2 &#8211; La Roche 1<\/p>\n\n\n\n<div style=\"height:47px\" aria-hidden=\"true\" class=\"wp-block-spacer mb-0\"><\/div>\n\n\n\n<h1 class=\"wp-block-heading has-text-align-center\">#ForgeronFamily<\/h1>\n","protected":false},"excerpt":{"rendered":"<p>Au programme de nos forgerons ce week-end : S\u00e9niors Groupe Espoirs \u2013 R1 J21Dimanche 26\/05 \u2013 15h00US Saint-Sernin \/ FC Gueugnon Sport E.Leclerc Acad\u00e9mie U18 \u2013 R1 J25Samedi 25\/05 &#8211; 14h00FC Gueugnon \/ JS Cr\u00e8ches U16 \u2013 R1 J21Samedi 25\/05 &#8211; 15h30FC Gueugnon \/ AJ Auxerre U15 \u2013 R1 J9Samedi 25\/05 &#8211; 16h00FC Gueugnon \/ &#8230; <\/p>\n<p class=\"read-more-container\"><a title=\"[Agenda] Week-end du 25 et 26 Mai 2024\" class=\"read-more button\" href=\"https:\/\/www.fcgueugnon.fr\/site\/agenda-week-end-du-25-et-26-mai-2024\/10102#more-10102\" aria-label=\"Plus sur [Agenda] Week-end du 25 et 26 Mai 2024\">Lire la suite<\/a><\/p>\n","protected":false},"author":3,"featured_media":5989,"comment_status":"closed","ping_status":"closed","sticky":false,"template":"","format":"standard","meta":{"footnotes":""},"categories":[4,55],"tags":[33,14],"class_list":["post-10102","post","type-post","status-publish","format-standard","has-post-thumbnail","hentry","category-news","category-news-2023-2024","tag-agenda","tag-sport-e-leclerc-academie-jeunes-formation","infinite-scroll-item","generate-columns","tablet-grid-50","mobile-grid-100","grid-parent","grid-25","resize-featured-image"],"yoast_head":"<!-- This site is optimized with the Yoast SEO plugin v26.6 - https:\/\/yoast.com\/wordpress\/plugins\/seo\/ -->\n<title>[Agenda] Week-end du 25 et 26 Mai 2024 &#8226; FOOTBALL CLUB GUEUGNON<\/title>\n<meta name=\"robots\" content=\"index, follow, max-snippet:-1, max-image-preview:large, max-video-preview:-1\" \/>\n<link rel=\"canonical\" href=\"https:\/\/www.fcgueugnon.fr\/site\/agenda-week-end-du-25-et-26-mai-2024\/10102\" \/>\n<meta property=\"og:locale\" content=\"fr_FR\" \/>\n<meta property=\"og:type\" content=\"article\" \/>\n<meta property=\"og:title\" content=\"[Agenda] Week-end du 25 et 26 Mai 2024 &#8226; FOOTBALL CLUB GUEUGNON\" \/>\n<meta property=\"og:description\" content=\"Au programme de nos forgerons ce week-end : S\u00e9niors Groupe Espoirs \u2013 R1 J21Dimanche 26\/05 \u2013 15h00US Saint-Sernin \/ FC Gueugnon Sport E.Leclerc Acad\u00e9mie U18 \u2013 R1 J25Samedi 25\/05 &#8211; 14h00FC Gueugnon \/ JS Cr\u00e8ches U16 \u2013 R1 J21Samedi 25\/05 &#8211; 15h30FC Gueugnon \/ AJ Auxerre U15 \u2013 R1 J9Samedi 25\/05 &#8211; 16h00FC Gueugnon \/ ... Lire la suite\" \/>\n<meta property=\"og:url\" content=\"https:\/\/www.fcgueugnon.fr\/site\/agenda-week-end-du-25-et-26-mai-2024\/10102\" \/>\n<meta property=\"og:site_name\" content=\"FOOTBALL CLUB GUEUGNON\" \/>\n<meta property=\"article:publisher\" content=\"http:\/\/facebook.com\/FCGueugnon\" \/>\n<meta property=\"article:published_time\" content=\"2024-05-22T14:17:54+00:00\" \/>\n<meta property=\"article:modified_time\" content=\"2024-05-22T14:17:57+00:00\" \/>\n<meta property=\"og:image\" content=\"https:\/\/www.fcgueugnon.fr\/site\/wp-content\/uploads\/2023\/08\/visu-agenda.png\" \/>\n\t<meta property=\"og:image:width\" content=\"1564\" \/>\n\t<meta property=\"og:image:height\" content=\"880\" \/>\n\t<meta property=\"og:image:type\" content=\"image\/png\" \/>\n<meta name=\"author\" content=\"FC Gueugnon\" \/>\n<meta name=\"twitter:card\" content=\"summary_large_image\" \/>\n<meta name=\"twitter:creator\" content=\"@FCGueugnon_off\" \/>\n<meta name=\"twitter:site\" content=\"@FCGueugnon_off\" \/>\n<meta name=\"twitter:label1\" content=\"\u00c9crit par\" \/>\n\t<meta name=\"twitter:data1\" content=\"FC Gueugnon\" \/>\n\t<meta name=\"twitter:label2\" content=\"Dur\u00e9e de lecture estim\u00e9e\" \/>\n\t<meta name=\"twitter:data2\" content=\"2 minutes\" \/>\n<script type=\"application\/ld+json\" class=\"yoast-schema-graph\">{\"@context\":\"https:\/\/schema.org\",\"@graph\":[{\"@type\":\"Article\",\"@id\":\"https:\/\/www.fcgueugnon.fr\/site\/agenda-week-end-du-25-et-26-mai-2024\/10102#article\",\"isPartOf\":{\"@id\":\"https:\/\/www.fcgueugnon.fr\/site\/agenda-week-end-du-25-et-26-mai-2024\/10102\"},\"author\":{\"name\":\"FC Gueugnon\",\"@id\":\"https:\/\/www.fcgueugnon.fr\/site\/#\/schema\/person\/829630bfb5d6f3ebe4d296b75687c01a\"},\"headline\":\"[Agenda] Week-end du 25 et 26 Mai 2024\",\"datePublished\":\"2024-05-22T14:17:54+00:00\",\"dateModified\":\"2024-05-22T14:17:57+00:00\",\"mainEntityOfPage\":{\"@id\":\"https:\/\/www.fcgueugnon.fr\/site\/agenda-week-end-du-25-et-26-mai-2024\/10102\"},\"wordCount\":202,\"publisher\":{\"@id\":\"https:\/\/www.fcgueugnon.fr\/site\/#organization\"},\"image\":{\"@id\":\"https:\/\/www.fcgueugnon.fr\/site\/agenda-week-end-du-25-et-26-mai-2024\/10102#primaryimage\"},\"thumbnailUrl\":\"https:\/\/www.fcgueugnon.fr\/site\/wp-content\/uploads\/2023\/08\/visu-agenda.png\",\"keywords\":[\"Agenda\",\"Sport E.Leclerc Acad\u00e9mie : Jeunes \/ Formation\"],\"articleSection\":[\"News\",\"News 2023\/2024\"],\"inLanguage\":\"fr-FR\"},{\"@type\":\"WebPage\",\"@id\":\"https:\/\/www.fcgueugnon.fr\/site\/agenda-week-end-du-25-et-26-mai-2024\/10102\",\"url\":\"https:\/\/www.fcgueugnon.fr\/site\/agenda-week-end-du-25-et-26-mai-2024\/10102\",\"name\":\"[Agenda] Week-end du 25 et 26 Mai 2024 &#8226; FOOTBALL CLUB GUEUGNON\",\"isPartOf\":{\"@id\":\"https:\/\/www.fcgueugnon.fr\/site\/#website\"},\"primaryImageOfPage\":{\"@id\":\"https:\/\/www.fcgueugnon.fr\/site\/agenda-week-end-du-25-et-26-mai-2024\/10102#primaryimage\"},\"image\":{\"@id\":\"https:\/\/www.fcgueugnon.fr\/site\/agenda-week-end-du-25-et-26-mai-2024\/10102#primaryimage\"},\"thumbnailUrl\":\"https:\/\/www.fcgueugnon.fr\/site\/wp-content\/uploads\/2023\/08\/visu-agenda.png\",\"datePublished\":\"2024-05-22T14:17:54+00:00\",\"dateModified\":\"2024-05-22T14:17:57+00:00\",\"breadcrumb\":{\"@id\":\"https:\/\/www.fcgueugnon.fr\/site\/agenda-week-end-du-25-et-26-mai-2024\/10102#breadcrumb\"},\"inLanguage\":\"fr-FR\",\"potentialAction\":[{\"@type\":\"ReadAction\",\"target\":[\"https:\/\/www.fcgueugnon.fr\/site\/agenda-week-end-du-25-et-26-mai-2024\/10102\"]}]},{\"@type\":\"ImageObject\",\"inLanguage\":\"fr-FR\",\"@id\":\"https:\/\/www.fcgueugnon.fr\/site\/agenda-week-end-du-25-et-26-mai-2024\/10102#primaryimage\",\"url\":\"https:\/\/www.fcgueugnon.fr\/site\/wp-content\/uploads\/2023\/08\/visu-agenda.png\",\"contentUrl\":\"https:\/\/www.fcgueugnon.fr\/site\/wp-content\/uploads\/2023\/08\/visu-agenda.png\",\"width\":1564,\"height\":880},{\"@type\":\"BreadcrumbList\",\"@id\":\"https:\/\/www.fcgueugnon.fr\/site\/agenda-week-end-du-25-et-26-mai-2024\/10102#breadcrumb\",\"itemListElement\":[{\"@type\":\"ListItem\",\"position\":1,\"name\":\"Accueil\",\"item\":\"https:\/\/www.fcgueugnon.fr\/site\/\"},{\"@type\":\"ListItem\",\"position\":2,\"name\":\"[Agenda] Week-end du 25 et 26 Mai 2024\"}]},{\"@type\":\"WebSite\",\"@id\":\"https:\/\/www.fcgueugnon.fr\/site\/#website\",\"url\":\"https:\/\/www.fcgueugnon.fr\/site\/\",\"name\":\"FOOTBALL CLUB GUEUGNON\",\"description\":\"Le Site Officiel des Forgerons\",\"publisher\":{\"@id\":\"https:\/\/www.fcgueugnon.fr\/site\/#organization\"},\"potentialAction\":[{\"@type\":\"SearchAction\",\"target\":{\"@type\":\"EntryPoint\",\"urlTemplate\":\"https:\/\/www.fcgueugnon.fr\/site\/?s={search_term_string}\"},\"query-input\":{\"@type\":\"PropertyValueSpecification\",\"valueRequired\":true,\"valueName\":\"search_term_string\"}}],\"inLanguage\":\"fr-FR\"},{\"@type\":\"Organization\",\"@id\":\"https:\/\/www.fcgueugnon.fr\/site\/#organization\",\"name\":\"FC Gueugnon\",\"url\":\"https:\/\/www.fcgueugnon.fr\/site\/\",\"logo\":{\"@type\":\"ImageObject\",\"inLanguage\":\"fr-FR\",\"@id\":\"https:\/\/www.fcgueugnon.fr\/site\/#\/schema\/logo\/image\/\",\"url\":\"https:\/\/www.fcgueugnon.fr\/site\/wp-content\/uploads\/2022\/07\/cropped-Logo-FCGUEUGNON-low-350x350-1.png\",\"contentUrl\":\"https:\/\/www.fcgueugnon.fr\/site\/wp-content\/uploads\/2022\/07\/cropped-Logo-FCGUEUGNON-low-350x350-1.png\",\"width\":350,\"height\":350,\"caption\":\"FC Gueugnon\"},\"image\":{\"@id\":\"https:\/\/www.fcgueugnon.fr\/site\/#\/schema\/logo\/image\/\"},\"sameAs\":[\"http:\/\/facebook.com\/FCGueugnon\",\"https:\/\/x.com\/FCGueugnon_off\",\"https:\/\/www.instagram.com\/fcgueugnon\/\",\"https:\/\/www.linkedin.com\/company\/football-club-de-gueugnon\/\",\"https:\/\/www.youtube.com\/user\/FCGueugnonnais\",\"https:\/\/fr.wikipedia.org\/wiki\/Football_Club_de_Gueugnon\"]},{\"@type\":\"Person\",\"@id\":\"https:\/\/www.fcgueugnon.fr\/site\/#\/schema\/person\/829630bfb5d6f3ebe4d296b75687c01a\",\"name\":\"FC Gueugnon\",\"url\":\"https:\/\/www.fcgueugnon.fr\/site\/author\/g-avin1\"}]}<\/script>\n<!-- \/ Yoast SEO plugin. -->","yoast_head_json":{"title":"[Agenda] Week-end du 25 et 26 Mai 2024 &#8226; FOOTBALL CLUB GUEUGNON","robots":{"index":"index","follow":"follow","max-snippet":"max-snippet:-1","max-image-preview":"max-image-preview:large","max-video-preview":"max-video-preview:-1"},"canonical":"https:\/\/www.fcgueugnon.fr\/site\/agenda-week-end-du-25-et-26-mai-2024\/10102","og_locale":"fr_FR","og_type":"article","og_title":"[Agenda] Week-end du 25 et 26 Mai 2024 &#8226; FOOTBALL CLUB GUEUGNON","og_description":"Au programme de nos forgerons ce week-end : S\u00e9niors Groupe Espoirs \u2013 R1 J21Dimanche 26\/05 \u2013 15h00US Saint-Sernin \/ FC Gueugnon Sport E.Leclerc Acad\u00e9mie U18 \u2013 R1 J25Samedi 25\/05 &#8211; 14h00FC Gueugnon \/ JS Cr\u00e8ches U16 \u2013 R1 J21Samedi 25\/05 &#8211; 15h30FC Gueugnon \/ AJ Auxerre U15 \u2013 R1 J9Samedi 25\/05 &#8211; 16h00FC Gueugnon \/ ... Lire la suite","og_url":"https:\/\/www.fcgueugnon.fr\/site\/agenda-week-end-du-25-et-26-mai-2024\/10102","og_site_name":"FOOTBALL CLUB GUEUGNON","article_publisher":"http:\/\/facebook.com\/FCGueugnon","article_published_time":"2024-05-22T14:17:54+00:00","article_modified_time":"2024-05-22T14:17:57+00:00","og_image":[{"width":1564,"height":880,"url":"https:\/\/www.fcgueugnon.fr\/site\/wp-content\/uploads\/2023\/08\/visu-agenda.png","type":"image\/png"}],"author":"FC Gueugnon","twitter_card":"summary_large_image","twitter_creator":"@FCGueugnon_off","twitter_site":"@FCGueugnon_off","twitter_misc":{"\u00c9crit par":"FC Gueugnon","Dur\u00e9e de lecture estim\u00e9e":"2 minutes"},"schema":{"@context":"https:\/\/schema.org","@graph":[{"@type":"Article","@id":"https:\/\/www.fcgueugnon.fr\/site\/agenda-week-end-du-25-et-26-mai-2024\/10102#article","isPartOf":{"@id":"https:\/\/www.fcgueugnon.fr\/site\/agenda-week-end-du-25-et-26-mai-2024\/10102"},"author":{"name":"FC Gueugnon","@id":"https:\/\/www.fcgueugnon.fr\/site\/#\/schema\/person\/829630bfb5d6f3ebe4d296b75687c01a"},"headline":"[Agenda] Week-end du 25 et 26 Mai 2024","datePublished":"2024-05-22T14:17:54+00:00","dateModified":"2024-05-22T14:17:57+00:00","mainEntityOfPage":{"@id":"https:\/\/www.fcgueugnon.fr\/site\/agenda-week-end-du-25-et-26-mai-2024\/10102"},"wordCount":202,"publisher":{"@id":"https:\/\/www.fcgueugnon.fr\/site\/#organization"},"image":{"@id":"https:\/\/www.fcgueugnon.fr\/site\/agenda-week-end-du-25-et-26-mai-2024\/10102#primaryimage"},"thumbnailUrl":"https:\/\/www.fcgueugnon.fr\/site\/wp-content\/uploads\/2023\/08\/visu-agenda.png","keywords":["Agenda","Sport E.Leclerc Acad\u00e9mie : Jeunes \/ Formation"],"articleSection":["News","News 2023\/2024"],"inLanguage":"fr-FR"},{"@type":"WebPage","@id":"https:\/\/www.fcgueugnon.fr\/site\/agenda-week-end-du-25-et-26-mai-2024\/10102","url":"https:\/\/www.fcgueugnon.fr\/site\/agenda-week-end-du-25-et-26-mai-2024\/10102","name":"[Agenda] Week-end du 25 et 26 Mai 2024 &#8226; FOOTBALL CLUB GUEUGNON","isPartOf":{"@id":"https:\/\/www.fcgueugnon.fr\/site\/#website"},"primaryImageOfPage":{"@id":"https:\/\/www.fcgueugnon.fr\/site\/agenda-week-end-du-25-et-26-mai-2024\/10102#primaryimage"},"image":{"@id":"https:\/\/www.fcgueugnon.fr\/site\/agenda-week-end-du-25-et-26-mai-2024\/10102#primaryimage"},"thumbnailUrl":"https:\/\/www.fcgueugnon.fr\/site\/wp-content\/uploads\/2023\/08\/visu-agenda.png","datePublished":"2024-05-22T14:17:54+00:00","dateModified":"2024-05-22T14:17:57+00:00","breadcrumb":{"@id":"https:\/\/www.fcgueugnon.fr\/site\/agenda-week-end-du-25-et-26-mai-2024\/10102#breadcrumb"},"inLanguage":"fr-FR","potentialAction":[{"@type":"ReadAction","target":["https:\/\/www.fcgueugnon.fr\/site\/agenda-week-end-du-25-et-26-mai-2024\/10102"]}]},{"@type":"ImageObject","inLanguage":"fr-FR","@id":"https:\/\/www.fcgueugnon.fr\/site\/agenda-week-end-du-25-et-26-mai-2024\/10102#primaryimage","url":"https:\/\/www.fcgueugnon.fr\/site\/wp-content\/uploads\/2023\/08\/visu-agenda.png","contentUrl":"https:\/\/www.fcgueugnon.fr\/site\/wp-content\/uploads\/2023\/08\/visu-agenda.png","width":1564,"height":880},{"@type":"BreadcrumbList","@id":"https:\/\/www.fcgueugnon.fr\/site\/agenda-week-end-du-25-et-26-mai-2024\/10102#breadcrumb","itemListElement":[{"@type":"ListItem","position":1,"name":"Accueil","item":"https:\/\/www.fcgueugnon.fr\/site\/"},{"@type":"ListItem","position":2,"name":"[Agenda] Week-end du 25 et 26 Mai 2024"}]},{"@type":"WebSite","@id":"https:\/\/www.fcgueugnon.fr\/site\/#website","url":"https:\/\/www.fcgueugnon.fr\/site\/","name":"FOOTBALL CLUB GUEUGNON","description":"Le Site Officiel des Forgerons","publisher":{"@id":"https:\/\/www.fcgueugnon.fr\/site\/#organization"},"potentialAction":[{"@type":"SearchAction","target":{"@type":"EntryPoint","urlTemplate":"https:\/\/www.fcgueugnon.fr\/site\/?s={search_term_string}"},"query-input":{"@type":"PropertyValueSpecification","valueRequired":true,"valueName":"search_term_string"}}],"inLanguage":"fr-FR"},{"@type":"Organization","@id":"https:\/\/www.fcgueugnon.fr\/site\/#organization","name":"FC Gueugnon","url":"https:\/\/www.fcgueugnon.fr\/site\/","logo":{"@type":"ImageObject","inLanguage":"fr-FR","@id":"https:\/\/www.fcgueugnon.fr\/site\/#\/schema\/logo\/image\/","url":"https:\/\/www.fcgueugnon.fr\/site\/wp-content\/uploads\/2022\/07\/cropped-Logo-FCGUEUGNON-low-350x350-1.png","contentUrl":"https:\/\/www.fcgueugnon.fr\/site\/wp-content\/uploads\/2022\/07\/cropped-Logo-FCGUEUGNON-low-350x350-1.png","width":350,"height":350,"caption":"FC Gueugnon"},"image":{"@id":"https:\/\/www.fcgueugnon.fr\/site\/#\/schema\/logo\/image\/"},"sameAs":["http:\/\/facebook.com\/FCGueugnon","https:\/\/x.com\/FCGueugnon_off","https:\/\/www.instagram.com\/fcgueugnon\/","https:\/\/www.linkedin.com\/company\/football-club-de-gueugnon\/","https:\/\/www.youtube.com\/user\/FCGueugnonnais","https:\/\/fr.wikipedia.org\/wiki\/Football_Club_de_Gueugnon"]},{"@type":"Person","@id":"https:\/\/www.fcgueugnon.fr\/site\/#\/schema\/person\/829630bfb5d6f3ebe4d296b75687c01a","name":"FC Gueugnon","url":"https:\/\/www.fcgueugnon.fr\/site\/author\/g-avin1"}]}},"rttpg_featured_image_url":{"full":["https:\/\/www.fcgueugnon.fr\/site\/wp-content\/uploads\/2023\/08\/visu-agenda.png",1564,880,false],"landscape":["https:\/\/www.fcgueugnon.fr\/site\/wp-content\/uploads\/2023\/08\/visu-agenda.png",1564,880,false],"portraits":["https:\/\/www.fcgueugnon.fr\/site\/wp-content\/uploads\/2023\/08\/visu-agenda.png",1564,880,false],"thumbnail":["https:\/\/www.fcgueugnon.fr\/site\/wp-content\/uploads\/2023\/08\/visu-agenda-150x150.png",150,150,true],"medium":["https:\/\/www.fcgueugnon.fr\/site\/wp-content\/uploads\/2023\/08\/visu-agenda-400x225.png",400,225,true],"large":["https:\/\/www.fcgueugnon.fr\/site\/wp-content\/uploads\/2023\/08\/visu-agenda-1024x576.png",1024,576,true],"1536x1536":["https:\/\/www.fcgueugnon.fr\/site\/wp-content\/uploads\/2023\/08\/visu-agenda-1536x864.png",1536,864,true],"2048x2048":["https:\/\/www.fcgueugnon.fr\/site\/wp-content\/uploads\/2023\/08\/visu-agenda.png",1564,880,false]},"rttpg_author":{"display_name":"FC Gueugnon","author_link":"https:\/\/www.fcgueugnon.fr\/site\/author\/g-avin1"},"rttpg_comment":0,"rttpg_category":"<a href=\"https:\/\/www.fcgueugnon.fr\/site\/category\/news\" rel=\"category tag\">News<\/a> <a href=\"https:\/\/www.fcgueugnon.fr\/site\/category\/news\/news-2023-2024\" rel=\"category tag\">News 2023\/2024<\/a>","rttpg_excerpt":"Au programme de nos forgerons ce week-end : S\u00e9niors Groupe Espoirs \u2013 R1 J21Dimanche 26\/05 \u2013 15h00US Saint-Sernin \/ FC Gueugnon Sport E.Leclerc Acad\u00e9mie U18 \u2013 R1 J25Samedi 25\/05 &#8211; 14h00FC Gueugnon \/ JS Cr\u00e8ches U16 \u2013 R1 J21Samedi 25\/05 &#8211; 15h30FC Gueugnon \/ AJ Auxerre U15 \u2013 R1 J9Samedi 25\/05 &#8211; 16h00FC Gueugnon \/\u2026","_links":{"self":[{"href":"https:\/\/www.fcgueugnon.fr\/site\/wp-json\/wp\/v2\/posts\/10102","targetHints":{"allow":["GET"]}}],"collection":[{"href":"https:\/\/www.fcgueugnon.fr\/site\/wp-json\/wp\/v2\/posts"}],"about":[{"href":"https:\/\/www.fcgueugnon.fr\/site\/wp-json\/wp\/v2\/types\/post"}],"author":[{"embeddable":true,"href":"https:\/\/www.fcgueugnon.fr\/site\/wp-json\/wp\/v2\/users\/3"}],"replies":[{"embeddable":true,"href":"https:\/\/www.fcgueugnon.fr\/site\/wp-json\/wp\/v2\/comments?post=10102"}],"version-history":[{"count":1,"href":"https:\/\/www.fcgueugnon.fr\/site\/wp-json\/wp\/v2\/posts\/10102\/revisions"}],"predecessor-version":[{"id":10103,"href":"https:\/\/www.fcgueugnon.fr\/site\/wp-json\/wp\/v2\/posts\/10102\/revisions\/10103"}],"wp:featuredmedia":[{"embeddable":true,"href":"https:\/\/www.fcgueugnon.fr\/site\/wp-json\/wp\/v2\/media\/5989"}],"wp:attachment":[{"href":"https:\/\/www.fcgueugnon.fr\/site\/wp-json\/wp\/v2\/media?parent=10102"}],"wp:term":[{"taxonomy":"category","embeddable":true,"href":"https:\/\/www.fcgueugnon.fr\/site\/wp-json\/wp\/v2\/categories?post=10102"},{"taxonomy":"post_tag","embeddable":true,"href":"https:\/\/www.fcgueugnon.fr\/site\/wp-json\/wp\/v2\/tags?post=10102"}],"curies":[{"name":"wp","href":"https:\/\/api.w.org\/{rel}","templated":true}]}}